{"id":347217,"date":"2025-02-06T00:00:15","date_gmt":"2025-02-06T03:00:15","guid":{"rendered":"https:\/\/www.notibras.com\/site\/?p=347217"},"modified":"2025-02-06T05:39:03","modified_gmt":"2025-02-06T08:39:03","slug":"governador-do-piaui-assume-presidencia-do-consorcio-nordeste","status":"publish","type":"post","link":"https:\/\/www.notibras.com\/site\/governador-do-piaui-assume-presidencia-do-consorcio-nordeste\/","title":{"rendered":"Governador do Piau\u00ed assume presid\u00eancia do Cons\u00f3rcio Nordeste"},"content":{"rendered":"<p>O Cons\u00f3rcio do Nordeste, entidade que re\u00fane os nove estados da regi\u00e3o, deu posse nesta quarta-feira (5) ao novo presidente, o governador Rafael Fonteles (PT), do Piau\u00ed, em uma cerim\u00f4nia em Bras\u00edlia. Ele sucede a governadora F\u00e1tima Bezerra (PT), que esteve \u00e0 frente do grupo ao longo do ano passado.<\/p>\n<p>&#8220;\u00c9 uma imensa honra assumir a lideran\u00e7a do Cons\u00f3rcio do Nordeste em um momento t\u00e3o decisivo para a nossa regi\u00e3o. Com coragem e empenho, continuaremos promovendo a\u00e7\u00f5es que valorizem nossas potencialidades, estimulem o crescimento econ\u00f4mico e fortale\u00e7am nosso compromisso com a equidade social&#8221;, escreveu o governador em suas redes sociais. Temas como sustentabilidade, seguran\u00e7a e economia est\u00e3o entre as prioridades do mandato de Fonteles, que vai at\u00e9 dezembro deste ano.<\/p>\n<p>Criado em 2019, o Cons\u00f3rcio Nordeste busca promover a integra\u00e7\u00e3o regional, articular pol\u00edticas p\u00fablicas integradas, atrair investimentos, realizar compras compartilhadas e estimular o desenvolvimento e o bem-estar da regi\u00e3o.<\/p>\n<p>Durante o evento que marcou a posse de Fonteles, foi assinado um memorando de entendimento entre o Cons\u00f3rcio Nordeste e o Minist\u00e9rio da Fazenda, em torno da agenda da Transforma\u00e7\u00e3o Ecol\u00f3gica do governo federal. A solenidade contou com a presen\u00e7a de ministros do governo, como Fernando Haddad (Fazenda) e Alexandre Silveira (Minas e Energia).<\/p>\n<p><strong>Reuni\u00e3o no Planalto<\/strong><br \/>\nNo fim da tarde, seis dos nove governadores e outros tr\u00eas vice-governadores foram recebidos pelo presidente Luiz In\u00e1cio Lula da Silva, no Pal\u00e1cio do Planalto.<\/p>\n<p>&#8220;Desejei um bom trabalho ao governador do Piau\u00ed e novo presidente do Cons\u00f3rcio Nordeste, Rafael Fonteles, que ter\u00e1 como foco de sua gest\u00e3o a sustentabilidade, a seguran\u00e7a, a sa\u00fade e a economia da regi\u00e3o. Conte com o apoio do governo federal&#8221;, escreveu o presidente em postagem nas redes sociais.<\/p>\n<p><strong>Perfil<\/strong><br \/>\nRafael Fonteles tem 39 anos e iniciou a carreira pol\u00edtica como secret\u00e1rio da Fazenda do Piau\u00ed (2015-2022), quando coordenou o Pr\u00f3-Piau\u00ed, programa de investimento com foco no eixo social e no desenvolvimento econ\u00f4mico. Em 2022, foi eleito governador do Piau\u00ed, com a maior vota\u00e7\u00e3o da hist\u00f3ria pol\u00edtica do estado.<\/p>\n<p>Fonteles \u00e9 bacharel em Matem\u00e1tica pela Universidade Federal do Piau\u00ed (UFPI) e mestre em Economia Matem\u00e1tica pelo Instituto Nacional de Matem\u00e1tica Pura e Aplicada (IMPA).<\/p>\n","protected":false},"excerpt":{"rendered":"<p>O Cons\u00f3rcio do Nordeste, entidade que re\u00fane os nove estados da regi\u00e3o, deu posse nesta quarta-feira (5) ao novo presidente, o governador Rafael Fonteles (PT), do Piau\u00ed, em uma cerim\u00f4nia em Bras\u00edlia. Ele sucede a governadora F\u00e1tima Bezerra (PT), que esteve \u00e0 frente do grupo ao longo do ano passado. &#8220;\u00c9 uma imensa honra assumir [&hellip;]<\/p>\n","protected":false},"author":2,"featured_media":347218,"comment_status":"closed","ping_status":"closed","sticky":false,"template":"","format":"standard","meta":{"_acf_changed":false,"footnotes":""},"categories":[165],"tags":[],"class_list":["post-347217","post","type-post","status-publish","format-standard","has-post-thumbnail","hentry","category-nordeste"],"acf":[],"yoast_head":"<!-- This site is optimized with the Yoast SEO plugin v27.2 - https:\/\/yoast.com\/product\/yoast-seo-wordpress\/ -->\n<title>Governador do Piau\u00ed assume presid\u00eancia do Cons\u00f3rcio Nordeste - Notibras<\/title>\n<meta name=\"robots\" content=\"index, follow, max-snippet:-1, max-image-preview:large, max-video-preview:-1\" \/>\n<link rel=\"canonical\" href=\"https:\/\/www.notibras.com\/site\/governador-do-piaui-assume-presidencia-do-consorcio-nordeste\/\" \/>\n<meta property=\"og:locale\" content=\"pt_BR\" \/>\n<meta property=\"og:type\" content=\"article\" \/>\n<meta property=\"og:title\" content=\"Governador do Piau\u00ed assume presid\u00eancia do Cons\u00f3rcio Nordeste - Notibras\" \/>\n<meta property=\"og:description\" content=\"O Cons\u00f3rcio do Nordeste, entidade que re\u00fane os nove estados da regi\u00e3o, deu posse nesta quarta-feira (5) ao novo presidente, o governador Rafael Fonteles (PT), do Piau\u00ed, em uma cerim\u00f4nia em Bras\u00edlia. Ele sucede a governadora F\u00e1tima Bezerra (PT), que esteve \u00e0 frente do grupo ao longo do ano passado. &#8220;\u00c9 uma imensa honra assumir [&hellip;]\" \/>\n<meta property=\"og:url\" content=\"https:\/\/www.notibras.com\/site\/governador-do-piaui-assume-presidencia-do-consorcio-nordeste\/\" \/>\n<meta property=\"og:site_name\" content=\"Notibras\" \/>\n<meta property=\"article:publisher\" content=\"https:\/\/www.facebook.com\/notibras\/\" \/>\n<meta property=\"article:published_time\" content=\"2025-02-06T03:00:15+00:00\" \/>\n<meta property=\"article:modified_time\" content=\"2025-02-06T08:39:03+00:00\" \/>\n<meta property=\"og:image\" content=\"https:\/\/www.notibras.com\/site\/wp-content\/uploads\/2025\/02\/rafaelfontelles.webp\" \/>\n\t<meta property=\"og:image:width\" content=\"1170\" \/>\n\t<meta property=\"og:image:height\" content=\"700\" \/>\n\t<meta property=\"og:image:type\" content=\"image\/webp\" \/>\n<meta name=\"author\" content=\"Reda\u00e7\u00e3o\" \/>\n<meta name=\"twitter:card\" content=\"summary_large_image\" \/>\n<meta name=\"twitter:creator\" content=\"@Notibras\" \/>\n<meta name=\"twitter:site\" content=\"@Notibras\" \/>\n<meta name=\"twitter:label1\" content=\"Escrito por\" \/>\n\t<meta name=\"twitter:data1\" content=\"Reda\u00e7\u00e3o\" \/>\n\t<meta name=\"twitter:label2\" content=\"Est. tempo de leitura\" \/>\n\t<meta name=\"twitter:data2\" content=\"3 minutos\" \/>\n<script type=\"application\/ld+json\" class=\"yoast-schema-graph\">{\"@context\":\"https:\/\/schema.org\",\"@graph\":[{\"@type\":\"Article\",\"@id\":\"https:\/\/www.notibras.com\/site\/governador-do-piaui-assume-presidencia-do-consorcio-nordeste\/#article\",\"isPartOf\":{\"@id\":\"https:\/\/www.notibras.com\/site\/governador-do-piaui-assume-presidencia-do-consorcio-nordeste\/\"},\"author\":{\"name\":\"Reda\u00e7\u00e3o\",\"@id\":\"https:\/\/www.notibras.com\/site\/#\/schema\/person\/36ab0979449956132d3e5b517ea76ac8\"},\"headline\":\"Governador do Piau\u00ed assume presid\u00eancia do Cons\u00f3rcio Nordeste\",\"datePublished\":\"2025-02-06T03:00:15+00:00\",\"dateModified\":\"2025-02-06T08:39:03+00:00\",\"mainEntityOfPage\":{\"@id\":\"https:\/\/www.notibras.com\/site\/governador-do-piaui-assume-presidencia-do-consorcio-nordeste\/\"},\"wordCount\":402,\"publisher\":{\"@id\":\"https:\/\/www.notibras.com\/site\/#organization\"},\"image\":{\"@id\":\"https:\/\/www.notibras.com\/site\/governador-do-piaui-assume-presidencia-do-consorcio-nordeste\/#primaryimage\"},\"thumbnailUrl\":\"https:\/\/www.notibras.com\/site\/wp-content\/uploads\/2025\/02\/rafaelfontelles.webp\",\"articleSection\":[\"Nordeste\"],\"inLanguage\":\"pt-BR\"},{\"@type\":\"WebPage\",\"@id\":\"https:\/\/www.notibras.com\/site\/governador-do-piaui-assume-presidencia-do-consorcio-nordeste\/\",\"url\":\"https:\/\/www.notibras.com\/site\/governador-do-piaui-assume-presidencia-do-consorcio-nordeste\/\",\"name\":\"Governador do Piau\u00ed assume presid\u00eancia do Cons\u00f3rcio Nordeste - Notibras\",\"isPartOf\":{\"@id\":\"https:\/\/www.notibras.com\/site\/#website\"},\"primaryImageOfPage\":{\"@id\":\"https:\/\/www.notibras.com\/site\/governador-do-piaui-assume-presidencia-do-consorcio-nordeste\/#primaryimage\"},\"image\":{\"@id\":\"https:\/\/www.notibras.com\/site\/governador-do-piaui-assume-presidencia-do-consorcio-nordeste\/#primaryimage\"},\"thumbnailUrl\":\"https:\/\/www.notibras.com\/site\/wp-content\/uploads\/2025\/02\/rafaelfontelles.webp\",\"datePublished\":\"2025-02-06T03:00:15+00:00\",\"dateModified\":\"2025-02-06T08:39:03+00:00\",\"breadcrumb\":{\"@id\":\"https:\/\/www.notibras.com\/site\/governador-do-piaui-assume-presidencia-do-consorcio-nordeste\/#breadcrumb\"},\"inLanguage\":\"pt-BR\",\"potentialAction\":[{\"@type\":\"ReadAction\",\"target\":[\"https:\/\/www.notibras.com\/site\/governador-do-piaui-assume-presidencia-do-consorcio-nordeste\/\"]}]},{\"@type\":\"ImageObject\",\"inLanguage\":\"pt-BR\",\"@id\":\"https:\/\/www.notibras.com\/site\/governador-do-piaui-assume-presidencia-do-consorcio-nordeste\/#primaryimage\",\"url\":\"https:\/\/www.notibras.com\/site\/wp-content\/uploads\/2025\/02\/rafaelfontelles.webp\",\"contentUrl\":\"https:\/\/www.notibras.com\/site\/wp-content\/uploads\/2025\/02\/rafaelfontelles.webp\",\"width\":1170,\"height\":700},{\"@type\":\"BreadcrumbList\",\"@id\":\"https:\/\/www.notibras.com\/site\/governador-do-piaui-assume-presidencia-do-consorcio-nordeste\/#breadcrumb\",\"itemListElement\":[{\"@type\":\"ListItem\",\"position\":1,\"name\":\"In\u00edcio\",\"item\":\"https:\/\/www.notibras.com\/site\/\"},{\"@type\":\"ListItem\",\"position\":2,\"name\":\"Governador do Piau\u00ed assume presid\u00eancia do Cons\u00f3rcio Nordeste\"}]},{\"@type\":\"WebSite\",\"@id\":\"https:\/\/www.notibras.com\/site\/#website\",\"url\":\"https:\/\/www.notibras.com\/site\/\",\"name\":\"Notibras\",\"description\":\"Not\u00edcias de Bras\u00edlia, do Brasil e do Mundo\",\"publisher\":{\"@id\":\"https:\/\/www.notibras.com\/site\/#organization\"},\"potentialAction\":[{\"@type\":\"SearchAction\",\"target\":{\"@type\":\"EntryPoint\",\"urlTemplate\":\"https:\/\/www.notibras.com\/site\/?s={search_term_string}\"},\"query-input\":{\"@type\":\"PropertyValueSpecification\",\"valueRequired\":true,\"valueName\":\"search_term_string\"}}],\"inLanguage\":\"pt-BR\"},{\"@type\":\"Organization\",\"@id\":\"https:\/\/www.notibras.com\/site\/#organization\",\"name\":\"Grupo Notibras de Comunica\u00e7\u00e3o\",\"url\":\"https:\/\/www.notibras.com\/site\/\",\"logo\":{\"@type\":\"ImageObject\",\"inLanguage\":\"pt-BR\",\"@id\":\"https:\/\/www.notibras.com\/site\/#\/schema\/logo\/image\/\",\"url\":\"https:\/\/www.notibras.com\/site\/wp-content\/uploads\/2023\/01\/notibras23.png\",\"contentUrl\":\"https:\/\/www.notibras.com\/site\/wp-content\/uploads\/2023\/01\/notibras23.png\",\"width\":350,\"height\":87,\"caption\":\"Grupo Notibras de Comunica\u00e7\u00e3o\"},\"image\":{\"@id\":\"https:\/\/www.notibras.com\/site\/#\/schema\/logo\/image\/\"},\"sameAs\":[\"https:\/\/www.facebook.com\/notibras\/\",\"https:\/\/x.com\/Notibras\",\"https:\/\/www.instagram.com\/notibras\/\"]},{\"@type\":\"Person\",\"@id\":\"https:\/\/www.notibras.com\/site\/#\/schema\/person\/36ab0979449956132d3e5b517ea76ac8\",\"name\":\"Reda\u00e7\u00e3o\",\"image\":{\"@type\":\"ImageObject\",\"inLanguage\":\"pt-BR\",\"@id\":\"https:\/\/secure.gravatar.com\/avatar\/e0a867bdedb85fd243eadf09663511f96fc81e0720a4a42581f334ad4303aa6b?s=96&d=mm&r=g\",\"url\":\"https:\/\/secure.gravatar.com\/avatar\/e0a867bdedb85fd243eadf09663511f96fc81e0720a4a42581f334ad4303aa6b?s=96&d=mm&r=g\",\"contentUrl\":\"https:\/\/secure.gravatar.com\/avatar\/e0a867bdedb85fd243eadf09663511f96fc81e0720a4a42581f334ad4303aa6b?s=96&d=mm&r=g\",\"caption\":\"Reda\u00e7\u00e3o\"}}]}<\/script>\n<!-- \/ Yoast SEO plugin. -->","yoast_head_json":{"title":"Governador do Piau\u00ed assume presid\u00eancia do Cons\u00f3rcio Nordeste - Notibras","robots":{"index":"index","follow":"follow","max-snippet":"max-snippet:-1","max-image-preview":"max-image-preview:large","max-video-preview":"max-video-preview:-1"},"canonical":"https:\/\/www.notibras.com\/site\/governador-do-piaui-assume-presidencia-do-consorcio-nordeste\/","og_locale":"pt_BR","og_type":"article","og_title":"Governador do Piau\u00ed assume presid\u00eancia do Cons\u00f3rcio Nordeste - Notibras","og_description":"O Cons\u00f3rcio do Nordeste, entidade que re\u00fane os nove estados da regi\u00e3o, deu posse nesta quarta-feira (5) ao novo presidente, o governador Rafael Fonteles (PT), do Piau\u00ed, em uma cerim\u00f4nia em Bras\u00edlia. Ele sucede a governadora F\u00e1tima Bezerra (PT), que esteve \u00e0 frente do grupo ao longo do ano passado. &#8220;\u00c9 uma imensa honra assumir [&hellip;]","og_url":"https:\/\/www.notibras.com\/site\/governador-do-piaui-assume-presidencia-do-consorcio-nordeste\/","og_site_name":"Notibras","article_publisher":"https:\/\/www.facebook.com\/notibras\/","article_published_time":"2025-02-06T03:00:15+00:00","article_modified_time":"2025-02-06T08:39:03+00:00","og_image":[{"width":1170,"height":700,"url":"https:\/\/www.notibras.com\/site\/wp-content\/uploads\/2025\/02\/rafaelfontelles.webp","type":"image\/webp"}],"author":"Reda\u00e7\u00e3o","twitter_card":"summary_large_image","twitter_creator":"@Notibras","twitter_site":"@Notibras","twitter_misc":{"Escrito por":"Reda\u00e7\u00e3o","Est. tempo de leitura":"3 minutos"},"schema":{"@context":"https:\/\/schema.org","@graph":[{"@type":"Article","@id":"https:\/\/www.notibras.com\/site\/governador-do-piaui-assume-presidencia-do-consorcio-nordeste\/#article","isPartOf":{"@id":"https:\/\/www.notibras.com\/site\/governador-do-piaui-assume-presidencia-do-consorcio-nordeste\/"},"author":{"name":"Reda\u00e7\u00e3o","@id":"https:\/\/www.notibras.com\/site\/#\/schema\/person\/36ab0979449956132d3e5b517ea76ac8"},"headline":"Governador do Piau\u00ed assume presid\u00eancia do Cons\u00f3rcio Nordeste","datePublished":"2025-02-06T03:00:15+00:00","dateModified":"2025-02-06T08:39:03+00:00","mainEntityOfPage":{"@id":"https:\/\/www.notibras.com\/site\/governador-do-piaui-assume-presidencia-do-consorcio-nordeste\/"},"wordCount":402,"publisher":{"@id":"https:\/\/www.notibras.com\/site\/#organization"},"image":{"@id":"https:\/\/www.notibras.com\/site\/governador-do-piaui-assume-presidencia-do-consorcio-nordeste\/#primaryimage"},"thumbnailUrl":"https:\/\/www.notibras.com\/site\/wp-content\/uploads\/2025\/02\/rafaelfontelles.webp","articleSection":["Nordeste"],"inLanguage":"pt-BR"},{"@type":"WebPage","@id":"https:\/\/www.notibras.com\/site\/governador-do-piaui-assume-presidencia-do-consorcio-nordeste\/","url":"https:\/\/www.notibras.com\/site\/governador-do-piaui-assume-presidencia-do-consorcio-nordeste\/","name":"Governador do Piau\u00ed assume presid\u00eancia do Cons\u00f3rcio Nordeste - Notibras","isPartOf":{"@id":"https:\/\/www.notibras.com\/site\/#website"},"primaryImageOfPage":{"@id":"https:\/\/www.notibras.com\/site\/governador-do-piaui-assume-presidencia-do-consorcio-nordeste\/#primaryimage"},"image":{"@id":"https:\/\/www.notibras.com\/site\/governador-do-piaui-assume-presidencia-do-consorcio-nordeste\/#primaryimage"},"thumbnailUrl":"https:\/\/www.notibras.com\/site\/wp-content\/uploads\/2025\/02\/rafaelfontelles.webp","datePublished":"2025-02-06T03:00:15+00:00","dateModified":"2025-02-06T08:39:03+00:00","breadcrumb":{"@id":"https:\/\/www.notibras.com\/site\/governador-do-piaui-assume-presidencia-do-consorcio-nordeste\/#breadcrumb"},"inLanguage":"pt-BR","potentialAction":[{"@type":"ReadAction","target":["https:\/\/www.notibras.com\/site\/governador-do-piaui-assume-presidencia-do-consorcio-nordeste\/"]}]},{"@type":"ImageObject","inLanguage":"pt-BR","@id":"https:\/\/www.notibras.com\/site\/governador-do-piaui-assume-presidencia-do-consorcio-nordeste\/#primaryimage","url":"https:\/\/www.notibras.com\/site\/wp-content\/uploads\/2025\/02\/rafaelfontelles.webp","contentUrl":"https:\/\/www.notibras.com\/site\/wp-content\/uploads\/2025\/02\/rafaelfontelles.webp","width":1170,"height":700},{"@type":"BreadcrumbList","@id":"https:\/\/www.notibras.com\/site\/governador-do-piaui-assume-presidencia-do-consorcio-nordeste\/#breadcrumb","itemListElement":[{"@type":"ListItem","position":1,"name":"In\u00edcio","item":"https:\/\/www.notibras.com\/site\/"},{"@type":"ListItem","position":2,"name":"Governador do Piau\u00ed assume presid\u00eancia do Cons\u00f3rcio Nordeste"}]},{"@type":"WebSite","@id":"https:\/\/www.notibras.com\/site\/#website","url":"https:\/\/www.notibras.com\/site\/","name":"Notibras","description":"Not\u00edcias de Bras\u00edlia, do Brasil e do Mundo","publisher":{"@id":"https:\/\/www.notibras.com\/site\/#organization"},"potentialAction":[{"@type":"SearchAction","target":{"@type":"EntryPoint","urlTemplate":"https:\/\/www.notibras.com\/site\/?s={search_term_string}"},"query-input":{"@type":"PropertyValueSpecification","valueRequired":true,"valueName":"search_term_string"}}],"inLanguage":"pt-BR"},{"@type":"Organization","@id":"https:\/\/www.notibras.com\/site\/#organization","name":"Grupo Notibras de Comunica\u00e7\u00e3o","url":"https:\/\/www.notibras.com\/site\/","logo":{"@type":"ImageObject","inLanguage":"pt-BR","@id":"https:\/\/www.notibras.com\/site\/#\/schema\/logo\/image\/","url":"https:\/\/www.notibras.com\/site\/wp-content\/uploads\/2023\/01\/notibras23.png","contentUrl":"https:\/\/www.notibras.com\/site\/wp-content\/uploads\/2023\/01\/notibras23.png","width":350,"height":87,"caption":"Grupo Notibras de Comunica\u00e7\u00e3o"},"image":{"@id":"https:\/\/www.notibras.com\/site\/#\/schema\/logo\/image\/"},"sameAs":["https:\/\/www.facebook.com\/notibras\/","https:\/\/x.com\/Notibras","https:\/\/www.instagram.com\/notibras\/"]},{"@type":"Person","@id":"https:\/\/www.notibras.com\/site\/#\/schema\/person\/36ab0979449956132d3e5b517ea76ac8","name":"Reda\u00e7\u00e3o","image":{"@type":"ImageObject","inLanguage":"pt-BR","@id":"https:\/\/secure.gravatar.com\/avatar\/e0a867bdedb85fd243eadf09663511f96fc81e0720a4a42581f334ad4303aa6b?s=96&d=mm&r=g","url":"https:\/\/secure.gravatar.com\/avatar\/e0a867bdedb85fd243eadf09663511f96fc81e0720a4a42581f334ad4303aa6b?s=96&d=mm&r=g","contentUrl":"https:\/\/secure.gravatar.com\/avatar\/e0a867bdedb85fd243eadf09663511f96fc81e0720a4a42581f334ad4303aa6b?s=96&d=mm&r=g","caption":"Reda\u00e7\u00e3o"}}]}},"amp_enabled":true,"_links":{"self":[{"href":"https:\/\/www.notibras.com\/site\/wp-json\/wp\/v2\/posts\/347217","targetHints":{"allow":["GET"]}}],"collection":[{"href":"https:\/\/www.notibras.com\/site\/wp-json\/wp\/v2\/posts"}],"about":[{"href":"https:\/\/www.notibras.com\/site\/wp-json\/wp\/v2\/types\/post"}],"author":[{"embeddable":true,"href":"https:\/\/www.notibras.com\/site\/wp-json\/wp\/v2\/users\/2"}],"replies":[{"embeddable":true,"href":"https:\/\/www.notibras.com\/site\/wp-json\/wp\/v2\/comments?post=347217"}],"version-history":[{"count":1,"href":"https:\/\/www.notibras.com\/site\/wp-json\/wp\/v2\/posts\/347217\/revisions"}],"predecessor-version":[{"id":347219,"href":"https:\/\/www.notibras.com\/site\/wp-json\/wp\/v2\/posts\/347217\/revisions\/347219"}],"wp:featuredmedia":[{"embeddable":true,"href":"https:\/\/www.notibras.com\/site\/wp-json\/wp\/v2\/media\/347218"}],"wp:attachment":[{"href":"https:\/\/www.notibras.com\/site\/wp-json\/wp\/v2\/media?parent=347217"}],"wp:term":[{"taxonomy":"category","embeddable":true,"href":"https:\/\/www.notibras.com\/site\/wp-json\/wp\/v2\/categories?post=347217"},{"taxonomy":"post_tag","embeddable":true,"href":"https:\/\/www.notibras.com\/site\/wp-json\/wp\/v2\/tags?post=347217"}],"curies":[{"name":"wp","href":"https:\/\/api.w.org\/{rel}","templated":true}]}}