{"id":34725,"date":"2015-01-22T18:35:11","date_gmt":"2015-01-22T21:35:11","guid":{"rendered":"http:\/\/www.notibras.com\/site\/?p=34725"},"modified":"2015-01-22T22:41:01","modified_gmt":"2015-01-23T01:41:01","slug":"paraibuna-atinge-volume-morto-e-crise-da-agua-desaba-sobre-os-cariocas","status":"publish","type":"post","link":"https:\/\/www.notibras.com\/site\/paraibuna-atinge-volume-morto-e-crise-da-agua-desaba-sobre-os-cariocas\/","title":{"rendered":"Paraibuna atinge seu volume morto e a crise da \u00e1gua vira uma amea\u00e7a para os cariocas"},"content":{"rendered":"<div class=\"content\">\n<p>Publicado nesta quinta 22 pelo Operador Nacional do Sistema El\u00e9trico (ONS), o <em>Informativo Preliminar Di\u00e1rio da Opera\u00e7\u00e3o<\/em> indica que o n\u00edvel do reservat\u00f3rio de Paraibuna, no Rio Para\u00edba do Sul, pertencente \u00e0\u00a0 Companhia Energ\u00e9tica de S\u00e3o Paulo (Cesp), atingiu o chamado volume morto na quarta-feira (21), \u00e0s 7h. Segundo a assessoria de imprensa do ONS, o reservat\u00f3rio n\u00e3o est\u00e1 produzindo energia.<\/p>\n<p>Est\u00e3o chegando ao reservat\u00f3rio 9 metros c\u00fabicos de \u00e1gua por segundo (m\u00b3\/s), mas o sistema est\u00e1 permitindo a sa\u00edda de 32m\u00b3\/s. Segundo a assessoria, isso est\u00e1 sendo feito com vertimento, isto \u00e9, com descarga que n\u00e3o passa pelas turbinas, porque \u00e9 preciso respeitar a vaz\u00e3o defluente m\u00ednima obrigat\u00f3ria do reservat\u00f3rio.<\/p>\n<p>Segundo a assessoria, ele est\u00e1 usando o volume morto para manter a descarga m\u00ednima obrigat\u00f3ria. Em outras palavras, toda a deflu\u00eancia do reservat\u00f3rio est\u00e1 sendo feita com uso do volume morto.<\/p>\n<blockquote><p>Na avalia\u00e7\u00e3o do ONS, esse \u00e9 um sinal de que\u00a0 os reservat\u00f3rios est\u00e3o se esvaziando. O de Santa Branca, pertencente \u00e0 Light, por exemplo, apresenta n\u00edvel de 0,65%, com entrada de 27m\u00b3\/s de \u00e1gua e sa\u00edda de 40m\u00b3\/s; o de Funil (Furnas) tem n\u00edvel de 4,15%, com 65m\u00b3\/s de entrada e 137m\u00b3\/s de sa\u00edda; j\u00e1 no Reservat\u00f3rio de Jaguari (Cesp), o n\u00edvel alcan\u00e7a 2%, com 5m\u00b3\/s entrando e 11m\u00b3\/s saindo.<\/p><\/blockquote>\n<p>O ONS destacou, entretanto, que para a gera\u00e7\u00e3o de energia do Sistema Interligado Nacional, a Bacia do Para\u00edba do Sul representa menos de 1% da energia produzida. Segundo a assessoria, isso n\u00e3o \u00e9 relevante em termos de energia.<\/p>\n<p>O coordenador do Grupo de Estudos do Setor El\u00e9trico da Universidade Federal do Rio de Janeiro (Gesel-UFRJ), Nivalde de Castro, refor\u00e7ou que, para a gera\u00e7\u00e3o el\u00e9trica, a Bacia do Para\u00edba do Sul \u201cn\u00e3o \u00e9 problem\u00e1tica&#8221;. &#8220;Ela vai ser problem\u00e1tica para o abastecimento de \u00e1gua\u201d. Segundo ele, como n\u00e3o est\u00e1 chovendo, a tend\u00eancia \u00e9 que outras bacias comecem a ter o mesmo tipo de problema. \u201cDe maneira geral, a pr\u00f3xima medida agora \u00e9 fazer prociss\u00e3o para S\u00e3o Pedro\u201d, disse ele.<\/p>\n<header>\n<div class=\"node-info\"><strong>Alana Gandra, ABr<\/strong><strong><br \/>\n<\/strong><\/div>\n<\/header>\n<\/div>\n","protected":false},"excerpt":{"rendered":"<p>Publicado nesta quinta 22 pelo Operador Nacional do Sistema El\u00e9trico (ONS), o Informativo Preliminar Di\u00e1rio da Opera\u00e7\u00e3o indica que o n\u00edvel do reservat\u00f3rio de Paraibuna, no Rio Para\u00edba do Sul, pertencente \u00e0\u00a0 Companhia Energ\u00e9tica de S\u00e3o Paulo (Cesp), atingiu o chamado volume morto na quarta-feira (21), \u00e0s 7h. Segundo a assessoria de imprensa do ONS, [&hellip;]<\/p>\n","protected":false},"author":2,"featured_media":34726,"comment_status":"open","ping_status":"closed","sticky":false,"template":"","format":"standard","meta":{"_acf_changed":false,"footnotes":""},"categories":[16],"tags":[],"class_list":["post-34725","post","type-post","status-publish","format-standard","has-post-thumbnail","hentry","category-brasil"],"acf":[],"yoast_head":"<!-- This site is optimized with the Yoast SEO plugin v27.2 - https:\/\/yoast.com\/product\/yoast-seo-wordpress\/ -->\n<title>Paraibuna atinge seu volume morto e a crise da \u00e1gua vira uma amea\u00e7a para os cariocas - Notibras<\/title>\n<meta name=\"robots\" content=\"index, follow, max-snippet:-1, max-image-preview:large, max-video-preview:-1\" \/>\n<link rel=\"canonical\" href=\"https:\/\/www.notibras.com\/site\/paraibuna-atinge-volume-morto-e-crise-da-agua-desaba-sobre-os-cariocas\/\" \/>\n<meta property=\"og:locale\" content=\"pt_BR\" \/>\n<meta property=\"og:type\" content=\"article\" \/>\n<meta property=\"og:title\" content=\"Paraibuna atinge seu volume morto e a crise da \u00e1gua vira uma amea\u00e7a para os cariocas - Notibras\" \/>\n<meta property=\"og:description\" content=\"Publicado nesta quinta 22 pelo Operador Nacional do Sistema El\u00e9trico (ONS), o Informativo Preliminar Di\u00e1rio da Opera\u00e7\u00e3o indica que o n\u00edvel do reservat\u00f3rio de Paraibuna, no Rio Para\u00edba do Sul, pertencente \u00e0\u00a0 Companhia Energ\u00e9tica de S\u00e3o Paulo (Cesp), atingiu o chamado volume morto na quarta-feira (21), \u00e0s 7h. Segundo a assessoria de imprensa do ONS, [&hellip;]\" \/>\n<meta property=\"og:url\" content=\"https:\/\/www.notibras.com\/site\/paraibuna-atinge-volume-morto-e-crise-da-agua-desaba-sobre-os-cariocas\/\" \/>\n<meta property=\"og:site_name\" content=\"Notibras\" \/>\n<meta property=\"article:publisher\" content=\"https:\/\/www.facebook.com\/notibras\/\" \/>\n<meta property=\"article:published_time\" content=\"2015-01-22T21:35:11+00:00\" \/>\n<meta property=\"article:modified_time\" content=\"2015-01-23T01:41:01+00:00\" \/>\n<meta property=\"og:image\" content=\"https:\/\/www.notibras.com\/site\/wp-content\/uploads\/2015\/01\/Torneira-pingando.jpg\" \/>\n\t<meta property=\"og:image:width\" content=\"399\" \/>\n\t<meta property=\"og:image:height\" content=\"265\" \/>\n\t<meta property=\"og:image:type\" content=\"image\/jpeg\" \/>\n<meta name=\"author\" content=\"Reda\u00e7\u00e3o\" \/>\n<meta name=\"twitter:card\" content=\"summary_large_image\" \/>\n<meta name=\"twitter:creator\" content=\"@Notibras\" \/>\n<meta name=\"twitter:site\" content=\"@Notibras\" \/>\n<meta name=\"twitter:label1\" content=\"Escrito por\" \/>\n\t<meta name=\"twitter:data1\" content=\"Reda\u00e7\u00e3o\" \/>\n\t<meta name=\"twitter:label2\" content=\"Est. tempo de leitura\" \/>\n\t<meta name=\"twitter:data2\" content=\"2 minutos\" \/>\n<script type=\"application\/ld+json\" class=\"yoast-schema-graph\">{\"@context\":\"https:\/\/schema.org\",\"@graph\":[{\"@type\":\"Article\",\"@id\":\"https:\/\/www.notibras.com\/site\/paraibuna-atinge-volume-morto-e-crise-da-agua-desaba-sobre-os-cariocas\/#article\",\"isPartOf\":{\"@id\":\"https:\/\/www.notibras.com\/site\/paraibuna-atinge-volume-morto-e-crise-da-agua-desaba-sobre-os-cariocas\/\"},\"author\":{\"name\":\"Reda\u00e7\u00e3o\",\"@id\":\"https:\/\/www.notibras.com\/site\/#\/schema\/person\/36ab0979449956132d3e5b517ea76ac8\"},\"headline\":\"Paraibuna atinge seu volume morto e a crise da \u00e1gua vira uma amea\u00e7a para os cariocas\",\"datePublished\":\"2015-01-22T21:35:11+00:00\",\"dateModified\":\"2015-01-23T01:41:01+00:00\",\"mainEntityOfPage\":{\"@id\":\"https:\/\/www.notibras.com\/site\/paraibuna-atinge-volume-morto-e-crise-da-agua-desaba-sobre-os-cariocas\/\"},\"wordCount\":390,\"commentCount\":0,\"publisher\":{\"@id\":\"https:\/\/www.notibras.com\/site\/#organization\"},\"image\":{\"@id\":\"https:\/\/www.notibras.com\/site\/paraibuna-atinge-volume-morto-e-crise-da-agua-desaba-sobre-os-cariocas\/#primaryimage\"},\"thumbnailUrl\":\"https:\/\/www.notibras.com\/site\/wp-content\/uploads\/2015\/01\/Torneira-pingando.jpg\",\"articleSection\":[\"Brasil\"],\"inLanguage\":\"pt-BR\",\"potentialAction\":[{\"@type\":\"CommentAction\",\"name\":\"Comment\",\"target\":[\"https:\/\/www.notibras.com\/site\/paraibuna-atinge-volume-morto-e-crise-da-agua-desaba-sobre-os-cariocas\/#respond\"]}]},{\"@type\":\"WebPage\",\"@id\":\"https:\/\/www.notibras.com\/site\/paraibuna-atinge-volume-morto-e-crise-da-agua-desaba-sobre-os-cariocas\/\",\"url\":\"https:\/\/www.notibras.com\/site\/paraibuna-atinge-volume-morto-e-crise-da-agua-desaba-sobre-os-cariocas\/\",\"name\":\"Paraibuna atinge seu volume morto e a crise da \u00e1gua vira uma amea\u00e7a para os cariocas - Notibras\",\"isPartOf\":{\"@id\":\"https:\/\/www.notibras.com\/site\/#website\"},\"primaryImageOfPage\":{\"@id\":\"https:\/\/www.notibras.com\/site\/paraibuna-atinge-volume-morto-e-crise-da-agua-desaba-sobre-os-cariocas\/#primaryimage\"},\"image\":{\"@id\":\"https:\/\/www.notibras.com\/site\/paraibuna-atinge-volume-morto-e-crise-da-agua-desaba-sobre-os-cariocas\/#primaryimage\"},\"thumbnailUrl\":\"https:\/\/www.notibras.com\/site\/wp-content\/uploads\/2015\/01\/Torneira-pingando.jpg\",\"datePublished\":\"2015-01-22T21:35:11+00:00\",\"dateModified\":\"2015-01-23T01:41:01+00:00\",\"breadcrumb\":{\"@id\":\"https:\/\/www.notibras.com\/site\/paraibuna-atinge-volume-morto-e-crise-da-agua-desaba-sobre-os-cariocas\/#breadcrumb\"},\"inLanguage\":\"pt-BR\",\"potentialAction\":[{\"@type\":\"ReadAction\",\"target\":[\"https:\/\/www.notibras.com\/site\/paraibuna-atinge-volume-morto-e-crise-da-agua-desaba-sobre-os-cariocas\/\"]}]},{\"@type\":\"ImageObject\",\"inLanguage\":\"pt-BR\",\"@id\":\"https:\/\/www.notibras.com\/site\/paraibuna-atinge-volume-morto-e-crise-da-agua-desaba-sobre-os-cariocas\/#primaryimage\",\"url\":\"https:\/\/www.notibras.com\/site\/wp-content\/uploads\/2015\/01\/Torneira-pingando.jpg\",\"contentUrl\":\"https:\/\/www.notibras.com\/site\/wp-content\/uploads\/2015\/01\/Torneira-pingando.jpg\",\"width\":399,\"height\":265},{\"@type\":\"BreadcrumbList\",\"@id\":\"https:\/\/www.notibras.com\/site\/paraibuna-atinge-volume-morto-e-crise-da-agua-desaba-sobre-os-cariocas\/#breadcrumb\",\"itemListElement\":[{\"@type\":\"ListItem\",\"position\":1,\"name\":\"In\u00edcio\",\"item\":\"https:\/\/www.notibras.com\/site\/\"},{\"@type\":\"ListItem\",\"position\":2,\"name\":\"Paraibuna atinge seu volume morto e a crise da \u00e1gua vira uma amea\u00e7a para os cariocas\"}]},{\"@type\":\"WebSite\",\"@id\":\"https:\/\/www.notibras.com\/site\/#website\",\"url\":\"https:\/\/www.notibras.com\/site\/\",\"name\":\"Notibras\",\"description\":\"Not\u00edcias de Bras\u00edlia, do Brasil e do Mundo\",\"publisher\":{\"@id\":\"https:\/\/www.notibras.com\/site\/#organization\"},\"potentialAction\":[{\"@type\":\"SearchAction\",\"target\":{\"@type\":\"EntryPoint\",\"urlTemplate\":\"https:\/\/www.notibras.com\/site\/?s={search_term_string}\"},\"query-input\":{\"@type\":\"PropertyValueSpecification\",\"valueRequired\":true,\"valueName\":\"search_term_string\"}}],\"inLanguage\":\"pt-BR\"},{\"@type\":\"Organization\",\"@id\":\"https:\/\/www.notibras.com\/site\/#organization\",\"name\":\"Grupo Notibras de Comunica\u00e7\u00e3o\",\"url\":\"https:\/\/www.notibras.com\/site\/\",\"logo\":{\"@type\":\"ImageObject\",\"inLanguage\":\"pt-BR\",\"@id\":\"https:\/\/www.notibras.com\/site\/#\/schema\/logo\/image\/\",\"url\":\"https:\/\/www.notibras.com\/site\/wp-content\/uploads\/2023\/01\/notibras23.png\",\"contentUrl\":\"https:\/\/www.notibras.com\/site\/wp-content\/uploads\/2023\/01\/notibras23.png\",\"width\":350,\"height\":87,\"caption\":\"Grupo Notibras de Comunica\u00e7\u00e3o\"},\"image\":{\"@id\":\"https:\/\/www.notibras.com\/site\/#\/schema\/logo\/image\/\"},\"sameAs\":[\"https:\/\/www.facebook.com\/notibras\/\",\"https:\/\/x.com\/Notibras\",\"https:\/\/www.instagram.com\/notibras\/\"]},{\"@type\":\"Person\",\"@id\":\"https:\/\/www.notibras.com\/site\/#\/schema\/person\/36ab0979449956132d3e5b517ea76ac8\",\"name\":\"Reda\u00e7\u00e3o\",\"image\":{\"@type\":\"ImageObject\",\"inLanguage\":\"pt-BR\",\"@id\":\"https:\/\/secure.gravatar.com\/avatar\/e0a867bdedb85fd243eadf09663511f96fc81e0720a4a42581f334ad4303aa6b?s=96&d=mm&r=g\",\"url\":\"https:\/\/secure.gravatar.com\/avatar\/e0a867bdedb85fd243eadf09663511f96fc81e0720a4a42581f334ad4303aa6b?s=96&d=mm&r=g\",\"contentUrl\":\"https:\/\/secure.gravatar.com\/avatar\/e0a867bdedb85fd243eadf09663511f96fc81e0720a4a42581f334ad4303aa6b?s=96&d=mm&r=g\",\"caption\":\"Reda\u00e7\u00e3o\"}}]}<\/script>\n<!-- \/ Yoast SEO plugin. -->","yoast_head_json":{"title":"Paraibuna atinge seu volume morto e a crise da \u00e1gua vira uma amea\u00e7a para os cariocas - Notibras","robots":{"index":"index","follow":"follow","max-snippet":"max-snippet:-1","max-image-preview":"max-image-preview:large","max-video-preview":"max-video-preview:-1"},"canonical":"https:\/\/www.notibras.com\/site\/paraibuna-atinge-volume-morto-e-crise-da-agua-desaba-sobre-os-cariocas\/","og_locale":"pt_BR","og_type":"article","og_title":"Paraibuna atinge seu volume morto e a crise da \u00e1gua vira uma amea\u00e7a para os cariocas - Notibras","og_description":"Publicado nesta quinta 22 pelo Operador Nacional do Sistema El\u00e9trico (ONS), o Informativo Preliminar Di\u00e1rio da Opera\u00e7\u00e3o indica que o n\u00edvel do reservat\u00f3rio de Paraibuna, no Rio Para\u00edba do Sul, pertencente \u00e0\u00a0 Companhia Energ\u00e9tica de S\u00e3o Paulo (Cesp), atingiu o chamado volume morto na quarta-feira (21), \u00e0s 7h. Segundo a assessoria de imprensa do ONS, [&hellip;]","og_url":"https:\/\/www.notibras.com\/site\/paraibuna-atinge-volume-morto-e-crise-da-agua-desaba-sobre-os-cariocas\/","og_site_name":"Notibras","article_publisher":"https:\/\/www.facebook.com\/notibras\/","article_published_time":"2015-01-22T21:35:11+00:00","article_modified_time":"2015-01-23T01:41:01+00:00","og_image":[{"width":399,"height":265,"url":"https:\/\/www.notibras.com\/site\/wp-content\/uploads\/2015\/01\/Torneira-pingando.jpg","type":"image\/jpeg"}],"author":"Reda\u00e7\u00e3o","twitter_card":"summary_large_image","twitter_creator":"@Notibras","twitter_site":"@Notibras","twitter_misc":{"Escrito por":"Reda\u00e7\u00e3o","Est. tempo de leitura":"2 minutos"},"schema":{"@context":"https:\/\/schema.org","@graph":[{"@type":"Article","@id":"https:\/\/www.notibras.com\/site\/paraibuna-atinge-volume-morto-e-crise-da-agua-desaba-sobre-os-cariocas\/#article","isPartOf":{"@id":"https:\/\/www.notibras.com\/site\/paraibuna-atinge-volume-morto-e-crise-da-agua-desaba-sobre-os-cariocas\/"},"author":{"name":"Reda\u00e7\u00e3o","@id":"https:\/\/www.notibras.com\/site\/#\/schema\/person\/36ab0979449956132d3e5b517ea76ac8"},"headline":"Paraibuna atinge seu volume morto e a crise da \u00e1gua vira uma amea\u00e7a para os cariocas","datePublished":"2015-01-22T21:35:11+00:00","dateModified":"2015-01-23T01:41:01+00:00","mainEntityOfPage":{"@id":"https:\/\/www.notibras.com\/site\/paraibuna-atinge-volume-morto-e-crise-da-agua-desaba-sobre-os-cariocas\/"},"wordCount":390,"commentCount":0,"publisher":{"@id":"https:\/\/www.notibras.com\/site\/#organization"},"image":{"@id":"https:\/\/www.notibras.com\/site\/paraibuna-atinge-volume-morto-e-crise-da-agua-desaba-sobre-os-cariocas\/#primaryimage"},"thumbnailUrl":"https:\/\/www.notibras.com\/site\/wp-content\/uploads\/2015\/01\/Torneira-pingando.jpg","articleSection":["Brasil"],"inLanguage":"pt-BR","potentialAction":[{"@type":"CommentAction","name":"Comment","target":["https:\/\/www.notibras.com\/site\/paraibuna-atinge-volume-morto-e-crise-da-agua-desaba-sobre-os-cariocas\/#respond"]}]},{"@type":"WebPage","@id":"https:\/\/www.notibras.com\/site\/paraibuna-atinge-volume-morto-e-crise-da-agua-desaba-sobre-os-cariocas\/","url":"https:\/\/www.notibras.com\/site\/paraibuna-atinge-volume-morto-e-crise-da-agua-desaba-sobre-os-cariocas\/","name":"Paraibuna atinge seu volume morto e a crise da \u00e1gua vira uma amea\u00e7a para os cariocas - Notibras","isPartOf":{"@id":"https:\/\/www.notibras.com\/site\/#website"},"primaryImageOfPage":{"@id":"https:\/\/www.notibras.com\/site\/paraibuna-atinge-volume-morto-e-crise-da-agua-desaba-sobre-os-cariocas\/#primaryimage"},"image":{"@id":"https:\/\/www.notibras.com\/site\/paraibuna-atinge-volume-morto-e-crise-da-agua-desaba-sobre-os-cariocas\/#primaryimage"},"thumbnailUrl":"https:\/\/www.notibras.com\/site\/wp-content\/uploads\/2015\/01\/Torneira-pingando.jpg","datePublished":"2015-01-22T21:35:11+00:00","dateModified":"2015-01-23T01:41:01+00:00","breadcrumb":{"@id":"https:\/\/www.notibras.com\/site\/paraibuna-atinge-volume-morto-e-crise-da-agua-desaba-sobre-os-cariocas\/#breadcrumb"},"inLanguage":"pt-BR","potentialAction":[{"@type":"ReadAction","target":["https:\/\/www.notibras.com\/site\/paraibuna-atinge-volume-morto-e-crise-da-agua-desaba-sobre-os-cariocas\/"]}]},{"@type":"ImageObject","inLanguage":"pt-BR","@id":"https:\/\/www.notibras.com\/site\/paraibuna-atinge-volume-morto-e-crise-da-agua-desaba-sobre-os-cariocas\/#primaryimage","url":"https:\/\/www.notibras.com\/site\/wp-content\/uploads\/2015\/01\/Torneira-pingando.jpg","contentUrl":"https:\/\/www.notibras.com\/site\/wp-content\/uploads\/2015\/01\/Torneira-pingando.jpg","width":399,"height":265},{"@type":"BreadcrumbList","@id":"https:\/\/www.notibras.com\/site\/paraibuna-atinge-volume-morto-e-crise-da-agua-desaba-sobre-os-cariocas\/#breadcrumb","itemListElement":[{"@type":"ListItem","position":1,"name":"In\u00edcio","item":"https:\/\/www.notibras.com\/site\/"},{"@type":"ListItem","position":2,"name":"Paraibuna atinge seu volume morto e a crise da \u00e1gua vira uma amea\u00e7a para os cariocas"}]},{"@type":"WebSite","@id":"https:\/\/www.notibras.com\/site\/#website","url":"https:\/\/www.notibras.com\/site\/","name":"Notibras","description":"Not\u00edcias de Bras\u00edlia, do Brasil e do Mundo","publisher":{"@id":"https:\/\/www.notibras.com\/site\/#organization"},"potentialAction":[{"@type":"SearchAction","target":{"@type":"EntryPoint","urlTemplate":"https:\/\/www.notibras.com\/site\/?s={search_term_string}"},"query-input":{"@type":"PropertyValueSpecification","valueRequired":true,"valueName":"search_term_string"}}],"inLanguage":"pt-BR"},{"@type":"Organization","@id":"https:\/\/www.notibras.com\/site\/#organization","name":"Grupo Notibras de Comunica\u00e7\u00e3o","url":"https:\/\/www.notibras.com\/site\/","logo":{"@type":"ImageObject","inLanguage":"pt-BR","@id":"https:\/\/www.notibras.com\/site\/#\/schema\/logo\/image\/","url":"https:\/\/www.notibras.com\/site\/wp-content\/uploads\/2023\/01\/notibras23.png","contentUrl":"https:\/\/www.notibras.com\/site\/wp-content\/uploads\/2023\/01\/notibras23.png","width":350,"height":87,"caption":"Grupo Notibras de Comunica\u00e7\u00e3o"},"image":{"@id":"https:\/\/www.notibras.com\/site\/#\/schema\/logo\/image\/"},"sameAs":["https:\/\/www.facebook.com\/notibras\/","https:\/\/x.com\/Notibras","https:\/\/www.instagram.com\/notibras\/"]},{"@type":"Person","@id":"https:\/\/www.notibras.com\/site\/#\/schema\/person\/36ab0979449956132d3e5b517ea76ac8","name":"Reda\u00e7\u00e3o","image":{"@type":"ImageObject","inLanguage":"pt-BR","@id":"https:\/\/secure.gravatar.com\/avatar\/e0a867bdedb85fd243eadf09663511f96fc81e0720a4a42581f334ad4303aa6b?s=96&d=mm&r=g","url":"https:\/\/secure.gravatar.com\/avatar\/e0a867bdedb85fd243eadf09663511f96fc81e0720a4a42581f334ad4303aa6b?s=96&d=mm&r=g","contentUrl":"https:\/\/secure.gravatar.com\/avatar\/e0a867bdedb85fd243eadf09663511f96fc81e0720a4a42581f334ad4303aa6b?s=96&d=mm&r=g","caption":"Reda\u00e7\u00e3o"}}]}},"amp_enabled":true,"_links":{"self":[{"href":"https:\/\/www.notibras.com\/site\/wp-json\/wp\/v2\/posts\/34725","targetHints":{"allow":["GET"]}}],"collection":[{"href":"https:\/\/www.notibras.com\/site\/wp-json\/wp\/v2\/posts"}],"about":[{"href":"https:\/\/www.notibras.com\/site\/wp-json\/wp\/v2\/types\/post"}],"author":[{"embeddable":true,"href":"https:\/\/www.notibras.com\/site\/wp-json\/wp\/v2\/users\/2"}],"replies":[{"embeddable":true,"href":"https:\/\/www.notibras.com\/site\/wp-json\/wp\/v2\/comments?post=34725"}],"version-history":[{"count":0,"href":"https:\/\/www.notibras.com\/site\/wp-json\/wp\/v2\/posts\/34725\/revisions"}],"wp:featuredmedia":[{"embeddable":true,"href":"https:\/\/www.notibras.com\/site\/wp-json\/wp\/v2\/media\/34726"}],"wp:attachment":[{"href":"https:\/\/www.notibras.com\/site\/wp-json\/wp\/v2\/media?parent=34725"}],"wp:term":[{"taxonomy":"category","embeddable":true,"href":"https:\/\/www.notibras.com\/site\/wp-json\/wp\/v2\/categories?post=34725"},{"taxonomy":"post_tag","embeddable":true,"href":"https:\/\/www.notibras.com\/site\/wp-json\/wp\/v2\/tags?post=34725"}],"curies":[{"name":"wp","href":"https:\/\/api.w.org\/{rel}","templated":true}]}}