{"id":347266,"date":"2025-02-06T07:54:56","date_gmt":"2025-02-06T10:54:56","guid":{"rendered":"https:\/\/www.notibras.com\/site\/?p=347266"},"modified":"2025-02-06T07:57:07","modified_gmt":"2025-02-06T10:57:07","slug":"shirley-de-padeira-a-assessora-na-camara-admite-que-chegou-la-usando-a-cama","status":"publish","type":"post","link":"https:\/\/www.notibras.com\/site\/shirley-de-padeira-a-assessora-na-camara-admite-que-chegou-la-usando-a-cama\/","title":{"rendered":"Shirley, de padeira a assessora na C\u00e2mara, admite que chegou l\u00e1 usando a cama"},"content":{"rendered":"<p>N\u00e3o sou o que se pode chamar de pessoa intacta pela m\u00e1cula da desonestidade. No entanto, desde que me entendo por brasileira, n\u00e3o sou nenhuma p\u00e9rola da criminalidade. \u00c9 verdade que tenho c\u00e1 meus defeitos, que assumo quase todos, mas que n\u00e3o diferem em n\u00famero e grau de outras gentes.<\/p>\n<p>Comecei a minha vida profissional na contraven\u00e7\u00e3o, depois virei padeira. Tinha carteira assinada, direitos trabalhistas, mas o sal\u00e1rio era uma mis\u00e9ria para modelar tanta farinha de trigo em formato de p\u00e3es fofinhos por dentro e crocantes por fora. Uma del\u00edcia, por sinal. E o cheiro, quem \u00e9 que resiste \u00e0quilo \u00e0s seis horas da manh\u00e3?<\/p>\n<p>Naquela \u00e9poca, conheci o Osvaldo, que era confeiteiro de m\u00e3o-cheia. Ele, apesar de n\u00e3o ser nenhum pr\u00edncipe sa\u00eddo das hist\u00f3rias da Disney, conseguiu me encantar com tanta do\u00e7ura. Que homem! Pena que n\u00e3o durou tanto, pois logo me apareceu o M\u00e1rcio.<\/p>\n<p>Um traste! Lindo, \u00e9 verdade, mas que n\u00e3o vale meia d\u00fazia de p\u00e3es dormidos. Mas n\u00e3o adianta ficar aqui lamentando o encanto que me arrebatou naquele tempo. Apaixonada que estava, entreguei meu corpo ao miser\u00e1vel. Quanto \u00e0 alma, devo t\u00ea-la ofertado ao Diabo em troca do vil metal.<\/p>\n<p>Se me arrendo do que fiz? Pra que fingir diante de tanta hipocrisia que me rodeia? Sejamos francos. Quem, em santa consci\u00eancia, n\u00e3o trocaria um amor verdadeiro, se \u00e9 que ele realmente exista mesmo, por uma vida regada ao luxo e, n\u00e3o raro, \u00e0 pr\u00f3pria lux\u00faria? Se a gan\u00e2ncia faz parte do pacote? N\u00e3o serei eu a afrontar a sua intelig\u00eancia com mentiras.<\/p>\n<p>\u00c9 \u00f3bvio que amo a vida que levo. No entanto, isso n\u00e3o \u00e9 capaz de refutar o \u00f3dio que sinto de mim mesma. Que sou uma cr\u00e1pula, n\u00e3o resta qualquer fa\u00edsca de d\u00favida. \u00c9 o que sou e, portanto, sou obrigada a conviver com tamanha pecha.<\/p>\n<p>Ontem acordei disposta a fazer algo diferente. Recusei quatro ou cinco convites para almo\u00e7ar e um tanto para jantar. Dispensei Carlos, meu motorista particular, do seu of\u00edcio por um dia. Que descansasse do tr\u00e2nsito e fosse curtir a folga inesperada como quisesse. Quanto a mim, tomei a decis\u00e3o de visitar meu passado.<\/p>\n<p>\u2014 Bom dia! Aqui ainda serve aquele brigadeiro especial?<\/p>\n<p>\u2014 Shirley! H\u00e1 quanto tempo!<\/p>\n<p>\u2014 N\u00e3o sabia que voc\u00ea havia se tornado balconista, Osvaldo.<\/p>\n<p>\u2014 N\u00e3o soube?<\/p>\n<p>\u2014 Do qu\u00ea?<\/p>\n<p>\u2014 Seu Ernesto faleceu.<\/p>\n<p>\u2014 Nossa! N\u00e3o sabia.<\/p>\n<p>\u2014 Pois \u00e9. Os filhos n\u00e3o quiseram tocar a padaria. Eu tinha um dinheirinho guardado e, ent\u00e3o, comprei o estabelecimento.<\/p>\n<p>\u2014 Hum! Ent\u00e3o, agora voc\u00ea \u00e9 o patr\u00e3o.<\/p>\n<p>\u2014 De certo modo, \u00e9 isso.<\/p>\n<p>Enquanto degustava dois brigadeiros, muitas recorda\u00e7\u00f5es passaram pela minha mente. J\u00e1 estava quase de sa\u00edda, quando o Osvaldo me convidou para almo\u00e7ar. Se aceitei? Nem perguntei qual seria o card\u00e1pio, ainda mais diante daquele sorriso lindo.<\/p>\n<p>Osvaldo, apesar de n\u00e3o possuir fei\u00e7\u00f5es perfeitas, sempre cuidou muito bem dos dentes. Tem um leve diastema nos dentes superiores, o que lhe confere certo ar de ingenuidade. Um charme, como minha falecida av\u00f3 costumava dizer.<\/p>\n<p>Comemos um simples macarr\u00e3o ao alho e \u00f3leo no pequeno apartamento, que fica logo acima da padaria. \u00c9 engra\u00e7ado que h\u00e1 muito tempo n\u00e3o comia tamanha iguaria da classe trabalhadora. Osvaldo preparou enquanto convers\u00e1vamos trivialidades.<\/p>\n<p>\u2014 Shirley, desculpe por n\u00e3o te oferecer algo mais condizente.<\/p>\n<p>\u2014 N\u00e3o se preocupe. Estou adorando! Esse macarr\u00e3o t\u00e1 muito bom!<\/p>\n<p>Poder\u00edamos ter ido para a cama, caso n\u00e3o fosse um resqu\u00edcio de dignidade que percebi em mim. N\u00e3o porque eu n\u00e3o quisesse, ainda mais depois de ser tratada como uma rainha por aquele plebeu. E que plebeu! Entretanto, Osvaldo n\u00e3o mereceria ser tratado como algu\u00e9m descart\u00e1vel. Ele nunca foi desse tipo, e eu admiro tamanha honestidade.<\/p>\n<p>Antes de nos despedirmos, ainda encaramos um picol\u00e9 de frutas na padaria. Foi ent\u00e3o que o meu ex-amor me perguntou como era trabalhar como assessora na C\u00e2mara dos Deputados.<\/p>\n<p>\u2014 Eita, lugarzinho pra ter gente que gosta de se aventurar a fazer coisa errada.<\/p>\n<p>&#8230;&#8230;&#8230;&#8230;&#8230;&#8230;&#8230;&#8230;&#8230;&#8230;&#8230;&#8230;&#8230;&#8230;&#8230;<\/p>\n<p><strong>Eduardo Mart\u00ednez \u00e9 autor do livro 157 Contos e Cr\u00f4nicas por um Autor Muito Velho\u2019<\/strong><\/p>\n<p>Compre aqui\u00a0<span class=\"x19la9d6 x1fc57z9 x6ikm8r x10wlt62 x19co3pv x1g5zs5t xfibh0p xiy17q3 x1xsqp64 x1lkfr7t xexx8yu x4uap5 x18d9i69 xkhd6sd\"><span class=\"xrtxmta x1bhl96m\"><img decoding=\"async\" class=\"emoji\" role=\"img\" draggable=\"false\" src=\"https:\/\/s.w.org\/images\/core\/emoji\/15.0.3\/svg\/1f447-1f3ff.svg\" alt=\"&#x1f447;&#x1f3ff;\" \/><\/span><\/span><\/p>\n<p><a href=\"https:\/\/www.joanineditora.com.br\/57-contos-e-cronicas-por-um-autor-muito-velho\">https:\/\/www.joanineditora.com.br\/57-contos-e-cronicas-por-um-autor-muito-velho<\/a><\/p>\n","protected":false},"excerpt":{"rendered":"<p>N\u00e3o sou o que se pode chamar de pessoa intacta pela m\u00e1cula da desonestidade. No entanto, desde que me entendo por brasileira, n\u00e3o sou nenhuma p\u00e9rola da criminalidade. \u00c9 verdade que tenho c\u00e1 meus defeitos, que assumo quase todos, mas que n\u00e3o diferem em n\u00famero e grau de outras gentes. Comecei a minha vida profissional [&hellip;]<\/p>\n","protected":false},"author":2,"featured_media":347267,"comment_status":"closed","ping_status":"closed","sticky":false,"template":"","format":"standard","meta":{"_acf_changed":false,"footnotes":""},"categories":[161],"tags":[],"class_list":["post-347266","post","type-post","status-publish","format-standard","has-post-thumbnail","hentry","category-quadradinho-em-foco"],"acf":[],"_links":{"self":[{"href":"https:\/\/www.notibras.com\/site\/wp-json\/wp\/v2\/posts\/347266","targetHints":{"allow":["GET"]}}],"collection":[{"href":"https:\/\/www.notibras.com\/site\/wp-json\/wp\/v2\/posts"}],"about":[{"href":"https:\/\/www.notibras.com\/site\/wp-json\/wp\/v2\/types\/post"}],"author":[{"embeddable":true,"href":"https:\/\/www.notibras.com\/site\/wp-json\/wp\/v2\/users\/2"}],"replies":[{"embeddable":true,"href":"https:\/\/www.notibras.com\/site\/wp-json\/wp\/v2\/comments?post=347266"}],"version-history":[{"count":3,"href":"https:\/\/www.notibras.com\/site\/wp-json\/wp\/v2\/posts\/347266\/revisions"}],"predecessor-version":[{"id":347270,"href":"https:\/\/www.notibras.com\/site\/wp-json\/wp\/v2\/posts\/347266\/revisions\/347270"}],"wp:featuredmedia":[{"embeddable":true,"href":"https:\/\/www.notibras.com\/site\/wp-json\/wp\/v2\/media\/347267"}],"wp:attachment":[{"href":"https:\/\/www.notibras.com\/site\/wp-json\/wp\/v2\/media?parent=347266"}],"wp:term":[{"taxonomy":"category","embeddable":true,"href":"https:\/\/www.notibras.com\/site\/wp-json\/wp\/v2\/categories?post=347266"},{"taxonomy":"post_tag","embeddable":true,"href":"https:\/\/www.notibras.com\/site\/wp-json\/wp\/v2\/tags?post=347266"}],"curies":[{"name":"wp","href":"https:\/\/api.w.org\/{rel}","templated":true}]}}