{"id":347273,"date":"2025-02-06T00:01:47","date_gmt":"2025-02-06T03:01:47","guid":{"rendered":"https:\/\/www.notibras.com\/site\/?p=347273"},"modified":"2025-02-06T08:10:40","modified_gmt":"2025-02-06T11:10:40","slug":"se-congresso-ajudar-reajuste-de-servidor-sera-pago-em-abril","status":"publish","type":"post","link":"https:\/\/www.notibras.com\/site\/se-congresso-ajudar-reajuste-de-servidor-sera-pago-em-abril\/","title":{"rendered":"Se Congresso ajudar, reajuste de servidor ser\u00e1 pago em abril"},"content":{"rendered":"<p>A ministra da Gest\u00e3o e da Inova\u00e7\u00e3o em Servi\u00e7os P\u00fablicos, Esther Dweck, disse nesta quarta-feira (5), em Bras\u00edlia, que, caso a Lei Or\u00e7ament\u00e1ria Anual (LOA) seja aprovada pelo Congresso Nacional e sancionada pelo presidente Luiz In\u00e1cio Lula da Silva at\u00e9 15 de mar\u00e7o, o reajuste dos servidores p\u00fablicos federais &#8211; negociado no ano passado &#8211; ser\u00e1 pago a partir de 1\u00ba de abril.<\/p>\n<p>\u201cA gente j\u00e1 comunicou os servidores e eles v\u00e3o receber retroativamente assim que a lei for aprovada e sancionada pelo presidente. Se [a vota\u00e7\u00e3o] for em 10 de mar\u00e7o, nossa expectativa \u00e9 que, se a gente conseguir sancionar at\u00e9 15 de mar\u00e7o, ainda entra na folha de mar\u00e7o e, portanto, a gente paga a partir de 1\u00ba de abril. Se n\u00e3o for sancionada at\u00e9 meados de mar\u00e7o, mas posteriormente, a gente consegue pagar na folha de abril, que \u00e9 paga efetivamente em maio.\u201d<\/p>\n<p>Em entrevista a emissoras de r\u00e1dio durante o programa Bom Dia, Ministra, Esther lembrou que, no final do ano passado, a aprova\u00e7\u00e3o de diversas medidas enviadas pelo Executivo ao Congresso Nacional acabou por inviabilizar a aprova\u00e7\u00e3o da LOA no tempo inicialmente previsto \u2013 at\u00e9 dezembro. \u201cO Congresso fez um esfor\u00e7o muito grande para aprovar, inclusive, uma emenda constitucional enviada pelo Executivo\u201d, afirmou.<\/p>\n<p>\u201cO Congresso est\u00e1 muito atento a isso. O relator [da LOA], senador \u00c2ngelo Coronel (PSD-BA, falou sobre a dificuldade de ser mais r\u00e1pido do que o prazo que ele prop\u00f4s e a gente est\u00e1 bastante confiante de que 10 de mar\u00e7o seja uma data bem prov\u00e1vel mesmo &#8211; para aprova\u00e7\u00e3o. Portanto, a gente tem chance ainda de pagar a partir de 1\u00ba de abril. E os servidores v\u00e3o receber retroativamente o reajuste de janeiro, fevereiro e mar\u00e7o nesse contracheque de mar\u00e7o,\u201d explicou a ministra.<\/p>\n<p>Segundo ela, a medida provis\u00f3ria que autorizou o reajuste dos servidores p\u00fablicos federais est\u00e1 valendo desde 1\u00ba de janeiro.<\/p>\n","protected":false},"excerpt":{"rendered":"<p>A ministra da Gest\u00e3o e da Inova\u00e7\u00e3o em Servi\u00e7os P\u00fablicos, Esther Dweck, disse nesta quarta-feira (5), em Bras\u00edlia, que, caso a Lei Or\u00e7ament\u00e1ria Anual (LOA) seja aprovada pelo Congresso Nacional e sancionada pelo presidente Luiz In\u00e1cio Lula da Silva at\u00e9 15 de mar\u00e7o, o reajuste dos servidores p\u00fablicos federais &#8211; negociado no ano passado &#8211; [&hellip;]<\/p>\n","protected":false},"author":2,"featured_media":301487,"comment_status":"closed","ping_status":"closed","sticky":false,"template":"","format":"standard","meta":{"_acf_changed":false,"footnotes":""},"categories":[161],"tags":[],"class_list":["post-347273","post","type-post","status-publish","format-standard","has-post-thumbnail","hentry","category-quadradinho-em-foco"],"acf":[],"_links":{"self":[{"href":"https:\/\/www.notibras.com\/site\/wp-json\/wp\/v2\/posts\/347273","targetHints":{"allow":["GET"]}}],"collection":[{"href":"https:\/\/www.notibras.com\/site\/wp-json\/wp\/v2\/posts"}],"about":[{"href":"https:\/\/www.notibras.com\/site\/wp-json\/wp\/v2\/types\/post"}],"author":[{"embeddable":true,"href":"https:\/\/www.notibras.com\/site\/wp-json\/wp\/v2\/users\/2"}],"replies":[{"embeddable":true,"href":"https:\/\/www.notibras.com\/site\/wp-json\/wp\/v2\/comments?post=347273"}],"version-history":[{"count":1,"href":"https:\/\/www.notibras.com\/site\/wp-json\/wp\/v2\/posts\/347273\/revisions"}],"predecessor-version":[{"id":347274,"href":"https:\/\/www.notibras.com\/site\/wp-json\/wp\/v2\/posts\/347273\/revisions\/347274"}],"wp:featuredmedia":[{"embeddable":true,"href":"https:\/\/www.notibras.com\/site\/wp-json\/wp\/v2\/media\/301487"}],"wp:attachment":[{"href":"https:\/\/www.notibras.com\/site\/wp-json\/wp\/v2\/media?parent=347273"}],"wp:term":[{"taxonomy":"category","embeddable":true,"href":"https:\/\/www.notibras.com\/site\/wp-json\/wp\/v2\/categories?post=347273"},{"taxonomy":"post_tag","embeddable":true,"href":"https:\/\/www.notibras.com\/site\/wp-json\/wp\/v2\/tags?post=347273"}],"curies":[{"name":"wp","href":"https:\/\/api.w.org\/{rel}","templated":true}]}}