{"id":347275,"date":"2025-02-06T00:00:46","date_gmt":"2025-02-06T03:00:46","guid":{"rendered":"https:\/\/www.notibras.com\/site\/?p=347275"},"modified":"2025-02-06T08:17:29","modified_gmt":"2025-02-06T11:17:29","slug":"operacao-de-limpeza-chega-ao-sol-nascente-por-do-sol-recanto-e-arapoanga","status":"publish","type":"post","link":"https:\/\/www.notibras.com\/site\/operacao-de-limpeza-chega-ao-sol-nascente-por-do-sol-recanto-e-arapoanga\/","title":{"rendered":"Opera\u00e7\u00e3o de limpeza chega ao Sol Nascente\/P\u00f4r do Sol, Recanto e Arapoanga"},"content":{"rendered":"<p>O mutir\u00e3o de limpeza do Servi\u00e7o de Limpeza Urbana (SLU), em parceria com as administra\u00e7\u00f5es regionais, chega agora \u00e0s regi\u00f5es de Sol Nascente\/P\u00f4r do Sol, Recanto das Emas e Arapoanga. A a\u00e7\u00e3o ser\u00e1 realizada entre quinta (6) e s\u00e1bado (8) com o objetivo de concentrar esfor\u00e7os para eliminar pontos cr\u00edticos de descarte irregular e combater potenciais criadouros do mosquito da dengue.<\/p>\n<p>O Mutir\u00e3o SLU com as RAs j\u00e1 ocorreu em Samambaia, Santa Maria, Gama, Ceil\u00e2ndia e S\u00e3o Sebasti\u00e3o, resultando na remo\u00e7\u00e3o de mais de 4,6 mil toneladas de res\u00edduos descartados irregularmente.<\/p>\n<p>Enquanto a equipe de limpeza atua, profissionais de mobiliza\u00e7\u00e3o orientam os moradores sobre o descarte correto de res\u00edduos, dias e hor\u00e1rios das coletas na regi\u00e3o e a import\u00e2ncia de usar os papa-lixos e papa-entulhos, equipamentos p\u00fablicos de limpeza urbana.<\/p>\n<p>Os mutir\u00f5es come\u00e7am \u00e0s 7h, com concentra\u00e7\u00e3o em frente \u00e0s administra\u00e7\u00f5es regionais das localidades atendidas.<\/p>\n","protected":false},"excerpt":{"rendered":"<p>O mutir\u00e3o de limpeza do Servi\u00e7o de Limpeza Urbana (SLU), em parceria com as administra\u00e7\u00f5es regionais, chega agora \u00e0s regi\u00f5es de Sol Nascente\/P\u00f4r do Sol, Recanto das Emas e Arapoanga. A a\u00e7\u00e3o ser\u00e1 realizada entre quinta (6) e s\u00e1bado (8) com o objetivo de concentrar esfor\u00e7os para eliminar pontos cr\u00edticos de descarte irregular e combater [&hellip;]<\/p>\n","protected":false},"author":2,"featured_media":347276,"comment_status":"closed","ping_status":"closed","sticky":false,"template":"","format":"standard","meta":{"_acf_changed":false,"footnotes":""},"categories":[161],"tags":[],"class_list":["post-347275","post","type-post","status-publish","format-standard","has-post-thumbnail","hentry","category-quadradinho-em-foco"],"acf":[],"_links":{"self":[{"href":"https:\/\/www.notibras.com\/site\/wp-json\/wp\/v2\/posts\/347275","targetHints":{"allow":["GET"]}}],"collection":[{"href":"https:\/\/www.notibras.com\/site\/wp-json\/wp\/v2\/posts"}],"about":[{"href":"https:\/\/www.notibras.com\/site\/wp-json\/wp\/v2\/types\/post"}],"author":[{"embeddable":true,"href":"https:\/\/www.notibras.com\/site\/wp-json\/wp\/v2\/users\/2"}],"replies":[{"embeddable":true,"href":"https:\/\/www.notibras.com\/site\/wp-json\/wp\/v2\/comments?post=347275"}],"version-history":[{"count":1,"href":"https:\/\/www.notibras.com\/site\/wp-json\/wp\/v2\/posts\/347275\/revisions"}],"predecessor-version":[{"id":347277,"href":"https:\/\/www.notibras.com\/site\/wp-json\/wp\/v2\/posts\/347275\/revisions\/347277"}],"wp:featuredmedia":[{"embeddable":true,"href":"https:\/\/www.notibras.com\/site\/wp-json\/wp\/v2\/media\/347276"}],"wp:attachment":[{"href":"https:\/\/www.notibras.com\/site\/wp-json\/wp\/v2\/media?parent=347275"}],"wp:term":[{"taxonomy":"category","embeddable":true,"href":"https:\/\/www.notibras.com\/site\/wp-json\/wp\/v2\/categories?post=347275"},{"taxonomy":"post_tag","embeddable":true,"href":"https:\/\/www.notibras.com\/site\/wp-json\/wp\/v2\/tags?post=347275"}],"curies":[{"name":"wp","href":"https:\/\/api.w.org\/{rel}","templated":true}]}}