{"id":347309,"date":"2025-02-07T00:04:25","date_gmt":"2025-02-07T03:04:25","guid":{"rendered":"https:\/\/www.notibras.com\/site\/?p=347309"},"modified":"2025-02-07T01:39:12","modified_gmt":"2025-02-07T04:39:12","slug":"muricocas-do-miramar-vai-cair-na-folia-com-o-trio-maravilha","status":"publish","type":"post","link":"https:\/\/www.notibras.com\/site\/muricocas-do-miramar-vai-cair-na-folia-com-o-trio-maravilha\/","title":{"rendered":"Muri\u00e7ocas do Miramar vai cair na folia com o Trio Maravilha"},"content":{"rendered":"<p>O Bloco Muri\u00e7ocas do Miramar, um dos mais tradicionais do Carnaval da Para\u00edba, anuncia a chegada do Trio Maravilha, um grupo formado por quatro cantoras paraibanas.<\/p>\n<p>O trio \u2014 que na verdade s\u00e3o quatro \u2014 ser\u00e1 composto por Tha\u00edse Porto, Ana Regina Limeira, Sandra Bel\u00ea e Val Donato, que trazem diferentes estilos musicais. Tha\u00edse Porto interpreta cl\u00e1ssicos do Ax\u00e9 Music. Ana Regina Limeira apresenta um repert\u00f3rio de samba e ijex\u00e1. Sandra Bel\u00ea adiciona frevo ao desfile. Val Donato traz sua abordagem roqueira adaptada para o carnaval.<\/p>\n<p>O grupo ser\u00e1 acompanhado por Toni Silva e sua banda, que dar\u00e3o suporte instrumental.<\/p>\n<p>Mestre Fuba, presidente do Bloco Muri\u00e7ocas do Miramar, comentou sobre a inclus\u00e3o do trio: &#8220;O Trio Maravilha vem para refor\u00e7ar o elenco de atra\u00e7\u00f5es do nosso bloco. Valorizar a diversidade musical e dar visibilidade \u00e0s vozes femininas contribui para um carnaval mais representativo&#8221;.<\/p>\n<p>Com essa novidade, o desfile das Muri\u00e7ocas busca ampliar sua programa\u00e7\u00e3o e reunir foli\u00f5es para celebrar a cultura paraibana.<\/p>\n","protected":false},"excerpt":{"rendered":"<p>O Bloco Muri\u00e7ocas do Miramar, um dos mais tradicionais do Carnaval da Para\u00edba, anuncia a chegada do Trio Maravilha, um grupo formado por quatro cantoras paraibanas. O trio \u2014 que na verdade s\u00e3o quatro \u2014 ser\u00e1 composto por Tha\u00edse Porto, Ana Regina Limeira, Sandra Bel\u00ea e Val Donato, que trazem diferentes estilos musicais. Tha\u00edse Porto [&hellip;]<\/p>\n","protected":false},"author":2,"featured_media":347310,"comment_status":"closed","ping_status":"closed","sticky":false,"template":"","format":"standard","meta":{"_acf_changed":false,"footnotes":""},"categories":[165],"tags":[],"class_list":["post-347309","post","type-post","status-publish","format-standard","has-post-thumbnail","hentry","category-nordeste"],"acf":[],"yoast_head":"<!-- This site is optimized with the Yoast SEO plugin v27.2 - https:\/\/yoast.com\/product\/yoast-seo-wordpress\/ -->\n<title>Muri\u00e7ocas do Miramar vai cair na folia com o Trio Maravilha - Notibras<\/title>\n<meta name=\"robots\" content=\"index, follow, max-snippet:-1, max-image-preview:large, max-video-preview:-1\" \/>\n<link rel=\"canonical\" href=\"https:\/\/www.notibras.com\/site\/muricocas-do-miramar-vai-cair-na-folia-com-o-trio-maravilha\/\" \/>\n<meta property=\"og:locale\" content=\"pt_BR\" \/>\n<meta property=\"og:type\" content=\"article\" \/>\n<meta property=\"og:title\" content=\"Muri\u00e7ocas do Miramar vai cair na folia com o Trio Maravilha - Notibras\" \/>\n<meta property=\"og:description\" content=\"O Bloco Muri\u00e7ocas do Miramar, um dos mais tradicionais do Carnaval da Para\u00edba, anuncia a chegada do Trio Maravilha, um grupo formado por quatro cantoras paraibanas. O trio \u2014 que na verdade s\u00e3o quatro \u2014 ser\u00e1 composto por Tha\u00edse Porto, Ana Regina Limeira, Sandra Bel\u00ea e Val Donato, que trazem diferentes estilos musicais. Tha\u00edse Porto [&hellip;]\" \/>\n<meta property=\"og:url\" content=\"https:\/\/www.notibras.com\/site\/muricocas-do-miramar-vai-cair-na-folia-com-o-trio-maravilha\/\" \/>\n<meta property=\"og:site_name\" content=\"Notibras\" \/>\n<meta property=\"article:publisher\" content=\"https:\/\/www.facebook.com\/notibras\/\" \/>\n<meta property=\"article:published_time\" content=\"2025-02-07T03:04:25+00:00\" \/>\n<meta property=\"article:modified_time\" content=\"2025-02-07T04:39:12+00:00\" \/>\n<meta property=\"og:image\" content=\"https:\/\/www.notibras.com\/site\/wp-content\/uploads\/2025\/02\/trio-maravilha.png\" \/>\n\t<meta property=\"og:image:width\" content=\"1000\" \/>\n\t<meta property=\"og:image:height\" content=\"823\" \/>\n\t<meta property=\"og:image:type\" content=\"image\/png\" \/>\n<meta name=\"author\" content=\"Reda\u00e7\u00e3o\" \/>\n<meta name=\"twitter:card\" content=\"summary_large_image\" \/>\n<meta name=\"twitter:creator\" content=\"@Notibras\" \/>\n<meta name=\"twitter:site\" content=\"@Notibras\" \/>\n<meta name=\"twitter:label1\" content=\"Escrito por\" \/>\n\t<meta name=\"twitter:data1\" content=\"Reda\u00e7\u00e3o\" \/>\n\t<meta name=\"twitter:label2\" content=\"Est. tempo de leitura\" \/>\n\t<meta name=\"twitter:data2\" content=\"2 minutos\" \/>\n<script type=\"application\/ld+json\" class=\"yoast-schema-graph\">{\"@context\":\"https:\/\/schema.org\",\"@graph\":[{\"@type\":\"Article\",\"@id\":\"https:\/\/www.notibras.com\/site\/muricocas-do-miramar-vai-cair-na-folia-com-o-trio-maravilha\/#article\",\"isPartOf\":{\"@id\":\"https:\/\/www.notibras.com\/site\/muricocas-do-miramar-vai-cair-na-folia-com-o-trio-maravilha\/\"},\"author\":{\"name\":\"Reda\u00e7\u00e3o\",\"@id\":\"https:\/\/www.notibras.com\/site\/#\/schema\/person\/36ab0979449956132d3e5b517ea76ac8\"},\"headline\":\"Muri\u00e7ocas do Miramar vai cair na folia com o Trio Maravilha\",\"datePublished\":\"2025-02-07T03:04:25+00:00\",\"dateModified\":\"2025-02-07T04:39:12+00:00\",\"mainEntityOfPage\":{\"@id\":\"https:\/\/www.notibras.com\/site\/muricocas-do-miramar-vai-cair-na-folia-com-o-trio-maravilha\/\"},\"wordCount\":187,\"publisher\":{\"@id\":\"https:\/\/www.notibras.com\/site\/#organization\"},\"image\":{\"@id\":\"https:\/\/www.notibras.com\/site\/muricocas-do-miramar-vai-cair-na-folia-com-o-trio-maravilha\/#primaryimage\"},\"thumbnailUrl\":\"https:\/\/www.notibras.com\/site\/wp-content\/uploads\/2025\/02\/trio-maravilha.png\",\"articleSection\":[\"Nordeste\"],\"inLanguage\":\"pt-BR\"},{\"@type\":\"WebPage\",\"@id\":\"https:\/\/www.notibras.com\/site\/muricocas-do-miramar-vai-cair-na-folia-com-o-trio-maravilha\/\",\"url\":\"https:\/\/www.notibras.com\/site\/muricocas-do-miramar-vai-cair-na-folia-com-o-trio-maravilha\/\",\"name\":\"Muri\u00e7ocas do Miramar vai cair na folia com o Trio Maravilha - Notibras\",\"isPartOf\":{\"@id\":\"https:\/\/www.notibras.com\/site\/#website\"},\"primaryImageOfPage\":{\"@id\":\"https:\/\/www.notibras.com\/site\/muricocas-do-miramar-vai-cair-na-folia-com-o-trio-maravilha\/#primaryimage\"},\"image\":{\"@id\":\"https:\/\/www.notibras.com\/site\/muricocas-do-miramar-vai-cair-na-folia-com-o-trio-maravilha\/#primaryimage\"},\"thumbnailUrl\":\"https:\/\/www.notibras.com\/site\/wp-content\/uploads\/2025\/02\/trio-maravilha.png\",\"datePublished\":\"2025-02-07T03:04:25+00:00\",\"dateModified\":\"2025-02-07T04:39:12+00:00\",\"breadcrumb\":{\"@id\":\"https:\/\/www.notibras.com\/site\/muricocas-do-miramar-vai-cair-na-folia-com-o-trio-maravilha\/#breadcrumb\"},\"inLanguage\":\"pt-BR\",\"potentialAction\":[{\"@type\":\"ReadAction\",\"target\":[\"https:\/\/www.notibras.com\/site\/muricocas-do-miramar-vai-cair-na-folia-com-o-trio-maravilha\/\"]}]},{\"@type\":\"ImageObject\",\"inLanguage\":\"pt-BR\",\"@id\":\"https:\/\/www.notibras.com\/site\/muricocas-do-miramar-vai-cair-na-folia-com-o-trio-maravilha\/#primaryimage\",\"url\":\"https:\/\/www.notibras.com\/site\/wp-content\/uploads\/2025\/02\/trio-maravilha.png\",\"contentUrl\":\"https:\/\/www.notibras.com\/site\/wp-content\/uploads\/2025\/02\/trio-maravilha.png\",\"width\":1000,\"height\":823},{\"@type\":\"BreadcrumbList\",\"@id\":\"https:\/\/www.notibras.com\/site\/muricocas-do-miramar-vai-cair-na-folia-com-o-trio-maravilha\/#breadcrumb\",\"itemListElement\":[{\"@type\":\"ListItem\",\"position\":1,\"name\":\"In\u00edcio\",\"item\":\"https:\/\/www.notibras.com\/site\/\"},{\"@type\":\"ListItem\",\"position\":2,\"name\":\"Muri\u00e7ocas do Miramar vai cair na folia com o Trio Maravilha\"}]},{\"@type\":\"WebSite\",\"@id\":\"https:\/\/www.notibras.com\/site\/#website\",\"url\":\"https:\/\/www.notibras.com\/site\/\",\"name\":\"Notibras\",\"description\":\"Not\u00edcias de Bras\u00edlia, do Brasil e do Mundo\",\"publisher\":{\"@id\":\"https:\/\/www.notibras.com\/site\/#organization\"},\"potentialAction\":[{\"@type\":\"SearchAction\",\"target\":{\"@type\":\"EntryPoint\",\"urlTemplate\":\"https:\/\/www.notibras.com\/site\/?s={search_term_string}\"},\"query-input\":{\"@type\":\"PropertyValueSpecification\",\"valueRequired\":true,\"valueName\":\"search_term_string\"}}],\"inLanguage\":\"pt-BR\"},{\"@type\":\"Organization\",\"@id\":\"https:\/\/www.notibras.com\/site\/#organization\",\"name\":\"Grupo Notibras de Comunica\u00e7\u00e3o\",\"url\":\"https:\/\/www.notibras.com\/site\/\",\"logo\":{\"@type\":\"ImageObject\",\"inLanguage\":\"pt-BR\",\"@id\":\"https:\/\/www.notibras.com\/site\/#\/schema\/logo\/image\/\",\"url\":\"https:\/\/www.notibras.com\/site\/wp-content\/uploads\/2023\/01\/notibras23.png\",\"contentUrl\":\"https:\/\/www.notibras.com\/site\/wp-content\/uploads\/2023\/01\/notibras23.png\",\"width\":350,\"height\":87,\"caption\":\"Grupo Notibras de Comunica\u00e7\u00e3o\"},\"image\":{\"@id\":\"https:\/\/www.notibras.com\/site\/#\/schema\/logo\/image\/\"},\"sameAs\":[\"https:\/\/www.facebook.com\/notibras\/\",\"https:\/\/x.com\/Notibras\",\"https:\/\/www.instagram.com\/notibras\/\"]},{\"@type\":\"Person\",\"@id\":\"https:\/\/www.notibras.com\/site\/#\/schema\/person\/36ab0979449956132d3e5b517ea76ac8\",\"name\":\"Reda\u00e7\u00e3o\",\"image\":{\"@type\":\"ImageObject\",\"inLanguage\":\"pt-BR\",\"@id\":\"https:\/\/secure.gravatar.com\/avatar\/e0a867bdedb85fd243eadf09663511f96fc81e0720a4a42581f334ad4303aa6b?s=96&d=mm&r=g\",\"url\":\"https:\/\/secure.gravatar.com\/avatar\/e0a867bdedb85fd243eadf09663511f96fc81e0720a4a42581f334ad4303aa6b?s=96&d=mm&r=g\",\"contentUrl\":\"https:\/\/secure.gravatar.com\/avatar\/e0a867bdedb85fd243eadf09663511f96fc81e0720a4a42581f334ad4303aa6b?s=96&d=mm&r=g\",\"caption\":\"Reda\u00e7\u00e3o\"}}]}<\/script>\n<!-- \/ Yoast SEO plugin. -->","yoast_head_json":{"title":"Muri\u00e7ocas do Miramar vai cair na folia com o Trio Maravilha - Notibras","robots":{"index":"index","follow":"follow","max-snippet":"max-snippet:-1","max-image-preview":"max-image-preview:large","max-video-preview":"max-video-preview:-1"},"canonical":"https:\/\/www.notibras.com\/site\/muricocas-do-miramar-vai-cair-na-folia-com-o-trio-maravilha\/","og_locale":"pt_BR","og_type":"article","og_title":"Muri\u00e7ocas do Miramar vai cair na folia com o Trio Maravilha - Notibras","og_description":"O Bloco Muri\u00e7ocas do Miramar, um dos mais tradicionais do Carnaval da Para\u00edba, anuncia a chegada do Trio Maravilha, um grupo formado por quatro cantoras paraibanas. O trio \u2014 que na verdade s\u00e3o quatro \u2014 ser\u00e1 composto por Tha\u00edse Porto, Ana Regina Limeira, Sandra Bel\u00ea e Val Donato, que trazem diferentes estilos musicais. Tha\u00edse Porto [&hellip;]","og_url":"https:\/\/www.notibras.com\/site\/muricocas-do-miramar-vai-cair-na-folia-com-o-trio-maravilha\/","og_site_name":"Notibras","article_publisher":"https:\/\/www.facebook.com\/notibras\/","article_published_time":"2025-02-07T03:04:25+00:00","article_modified_time":"2025-02-07T04:39:12+00:00","og_image":[{"width":1000,"height":823,"url":"https:\/\/www.notibras.com\/site\/wp-content\/uploads\/2025\/02\/trio-maravilha.png","type":"image\/png"}],"author":"Reda\u00e7\u00e3o","twitter_card":"summary_large_image","twitter_creator":"@Notibras","twitter_site":"@Notibras","twitter_misc":{"Escrito por":"Reda\u00e7\u00e3o","Est. tempo de leitura":"2 minutos"},"schema":{"@context":"https:\/\/schema.org","@graph":[{"@type":"Article","@id":"https:\/\/www.notibras.com\/site\/muricocas-do-miramar-vai-cair-na-folia-com-o-trio-maravilha\/#article","isPartOf":{"@id":"https:\/\/www.notibras.com\/site\/muricocas-do-miramar-vai-cair-na-folia-com-o-trio-maravilha\/"},"author":{"name":"Reda\u00e7\u00e3o","@id":"https:\/\/www.notibras.com\/site\/#\/schema\/person\/36ab0979449956132d3e5b517ea76ac8"},"headline":"Muri\u00e7ocas do Miramar vai cair na folia com o Trio Maravilha","datePublished":"2025-02-07T03:04:25+00:00","dateModified":"2025-02-07T04:39:12+00:00","mainEntityOfPage":{"@id":"https:\/\/www.notibras.com\/site\/muricocas-do-miramar-vai-cair-na-folia-com-o-trio-maravilha\/"},"wordCount":187,"publisher":{"@id":"https:\/\/www.notibras.com\/site\/#organization"},"image":{"@id":"https:\/\/www.notibras.com\/site\/muricocas-do-miramar-vai-cair-na-folia-com-o-trio-maravilha\/#primaryimage"},"thumbnailUrl":"https:\/\/www.notibras.com\/site\/wp-content\/uploads\/2025\/02\/trio-maravilha.png","articleSection":["Nordeste"],"inLanguage":"pt-BR"},{"@type":"WebPage","@id":"https:\/\/www.notibras.com\/site\/muricocas-do-miramar-vai-cair-na-folia-com-o-trio-maravilha\/","url":"https:\/\/www.notibras.com\/site\/muricocas-do-miramar-vai-cair-na-folia-com-o-trio-maravilha\/","name":"Muri\u00e7ocas do Miramar vai cair na folia com o Trio Maravilha - Notibras","isPartOf":{"@id":"https:\/\/www.notibras.com\/site\/#website"},"primaryImageOfPage":{"@id":"https:\/\/www.notibras.com\/site\/muricocas-do-miramar-vai-cair-na-folia-com-o-trio-maravilha\/#primaryimage"},"image":{"@id":"https:\/\/www.notibras.com\/site\/muricocas-do-miramar-vai-cair-na-folia-com-o-trio-maravilha\/#primaryimage"},"thumbnailUrl":"https:\/\/www.notibras.com\/site\/wp-content\/uploads\/2025\/02\/trio-maravilha.png","datePublished":"2025-02-07T03:04:25+00:00","dateModified":"2025-02-07T04:39:12+00:00","breadcrumb":{"@id":"https:\/\/www.notibras.com\/site\/muricocas-do-miramar-vai-cair-na-folia-com-o-trio-maravilha\/#breadcrumb"},"inLanguage":"pt-BR","potentialAction":[{"@type":"ReadAction","target":["https:\/\/www.notibras.com\/site\/muricocas-do-miramar-vai-cair-na-folia-com-o-trio-maravilha\/"]}]},{"@type":"ImageObject","inLanguage":"pt-BR","@id":"https:\/\/www.notibras.com\/site\/muricocas-do-miramar-vai-cair-na-folia-com-o-trio-maravilha\/#primaryimage","url":"https:\/\/www.notibras.com\/site\/wp-content\/uploads\/2025\/02\/trio-maravilha.png","contentUrl":"https:\/\/www.notibras.com\/site\/wp-content\/uploads\/2025\/02\/trio-maravilha.png","width":1000,"height":823},{"@type":"BreadcrumbList","@id":"https:\/\/www.notibras.com\/site\/muricocas-do-miramar-vai-cair-na-folia-com-o-trio-maravilha\/#breadcrumb","itemListElement":[{"@type":"ListItem","position":1,"name":"In\u00edcio","item":"https:\/\/www.notibras.com\/site\/"},{"@type":"ListItem","position":2,"name":"Muri\u00e7ocas do Miramar vai cair na folia com o Trio Maravilha"}]},{"@type":"WebSite","@id":"https:\/\/www.notibras.com\/site\/#website","url":"https:\/\/www.notibras.com\/site\/","name":"Notibras","description":"Not\u00edcias de Bras\u00edlia, do Brasil e do Mundo","publisher":{"@id":"https:\/\/www.notibras.com\/site\/#organization"},"potentialAction":[{"@type":"SearchAction","target":{"@type":"EntryPoint","urlTemplate":"https:\/\/www.notibras.com\/site\/?s={search_term_string}"},"query-input":{"@type":"PropertyValueSpecification","valueRequired":true,"valueName":"search_term_string"}}],"inLanguage":"pt-BR"},{"@type":"Organization","@id":"https:\/\/www.notibras.com\/site\/#organization","name":"Grupo Notibras de Comunica\u00e7\u00e3o","url":"https:\/\/www.notibras.com\/site\/","logo":{"@type":"ImageObject","inLanguage":"pt-BR","@id":"https:\/\/www.notibras.com\/site\/#\/schema\/logo\/image\/","url":"https:\/\/www.notibras.com\/site\/wp-content\/uploads\/2023\/01\/notibras23.png","contentUrl":"https:\/\/www.notibras.com\/site\/wp-content\/uploads\/2023\/01\/notibras23.png","width":350,"height":87,"caption":"Grupo Notibras de Comunica\u00e7\u00e3o"},"image":{"@id":"https:\/\/www.notibras.com\/site\/#\/schema\/logo\/image\/"},"sameAs":["https:\/\/www.facebook.com\/notibras\/","https:\/\/x.com\/Notibras","https:\/\/www.instagram.com\/notibras\/"]},{"@type":"Person","@id":"https:\/\/www.notibras.com\/site\/#\/schema\/person\/36ab0979449956132d3e5b517ea76ac8","name":"Reda\u00e7\u00e3o","image":{"@type":"ImageObject","inLanguage":"pt-BR","@id":"https:\/\/secure.gravatar.com\/avatar\/e0a867bdedb85fd243eadf09663511f96fc81e0720a4a42581f334ad4303aa6b?s=96&d=mm&r=g","url":"https:\/\/secure.gravatar.com\/avatar\/e0a867bdedb85fd243eadf09663511f96fc81e0720a4a42581f334ad4303aa6b?s=96&d=mm&r=g","contentUrl":"https:\/\/secure.gravatar.com\/avatar\/e0a867bdedb85fd243eadf09663511f96fc81e0720a4a42581f334ad4303aa6b?s=96&d=mm&r=g","caption":"Reda\u00e7\u00e3o"}}]}},"amp_enabled":true,"_links":{"self":[{"href":"https:\/\/www.notibras.com\/site\/wp-json\/wp\/v2\/posts\/347309","targetHints":{"allow":["GET"]}}],"collection":[{"href":"https:\/\/www.notibras.com\/site\/wp-json\/wp\/v2\/posts"}],"about":[{"href":"https:\/\/www.notibras.com\/site\/wp-json\/wp\/v2\/types\/post"}],"author":[{"embeddable":true,"href":"https:\/\/www.notibras.com\/site\/wp-json\/wp\/v2\/users\/2"}],"replies":[{"embeddable":true,"href":"https:\/\/www.notibras.com\/site\/wp-json\/wp\/v2\/comments?post=347309"}],"version-history":[{"count":1,"href":"https:\/\/www.notibras.com\/site\/wp-json\/wp\/v2\/posts\/347309\/revisions"}],"predecessor-version":[{"id":347311,"href":"https:\/\/www.notibras.com\/site\/wp-json\/wp\/v2\/posts\/347309\/revisions\/347311"}],"wp:featuredmedia":[{"embeddable":true,"href":"https:\/\/www.notibras.com\/site\/wp-json\/wp\/v2\/media\/347310"}],"wp:attachment":[{"href":"https:\/\/www.notibras.com\/site\/wp-json\/wp\/v2\/media?parent=347309"}],"wp:term":[{"taxonomy":"category","embeddable":true,"href":"https:\/\/www.notibras.com\/site\/wp-json\/wp\/v2\/categories?post=347309"},{"taxonomy":"post_tag","embeddable":true,"href":"https:\/\/www.notibras.com\/site\/wp-json\/wp\/v2\/tags?post=347309"}],"curies":[{"name":"wp","href":"https:\/\/api.w.org\/{rel}","templated":true}]}}