{"id":347315,"date":"2025-02-07T00:51:42","date_gmt":"2025-02-07T03:51:42","guid":{"rendered":"https:\/\/www.notibras.com\/site\/?p=347315"},"modified":"2025-02-07T01:52:11","modified_gmt":"2025-02-07T04:52:11","slug":"salvador-e-fortaleza-puxam-alta-da-cesta-basica-no-pais","status":"publish","type":"post","link":"https:\/\/www.notibras.com\/site\/salvador-e-fortaleza-puxam-alta-da-cesta-basica-no-pais\/","title":{"rendered":"Salvador e Fortaleza puxam alta da cesta b\u00e1sica no Pa\u00eds"},"content":{"rendered":"<p>Levantamento de pre\u00e7os de itens de consumo b\u00e1sicos nas capitais do pa\u00eds identificou aumento no custo da cesta b\u00e1sica em janeiro deste ano em 13 das 17 cidades pesquisadas. A maior alta foi em Salvador (6,22%), seguida por Bel\u00e9m (4,80%) e Fortaleza (3,96%). As quatro cidades onde houve redu\u00e7\u00e3o no valor global dos itens foram Porto Alegre (-1,67%), Vit\u00f3ria (-1,62%), Campo Grande (-0,79%) e Florian\u00f3polis (-0,09%). O levantamento \u2013 realizado desde 2005 &#8211; \u00e9 do Departamento Intersindical de Estat\u00edstica e Estudos Socioecon\u00f4micos (Dieese).<\/p>\n<p>A cesta b\u00e1sica mais cara foi cotada em S\u00e3o Paulo, onde os alimentos que a comp\u00f5em custam R$ 851,82, 60% do sal\u00e1rio m\u00ednimo oficial (R$ 1.518).<\/p>\n<p>Em janeiro, segundo o levantamento do Dieese, o sal\u00e1rio m\u00ednimo necess\u00e1rio para a manuten\u00e7\u00e3o de uma fam\u00edlia de quatro pessoas deveria ter sido de R$ 7.156,15.<\/p>\n<p>Estudo divulgado em dezembro pelo Instituto de Pesquisa Econ\u00f4mica Aplicada (Ipea) indica que a renda m\u00e9dia do trabalhador brasileiro foi de R$ 3.279,00 em outubro de 2024, dado mais atual dispon\u00edvel.<\/p>\n<p><strong>Valores<\/strong><br \/>\nA compara\u00e7\u00e3o, segundo o Dieese, \u00e9 poss\u00edvel &#8220;com base na cesta mais cara, que, em janeiro, foi a de S\u00e3o Paulo, e levando em considera\u00e7\u00e3o a determina\u00e7\u00e3o constitucional que estabelece que o sal\u00e1rio m\u00ednimo deve ser suficiente para suprir as despesas de um trabalhador e da fam\u00edlia dele com alimenta\u00e7\u00e3o, moradia, sa\u00fade, educa\u00e7\u00e3o, vestu\u00e1rio, higiene, transporte, lazer e previd\u00eancia&#8221;.<\/p>\n<p>Em janeiro de 2024, deveria ter ficado em R$ 6.723,41 ou 4,76 vezes o valor vigente. A infla\u00e7\u00e3o dos \u00faltimos 12 meses, segundo o \u00cdndice Nacional de Pre\u00e7os ao Consumidor Amplo (IPCA), foi de 4,8%, valor pr\u00f3ximo ao aumento indicado.<\/p>\n<p>As cidades do sul e sudeste est\u00e3o entre as mais caras cotadas. Em Florian\u00f3polis, o valor m\u00e9dio da cesta b\u00e1sica foi de R$ 808,75, no Rio de Janeiro R$ 802,88, e, em Porto Alegre, R$ 770,63.<\/p>\n<p><strong>Custo<\/strong><br \/>\nCuritiba, com R$ 743,69, Vit\u00f3ria com 735,31 e Belo Horizonte com R$ 717,51 completam o setor, mas foram superadas por Campo Grande (R$ 764,24), Goi\u00e2nia (R$ 756,92) e Bras\u00edlia (R$ 756,03). As capitais do Norte e Nordeste pesquisadas t\u00eam custos abaixo da metade do valor do sal\u00e1rio m\u00ednimo. Em Fortaleza a cesta b\u00e1sica custou em m\u00e9dia R$ 700,44, em Bel\u00e9m R$ 697,81, em Natal R$ 634,11, em Salvador R$ 620,23, em Jo\u00e3o Pessoa R$ 618,64, no Recife R$ 598,72 e em Aracaju R$ 571,43.<\/p>\n<p>A an\u00e1lise do Dieese liga o aumento da cesta b\u00e1sica ao comportamento de tr\u00eas itens principais: o caf\u00e9 em p\u00f3, que subiu em todas as cidades nos \u00faltimos 12 meses; o tomate, que aumentou em cinco cidades, mas diminuiu em outras 12 nesse per\u00edodo, mas teve aumento acima de 40% em Salvador, Belo Horizonte, Bras\u00edlia e Rio de Janeiro, por conta das chuvas; e o p\u00e3o franc\u00eas, que aumentou em 16 cidades pesquisadas nos \u00faltimos 12 meses, o que se atribui a uma &#8220;menor oferta de trigo nacional e necessidade maior de importa\u00e7\u00e3o, nesse cen\u00e1rio de c\u00e2mbio desvalorizado&#8221;.<\/p>\n<p>O reajuste poderia ter sido maior, por\u00e9m, foi contido por itens como a batata, que diminuiu em todas as capitais no \u00faltimo ano, o leite integral, que, apesar do reajuste durante o ano, teve queda em 12 cidades em dezembro, e o arroz agulhinha e o feij\u00e3o preto, que t\u00eam ca\u00eddo de pre\u00e7o nos \u00faltimos meses por conta de aumento na oferta.<\/p>\n","protected":false},"excerpt":{"rendered":"<p>Levantamento de pre\u00e7os de itens de consumo b\u00e1sicos nas capitais do pa\u00eds identificou aumento no custo da cesta b\u00e1sica em janeiro deste ano em 13 das 17 cidades pesquisadas. A maior alta foi em Salvador (6,22%), seguida por Bel\u00e9m (4,80%) e Fortaleza (3,96%). As quatro cidades onde houve redu\u00e7\u00e3o no valor global dos itens foram [&hellip;]<\/p>\n","protected":false},"author":2,"featured_media":347316,"comment_status":"closed","ping_status":"closed","sticky":false,"template":"","format":"standard","meta":{"_acf_changed":false,"footnotes":""},"categories":[165],"tags":[],"class_list":["post-347315","post","type-post","status-publish","format-standard","has-post-thumbnail","hentry","category-nordeste"],"acf":[],"yoast_head":"<!-- This site is optimized with the Yoast SEO plugin v27.2 - https:\/\/yoast.com\/product\/yoast-seo-wordpress\/ -->\n<title>Salvador e Fortaleza puxam alta da cesta b\u00e1sica no Pa\u00eds - Notibras<\/title>\n<meta name=\"robots\" content=\"index, follow, max-snippet:-1, max-image-preview:large, max-video-preview:-1\" \/>\n<link rel=\"canonical\" href=\"https:\/\/www.notibras.com\/site\/salvador-e-fortaleza-puxam-alta-da-cesta-basica-no-pais\/\" \/>\n<meta property=\"og:locale\" content=\"pt_BR\" \/>\n<meta property=\"og:type\" content=\"article\" \/>\n<meta property=\"og:title\" content=\"Salvador e Fortaleza puxam alta da cesta b\u00e1sica no Pa\u00eds - Notibras\" \/>\n<meta property=\"og:description\" content=\"Levantamento de pre\u00e7os de itens de consumo b\u00e1sicos nas capitais do pa\u00eds identificou aumento no custo da cesta b\u00e1sica em janeiro deste ano em 13 das 17 cidades pesquisadas. A maior alta foi em Salvador (6,22%), seguida por Bel\u00e9m (4,80%) e Fortaleza (3,96%). As quatro cidades onde houve redu\u00e7\u00e3o no valor global dos itens foram [&hellip;]\" \/>\n<meta property=\"og:url\" content=\"https:\/\/www.notibras.com\/site\/salvador-e-fortaleza-puxam-alta-da-cesta-basica-no-pais\/\" \/>\n<meta property=\"og:site_name\" content=\"Notibras\" \/>\n<meta property=\"article:publisher\" content=\"https:\/\/www.facebook.com\/notibras\/\" \/>\n<meta property=\"article:published_time\" content=\"2025-02-07T03:51:42+00:00\" \/>\n<meta property=\"article:modified_time\" content=\"2025-02-07T04:52:11+00:00\" \/>\n<meta property=\"og:image\" content=\"https:\/\/www.notibras.com\/site\/wp-content\/uploads\/2025\/02\/cestabasica.taniarego.webp\" \/>\n\t<meta property=\"og:image:width\" content=\"1170\" \/>\n\t<meta property=\"og:image:height\" content=\"700\" \/>\n\t<meta property=\"og:image:type\" content=\"image\/webp\" \/>\n<meta name=\"author\" content=\"Reda\u00e7\u00e3o\" \/>\n<meta name=\"twitter:card\" content=\"summary_large_image\" \/>\n<meta name=\"twitter:creator\" content=\"@Notibras\" \/>\n<meta name=\"twitter:site\" content=\"@Notibras\" \/>\n<meta name=\"twitter:label1\" content=\"Escrito por\" \/>\n\t<meta name=\"twitter:data1\" content=\"Reda\u00e7\u00e3o\" \/>\n\t<meta name=\"twitter:label2\" content=\"Est. tempo de leitura\" \/>\n\t<meta name=\"twitter:data2\" content=\"4 minutos\" \/>\n<script type=\"application\/ld+json\" class=\"yoast-schema-graph\">{\"@context\":\"https:\/\/schema.org\",\"@graph\":[{\"@type\":\"Article\",\"@id\":\"https:\/\/www.notibras.com\/site\/salvador-e-fortaleza-puxam-alta-da-cesta-basica-no-pais\/#article\",\"isPartOf\":{\"@id\":\"https:\/\/www.notibras.com\/site\/salvador-e-fortaleza-puxam-alta-da-cesta-basica-no-pais\/\"},\"author\":{\"name\":\"Reda\u00e7\u00e3o\",\"@id\":\"https:\/\/www.notibras.com\/site\/#\/schema\/person\/36ab0979449956132d3e5b517ea76ac8\"},\"headline\":\"Salvador e Fortaleza puxam alta da cesta b\u00e1sica no Pa\u00eds\",\"datePublished\":\"2025-02-07T03:51:42+00:00\",\"dateModified\":\"2025-02-07T04:52:11+00:00\",\"mainEntityOfPage\":{\"@id\":\"https:\/\/www.notibras.com\/site\/salvador-e-fortaleza-puxam-alta-da-cesta-basica-no-pais\/\"},\"wordCount\":585,\"publisher\":{\"@id\":\"https:\/\/www.notibras.com\/site\/#organization\"},\"image\":{\"@id\":\"https:\/\/www.notibras.com\/site\/salvador-e-fortaleza-puxam-alta-da-cesta-basica-no-pais\/#primaryimage\"},\"thumbnailUrl\":\"https:\/\/www.notibras.com\/site\/wp-content\/uploads\/2025\/02\/cestabasica.taniarego.webp\",\"articleSection\":[\"Nordeste\"],\"inLanguage\":\"pt-BR\"},{\"@type\":\"WebPage\",\"@id\":\"https:\/\/www.notibras.com\/site\/salvador-e-fortaleza-puxam-alta-da-cesta-basica-no-pais\/\",\"url\":\"https:\/\/www.notibras.com\/site\/salvador-e-fortaleza-puxam-alta-da-cesta-basica-no-pais\/\",\"name\":\"Salvador e Fortaleza puxam alta da cesta b\u00e1sica no Pa\u00eds - Notibras\",\"isPartOf\":{\"@id\":\"https:\/\/www.notibras.com\/site\/#website\"},\"primaryImageOfPage\":{\"@id\":\"https:\/\/www.notibras.com\/site\/salvador-e-fortaleza-puxam-alta-da-cesta-basica-no-pais\/#primaryimage\"},\"image\":{\"@id\":\"https:\/\/www.notibras.com\/site\/salvador-e-fortaleza-puxam-alta-da-cesta-basica-no-pais\/#primaryimage\"},\"thumbnailUrl\":\"https:\/\/www.notibras.com\/site\/wp-content\/uploads\/2025\/02\/cestabasica.taniarego.webp\",\"datePublished\":\"2025-02-07T03:51:42+00:00\",\"dateModified\":\"2025-02-07T04:52:11+00:00\",\"breadcrumb\":{\"@id\":\"https:\/\/www.notibras.com\/site\/salvador-e-fortaleza-puxam-alta-da-cesta-basica-no-pais\/#breadcrumb\"},\"inLanguage\":\"pt-BR\",\"potentialAction\":[{\"@type\":\"ReadAction\",\"target\":[\"https:\/\/www.notibras.com\/site\/salvador-e-fortaleza-puxam-alta-da-cesta-basica-no-pais\/\"]}]},{\"@type\":\"ImageObject\",\"inLanguage\":\"pt-BR\",\"@id\":\"https:\/\/www.notibras.com\/site\/salvador-e-fortaleza-puxam-alta-da-cesta-basica-no-pais\/#primaryimage\",\"url\":\"https:\/\/www.notibras.com\/site\/wp-content\/uploads\/2025\/02\/cestabasica.taniarego.webp\",\"contentUrl\":\"https:\/\/www.notibras.com\/site\/wp-content\/uploads\/2025\/02\/cestabasica.taniarego.webp\",\"width\":1170,\"height\":700},{\"@type\":\"BreadcrumbList\",\"@id\":\"https:\/\/www.notibras.com\/site\/salvador-e-fortaleza-puxam-alta-da-cesta-basica-no-pais\/#breadcrumb\",\"itemListElement\":[{\"@type\":\"ListItem\",\"position\":1,\"name\":\"In\u00edcio\",\"item\":\"https:\/\/www.notibras.com\/site\/\"},{\"@type\":\"ListItem\",\"position\":2,\"name\":\"Salvador e Fortaleza puxam alta da cesta b\u00e1sica no Pa\u00eds\"}]},{\"@type\":\"WebSite\",\"@id\":\"https:\/\/www.notibras.com\/site\/#website\",\"url\":\"https:\/\/www.notibras.com\/site\/\",\"name\":\"Notibras\",\"description\":\"Not\u00edcias de Bras\u00edlia, do Brasil e do Mundo\",\"publisher\":{\"@id\":\"https:\/\/www.notibras.com\/site\/#organization\"},\"potentialAction\":[{\"@type\":\"SearchAction\",\"target\":{\"@type\":\"EntryPoint\",\"urlTemplate\":\"https:\/\/www.notibras.com\/site\/?s={search_term_string}\"},\"query-input\":{\"@type\":\"PropertyValueSpecification\",\"valueRequired\":true,\"valueName\":\"search_term_string\"}}],\"inLanguage\":\"pt-BR\"},{\"@type\":\"Organization\",\"@id\":\"https:\/\/www.notibras.com\/site\/#organization\",\"name\":\"Grupo Notibras de Comunica\u00e7\u00e3o\",\"url\":\"https:\/\/www.notibras.com\/site\/\",\"logo\":{\"@type\":\"ImageObject\",\"inLanguage\":\"pt-BR\",\"@id\":\"https:\/\/www.notibras.com\/site\/#\/schema\/logo\/image\/\",\"url\":\"https:\/\/www.notibras.com\/site\/wp-content\/uploads\/2023\/01\/notibras23.png\",\"contentUrl\":\"https:\/\/www.notibras.com\/site\/wp-content\/uploads\/2023\/01\/notibras23.png\",\"width\":350,\"height\":87,\"caption\":\"Grupo Notibras de Comunica\u00e7\u00e3o\"},\"image\":{\"@id\":\"https:\/\/www.notibras.com\/site\/#\/schema\/logo\/image\/\"},\"sameAs\":[\"https:\/\/www.facebook.com\/notibras\/\",\"https:\/\/x.com\/Notibras\",\"https:\/\/www.instagram.com\/notibras\/\"]},{\"@type\":\"Person\",\"@id\":\"https:\/\/www.notibras.com\/site\/#\/schema\/person\/36ab0979449956132d3e5b517ea76ac8\",\"name\":\"Reda\u00e7\u00e3o\",\"image\":{\"@type\":\"ImageObject\",\"inLanguage\":\"pt-BR\",\"@id\":\"https:\/\/secure.gravatar.com\/avatar\/e0a867bdedb85fd243eadf09663511f96fc81e0720a4a42581f334ad4303aa6b?s=96&d=mm&r=g\",\"url\":\"https:\/\/secure.gravatar.com\/avatar\/e0a867bdedb85fd243eadf09663511f96fc81e0720a4a42581f334ad4303aa6b?s=96&d=mm&r=g\",\"contentUrl\":\"https:\/\/secure.gravatar.com\/avatar\/e0a867bdedb85fd243eadf09663511f96fc81e0720a4a42581f334ad4303aa6b?s=96&d=mm&r=g\",\"caption\":\"Reda\u00e7\u00e3o\"}}]}<\/script>\n<!-- \/ Yoast SEO plugin. -->","yoast_head_json":{"title":"Salvador e Fortaleza puxam alta da cesta b\u00e1sica no Pa\u00eds - Notibras","robots":{"index":"index","follow":"follow","max-snippet":"max-snippet:-1","max-image-preview":"max-image-preview:large","max-video-preview":"max-video-preview:-1"},"canonical":"https:\/\/www.notibras.com\/site\/salvador-e-fortaleza-puxam-alta-da-cesta-basica-no-pais\/","og_locale":"pt_BR","og_type":"article","og_title":"Salvador e Fortaleza puxam alta da cesta b\u00e1sica no Pa\u00eds - Notibras","og_description":"Levantamento de pre\u00e7os de itens de consumo b\u00e1sicos nas capitais do pa\u00eds identificou aumento no custo da cesta b\u00e1sica em janeiro deste ano em 13 das 17 cidades pesquisadas. A maior alta foi em Salvador (6,22%), seguida por Bel\u00e9m (4,80%) e Fortaleza (3,96%). As quatro cidades onde houve redu\u00e7\u00e3o no valor global dos itens foram [&hellip;]","og_url":"https:\/\/www.notibras.com\/site\/salvador-e-fortaleza-puxam-alta-da-cesta-basica-no-pais\/","og_site_name":"Notibras","article_publisher":"https:\/\/www.facebook.com\/notibras\/","article_published_time":"2025-02-07T03:51:42+00:00","article_modified_time":"2025-02-07T04:52:11+00:00","og_image":[{"width":1170,"height":700,"url":"https:\/\/www.notibras.com\/site\/wp-content\/uploads\/2025\/02\/cestabasica.taniarego.webp","type":"image\/webp"}],"author":"Reda\u00e7\u00e3o","twitter_card":"summary_large_image","twitter_creator":"@Notibras","twitter_site":"@Notibras","twitter_misc":{"Escrito por":"Reda\u00e7\u00e3o","Est. tempo de leitura":"4 minutos"},"schema":{"@context":"https:\/\/schema.org","@graph":[{"@type":"Article","@id":"https:\/\/www.notibras.com\/site\/salvador-e-fortaleza-puxam-alta-da-cesta-basica-no-pais\/#article","isPartOf":{"@id":"https:\/\/www.notibras.com\/site\/salvador-e-fortaleza-puxam-alta-da-cesta-basica-no-pais\/"},"author":{"name":"Reda\u00e7\u00e3o","@id":"https:\/\/www.notibras.com\/site\/#\/schema\/person\/36ab0979449956132d3e5b517ea76ac8"},"headline":"Salvador e Fortaleza puxam alta da cesta b\u00e1sica no Pa\u00eds","datePublished":"2025-02-07T03:51:42+00:00","dateModified":"2025-02-07T04:52:11+00:00","mainEntityOfPage":{"@id":"https:\/\/www.notibras.com\/site\/salvador-e-fortaleza-puxam-alta-da-cesta-basica-no-pais\/"},"wordCount":585,"publisher":{"@id":"https:\/\/www.notibras.com\/site\/#organization"},"image":{"@id":"https:\/\/www.notibras.com\/site\/salvador-e-fortaleza-puxam-alta-da-cesta-basica-no-pais\/#primaryimage"},"thumbnailUrl":"https:\/\/www.notibras.com\/site\/wp-content\/uploads\/2025\/02\/cestabasica.taniarego.webp","articleSection":["Nordeste"],"inLanguage":"pt-BR"},{"@type":"WebPage","@id":"https:\/\/www.notibras.com\/site\/salvador-e-fortaleza-puxam-alta-da-cesta-basica-no-pais\/","url":"https:\/\/www.notibras.com\/site\/salvador-e-fortaleza-puxam-alta-da-cesta-basica-no-pais\/","name":"Salvador e Fortaleza puxam alta da cesta b\u00e1sica no Pa\u00eds - Notibras","isPartOf":{"@id":"https:\/\/www.notibras.com\/site\/#website"},"primaryImageOfPage":{"@id":"https:\/\/www.notibras.com\/site\/salvador-e-fortaleza-puxam-alta-da-cesta-basica-no-pais\/#primaryimage"},"image":{"@id":"https:\/\/www.notibras.com\/site\/salvador-e-fortaleza-puxam-alta-da-cesta-basica-no-pais\/#primaryimage"},"thumbnailUrl":"https:\/\/www.notibras.com\/site\/wp-content\/uploads\/2025\/02\/cestabasica.taniarego.webp","datePublished":"2025-02-07T03:51:42+00:00","dateModified":"2025-02-07T04:52:11+00:00","breadcrumb":{"@id":"https:\/\/www.notibras.com\/site\/salvador-e-fortaleza-puxam-alta-da-cesta-basica-no-pais\/#breadcrumb"},"inLanguage":"pt-BR","potentialAction":[{"@type":"ReadAction","target":["https:\/\/www.notibras.com\/site\/salvador-e-fortaleza-puxam-alta-da-cesta-basica-no-pais\/"]}]},{"@type":"ImageObject","inLanguage":"pt-BR","@id":"https:\/\/www.notibras.com\/site\/salvador-e-fortaleza-puxam-alta-da-cesta-basica-no-pais\/#primaryimage","url":"https:\/\/www.notibras.com\/site\/wp-content\/uploads\/2025\/02\/cestabasica.taniarego.webp","contentUrl":"https:\/\/www.notibras.com\/site\/wp-content\/uploads\/2025\/02\/cestabasica.taniarego.webp","width":1170,"height":700},{"@type":"BreadcrumbList","@id":"https:\/\/www.notibras.com\/site\/salvador-e-fortaleza-puxam-alta-da-cesta-basica-no-pais\/#breadcrumb","itemListElement":[{"@type":"ListItem","position":1,"name":"In\u00edcio","item":"https:\/\/www.notibras.com\/site\/"},{"@type":"ListItem","position":2,"name":"Salvador e Fortaleza puxam alta da cesta b\u00e1sica no Pa\u00eds"}]},{"@type":"WebSite","@id":"https:\/\/www.notibras.com\/site\/#website","url":"https:\/\/www.notibras.com\/site\/","name":"Notibras","description":"Not\u00edcias de Bras\u00edlia, do Brasil e do Mundo","publisher":{"@id":"https:\/\/www.notibras.com\/site\/#organization"},"potentialAction":[{"@type":"SearchAction","target":{"@type":"EntryPoint","urlTemplate":"https:\/\/www.notibras.com\/site\/?s={search_term_string}"},"query-input":{"@type":"PropertyValueSpecification","valueRequired":true,"valueName":"search_term_string"}}],"inLanguage":"pt-BR"},{"@type":"Organization","@id":"https:\/\/www.notibras.com\/site\/#organization","name":"Grupo Notibras de Comunica\u00e7\u00e3o","url":"https:\/\/www.notibras.com\/site\/","logo":{"@type":"ImageObject","inLanguage":"pt-BR","@id":"https:\/\/www.notibras.com\/site\/#\/schema\/logo\/image\/","url":"https:\/\/www.notibras.com\/site\/wp-content\/uploads\/2023\/01\/notibras23.png","contentUrl":"https:\/\/www.notibras.com\/site\/wp-content\/uploads\/2023\/01\/notibras23.png","width":350,"height":87,"caption":"Grupo Notibras de Comunica\u00e7\u00e3o"},"image":{"@id":"https:\/\/www.notibras.com\/site\/#\/schema\/logo\/image\/"},"sameAs":["https:\/\/www.facebook.com\/notibras\/","https:\/\/x.com\/Notibras","https:\/\/www.instagram.com\/notibras\/"]},{"@type":"Person","@id":"https:\/\/www.notibras.com\/site\/#\/schema\/person\/36ab0979449956132d3e5b517ea76ac8","name":"Reda\u00e7\u00e3o","image":{"@type":"ImageObject","inLanguage":"pt-BR","@id":"https:\/\/secure.gravatar.com\/avatar\/e0a867bdedb85fd243eadf09663511f96fc81e0720a4a42581f334ad4303aa6b?s=96&d=mm&r=g","url":"https:\/\/secure.gravatar.com\/avatar\/e0a867bdedb85fd243eadf09663511f96fc81e0720a4a42581f334ad4303aa6b?s=96&d=mm&r=g","contentUrl":"https:\/\/secure.gravatar.com\/avatar\/e0a867bdedb85fd243eadf09663511f96fc81e0720a4a42581f334ad4303aa6b?s=96&d=mm&r=g","caption":"Reda\u00e7\u00e3o"}}]}},"amp_enabled":true,"_links":{"self":[{"href":"https:\/\/www.notibras.com\/site\/wp-json\/wp\/v2\/posts\/347315","targetHints":{"allow":["GET"]}}],"collection":[{"href":"https:\/\/www.notibras.com\/site\/wp-json\/wp\/v2\/posts"}],"about":[{"href":"https:\/\/www.notibras.com\/site\/wp-json\/wp\/v2\/types\/post"}],"author":[{"embeddable":true,"href":"https:\/\/www.notibras.com\/site\/wp-json\/wp\/v2\/users\/2"}],"replies":[{"embeddable":true,"href":"https:\/\/www.notibras.com\/site\/wp-json\/wp\/v2\/comments?post=347315"}],"version-history":[{"count":1,"href":"https:\/\/www.notibras.com\/site\/wp-json\/wp\/v2\/posts\/347315\/revisions"}],"predecessor-version":[{"id":347317,"href":"https:\/\/www.notibras.com\/site\/wp-json\/wp\/v2\/posts\/347315\/revisions\/347317"}],"wp:featuredmedia":[{"embeddable":true,"href":"https:\/\/www.notibras.com\/site\/wp-json\/wp\/v2\/media\/347316"}],"wp:attachment":[{"href":"https:\/\/www.notibras.com\/site\/wp-json\/wp\/v2\/media?parent=347315"}],"wp:term":[{"taxonomy":"category","embeddable":true,"href":"https:\/\/www.notibras.com\/site\/wp-json\/wp\/v2\/categories?post=347315"},{"taxonomy":"post_tag","embeddable":true,"href":"https:\/\/www.notibras.com\/site\/wp-json\/wp\/v2\/tags?post=347315"}],"curies":[{"name":"wp","href":"https:\/\/api.w.org\/{rel}","templated":true}]}}