{"id":347318,"date":"2025-02-07T02:10:52","date_gmt":"2025-02-07T05:10:52","guid":{"rendered":"https:\/\/www.notibras.com\/site\/?p=347318"},"modified":"2025-02-07T02:15:07","modified_gmt":"2025-02-07T05:15:07","slug":"as-vitimas-vitimadas-pelas-chuvas-no-recife-do-prefeito-joao-campos","status":"publish","type":"post","link":"https:\/\/www.notibras.com\/site\/as-vitimas-vitimadas-pelas-chuvas-no-recife-do-prefeito-joao-campos\/","title":{"rendered":"As &#8220;v\u00edtimas vitimadas&#8221; pelas chuvas no Recife do prefeito Jo\u00e3o Campos"},"content":{"rendered":"<p>&#8220;Acabo de chegar ao local onde um deslizamento de barreira, infelizmente, vitimou duas v\u00edtimas&#8221;, afirmou Jo\u00e3o Campos (PSB), ao chegar\u00a0 ao C\u00f3rrego da Bica, favela pendurada em um morro da Zona Norte do Recife, onde m\u00e3e e filha haviam sido soterradas no quarto que dividiam em seu barraco, ap\u00f3s o deslizamento de uma barreira.<\/p>\n<p>H\u00e1 tr\u00eas dias chove torrencialmente na Regi\u00e3o Metropolitana do Recife, revelando a cidade que existe por tr\u00e1s da propaganda, que a cada ano se defronta com as chuvas de ver\u00e3o, que provocam inc\u00f4modo nas zonas mais ricas da cidade com os seus autom\u00f3veis impedidos de circular, mas que leva desespero \u00e0s zonas mais pobres, onde as mortes acontecem.<\/p>\n<p>Maria da Concei\u00e7\u00e3o Br\u00e1s de Melo, 55, e sua filha Nikolle Keli Melo de Souza, 23, j\u00e1 estavam mortas quando os bombeiros atenderam ao pedido de socorro no C\u00f3digo da Bica. O corpo de Maria da Concei\u00e7\u00e3o foi encontrado logo ap\u00f3s o deslizamento da barreira, mas o da sua filha s\u00f3 foi retirado dos escombros na manh\u00e3 desta quinta-feira. Um irm\u00e3o de Nicolle escapou ileso da trag\u00e9dia.<\/p>\n<p>Mas em outros pontos pobres da cidade as chuvas tamb\u00e9m fizeram v\u00edtimas fatais. Ruan Pablo da Silva Melo, de 21 anos, Andr\u00e9 Fernandes da Silva Campelo, 43, Myriam Vitoria Amorim da Silva, 24, Valdomiro Sim\u00f5es da Silva Neto, 18,e um homem resgatado no bairro da Est\u00e2ncia que n\u00e3o foi identificado. Eles morreram m decorr\u00eancia de choques el\u00e9tricos, afogamento e soterramento ap\u00f3s deslizamento de barreiras.<\/p>\n<p>As mortes por choque el\u00e9trico, foram tr\u00eas dessa vez, s\u00e3o ocorr\u00eancias comuns no Recife e nas cidades que circundam a capital pernambucana. S\u00e3o provocadas pela fia\u00e7\u00e3o desordenada dos fios, que al\u00e9m de prejudicar a paisagismo, \u00e9 uma verdadeira trag\u00e9dia anunciada, pois com as chuvas e ventos os fios arrebentam, se espalham pelas cal\u00e7adas ou misturam-se com a \u00e1gua da chuva e matam por choque e vazamento de energia.<\/p>\n<p>Raquel Ludermir, gerente de incid\u00eancia em pol\u00edticas p\u00fablicas da Habitat para a Humanidade Brasil, ma ONG global n\u00e3o governamental, sem fins lucrativos, que tem como causa a promo\u00e7\u00e3o da moradia como um direito humano fundamental afirma que as mortes no Recife s\u00e3o evid\u00eancias de desastres socioambientais que &#8220;n\u00e3o s\u00e3o novidade nem coincid\u00eancia e afetam sempre as mesmas pessoas&#8221;.<\/p>\n<p>&#8220;O que vemos hoje n\u00e3o \u00e9 coincid\u00eancia, n\u00e3o \u00e9 novidade e sim fruto de um processo que a gente chama de racismo ambiental, que \u00e9 basicamente o fato de que esses desastres t\u00eam um endere\u00e7o muito bem definido, um g\u00eanero muito bem definido, uma cor e ra\u00e7a muito bem definida: s\u00e3o principalmente as pessoas pessoas pretas, pobres e perif\u00e9ricas&#8221;, explicou ao Jornal do Comm\u00e9rcio.<\/p>\n<p>Ela pontua que, al\u00e9m da crise clim\u00e1tica, existe uma d\u00edvida hist\u00f3rica do poder p\u00fablico em rela\u00e7\u00e3o \u00e0 quest\u00e3o da moradia, da infraestrutura e da urbaniza\u00e7\u00e3o das \u00e1reas onde as pessoas mais precarizadas moram no Recife e na regi\u00e3o metropolitana.<\/p>\n<p>&#8220;\u00c9 importante entender que ningu\u00e9m escolhe morar em em \u00e1rea de risco. Geralmente, morar em \u00e1rea de risco \u00e9 um resultado da falta de alternativa de moradia que caiba no bolso e tenha as condi\u00e7\u00f5es m\u00ednimas de salubridade, seguran\u00e7a habitacional e seguran\u00e7a fundi\u00e1ria&#8221;, esclarece.<\/p>\n<p>Para ela, \u00e9 necess\u00e1rio o desenvolvimento de pol\u00edticas intersetoriais que consigam abarcar o problema da habita\u00e7\u00e3o e infraestrutura nos munic\u00edpios. &#8220;N\u00e3o adianta fazer a remo\u00e7\u00e3o se n\u00e3o vai haver solu\u00e7\u00e3o habitacional para aquelas fam\u00edlias, porque provavelmente essas fam\u00edlias v\u00e3o para outras \u00e1reas de risco que caibam no bolso&#8221;, pontua.<\/p>\n<p>As &#8220;v\u00edtimas vitimadas&#8221; que o prefeito Jo\u00e3o Campos encontrou no C\u00f3rrego da Bica, certamente n\u00e3o seriam t\u00e3o vitimadas assim, se a Prefeitura atentasse para obras que colaboram como escoamento das \u00e1guas de uma cidade que tem a maioria de suas \u00e1reas de aterros sobre mangues, \u00e9 litor\u00e2nea, e est\u00e1 abaixo do n\u00edvel do mar, nas mar\u00e9s altas.<\/p>\n<p>Bi\u00f3loga da Universidade Federal de Pernambuco, Soraya El-Deir defende o refor\u00e7o das a\u00e7\u00f5es voltadas para o escoamento das \u00e1guas para minimizar os transtornos. &#8220;O governo municipal deu um passo na hora que come\u00e7ou a fazer jardins que acabam absorvendo a \u00e1gua, \u00e1reas de sumidouro, mas veja, ainda n\u00e3o \u00e9 suficiente, porque a gente ainda tem um agravante: h\u00e1 determinadas \u00e1reas da nossa cidades, determinadas ruas, que est\u00e3o abaixo do n\u00edvel m\u00e9dio da mar\u00e9 mais alta&#8221;, disse em entrevista \u00e0 R\u00e1dio Jornal.<\/p>\n<p>De acordo com a professora, quando a mar\u00e9 atinge de 2,20 m a 2,25 m de altura, \u00e9 natural que essas ruas alaguem, o que \u00e9 potencializado pelas chuvas.<\/p>\n<p>A bi\u00f3loga tamb\u00e9m aponta, al\u00e9m dos problemas estruturais e geogr\u00e1ficos da cidade, a quest\u00e3o social. Para ela, h\u00e1 um analfabetismo ambiental na popula\u00e7\u00e3o, que n\u00e3o consegue compreender as consequ\u00eancias das suas a\u00e7\u00f5es para o meio ambiente. &#8220;As pessoas n\u00e3o t\u00eam consci\u00eancia de que o lixo, quando \u00e9 jogado na rua, n\u00e3o desaparece. Ele fica, e acaba sendo canalizado exatamente para as vias de drenagem, entupindo estas&#8221;, lamentou.<\/p>\n<p>Soraya El-Deir apontou ainda que o d\u00e9ficit habitacional faz com que as pessoas precisem construir de forma irregular na beira dos rios, o que tamb\u00e9m gera impactos ambientais.<\/p>\n","protected":false},"excerpt":{"rendered":"<p>&#8220;Acabo de chegar ao local onde um deslizamento de barreira, infelizmente, vitimou duas v\u00edtimas&#8221;, afirmou Jo\u00e3o Campos (PSB), ao chegar\u00a0 ao C\u00f3rrego da Bica, favela pendurada em um morro da Zona Norte do Recife, onde m\u00e3e e filha haviam sido soterradas no quarto que dividiam em seu barraco, ap\u00f3s o deslizamento de uma barreira. H\u00e1 [&hellip;]<\/p>\n","protected":false},"author":2,"featured_media":347319,"comment_status":"closed","ping_status":"closed","sticky":false,"template":"","format":"standard","meta":{"_acf_changed":false,"footnotes":""},"categories":[165],"tags":[],"class_list":["post-347318","post","type-post","status-publish","format-standard","has-post-thumbnail","hentry","category-nordeste"],"acf":[],"yoast_head":"<!-- This site is optimized with the Yoast SEO plugin v27.2 - https:\/\/yoast.com\/product\/yoast-seo-wordpress\/ -->\n<title>As &quot;v\u00edtimas vitimadas&quot; pelas chuvas no Recife do prefeito Jo\u00e3o Campos - Notibras<\/title>\n<meta name=\"robots\" content=\"index, follow, max-snippet:-1, max-image-preview:large, max-video-preview:-1\" \/>\n<link rel=\"canonical\" href=\"https:\/\/www.notibras.com\/site\/as-vitimas-vitimadas-pelas-chuvas-no-recife-do-prefeito-joao-campos\/\" \/>\n<meta property=\"og:locale\" content=\"pt_BR\" \/>\n<meta property=\"og:type\" content=\"article\" \/>\n<meta property=\"og:title\" content=\"As &quot;v\u00edtimas vitimadas&quot; pelas chuvas no Recife do prefeito Jo\u00e3o Campos - Notibras\" \/>\n<meta property=\"og:description\" content=\"&#8220;Acabo de chegar ao local onde um deslizamento de barreira, infelizmente, vitimou duas v\u00edtimas&#8221;, afirmou Jo\u00e3o Campos (PSB), ao chegar\u00a0 ao C\u00f3rrego da Bica, favela pendurada em um morro da Zona Norte do Recife, onde m\u00e3e e filha haviam sido soterradas no quarto que dividiam em seu barraco, ap\u00f3s o deslizamento de uma barreira. H\u00e1 [&hellip;]\" \/>\n<meta property=\"og:url\" content=\"https:\/\/www.notibras.com\/site\/as-vitimas-vitimadas-pelas-chuvas-no-recife-do-prefeito-joao-campos\/\" \/>\n<meta property=\"og:site_name\" content=\"Notibras\" \/>\n<meta property=\"article:publisher\" content=\"https:\/\/www.facebook.com\/notibras\/\" \/>\n<meta property=\"article:published_time\" content=\"2025-02-07T05:10:52+00:00\" \/>\n<meta property=\"article:modified_time\" content=\"2025-02-07T05:15:07+00:00\" \/>\n<meta property=\"og:image\" content=\"https:\/\/www.notibras.com\/site\/wp-content\/uploads\/2025\/02\/9f57d527-d784-4867-bb87-5c64384c9c3f.jpegmortos.recife.jpeg\" \/>\n\t<meta property=\"og:image:width\" content=\"960\" \/>\n\t<meta property=\"og:image:height\" content=\"640\" \/>\n\t<meta property=\"og:image:type\" content=\"image\/jpeg\" \/>\n<meta name=\"author\" content=\"Reda\u00e7\u00e3o\" \/>\n<meta name=\"twitter:card\" content=\"summary_large_image\" \/>\n<meta name=\"twitter:creator\" content=\"@Notibras\" \/>\n<meta name=\"twitter:site\" content=\"@Notibras\" \/>\n<meta name=\"twitter:label1\" content=\"Escrito por\" \/>\n\t<meta name=\"twitter:data1\" content=\"Reda\u00e7\u00e3o\" \/>\n\t<meta name=\"twitter:label2\" content=\"Est. tempo de leitura\" \/>\n\t<meta name=\"twitter:data2\" content=\"5 minutos\" \/>\n<script type=\"application\/ld+json\" class=\"yoast-schema-graph\">{\"@context\":\"https:\/\/schema.org\",\"@graph\":[{\"@type\":\"Article\",\"@id\":\"https:\/\/www.notibras.com\/site\/as-vitimas-vitimadas-pelas-chuvas-no-recife-do-prefeito-joao-campos\/#article\",\"isPartOf\":{\"@id\":\"https:\/\/www.notibras.com\/site\/as-vitimas-vitimadas-pelas-chuvas-no-recife-do-prefeito-joao-campos\/\"},\"author\":{\"name\":\"Reda\u00e7\u00e3o\",\"@id\":\"https:\/\/www.notibras.com\/site\/#\/schema\/person\/36ab0979449956132d3e5b517ea76ac8\"},\"headline\":\"As &#8220;v\u00edtimas vitimadas&#8221; pelas chuvas no Recife do prefeito Jo\u00e3o Campos\",\"datePublished\":\"2025-02-07T05:10:52+00:00\",\"dateModified\":\"2025-02-07T05:15:07+00:00\",\"mainEntityOfPage\":{\"@id\":\"https:\/\/www.notibras.com\/site\/as-vitimas-vitimadas-pelas-chuvas-no-recife-do-prefeito-joao-campos\/\"},\"wordCount\":932,\"publisher\":{\"@id\":\"https:\/\/www.notibras.com\/site\/#organization\"},\"image\":{\"@id\":\"https:\/\/www.notibras.com\/site\/as-vitimas-vitimadas-pelas-chuvas-no-recife-do-prefeito-joao-campos\/#primaryimage\"},\"thumbnailUrl\":\"https:\/\/www.notibras.com\/site\/wp-content\/uploads\/2025\/02\/9f57d527-d784-4867-bb87-5c64384c9c3f.jpegmortos.recife.jpeg\",\"articleSection\":[\"Nordeste\"],\"inLanguage\":\"pt-BR\"},{\"@type\":\"WebPage\",\"@id\":\"https:\/\/www.notibras.com\/site\/as-vitimas-vitimadas-pelas-chuvas-no-recife-do-prefeito-joao-campos\/\",\"url\":\"https:\/\/www.notibras.com\/site\/as-vitimas-vitimadas-pelas-chuvas-no-recife-do-prefeito-joao-campos\/\",\"name\":\"As \\\"v\u00edtimas vitimadas\\\" pelas chuvas no Recife do prefeito Jo\u00e3o Campos - Notibras\",\"isPartOf\":{\"@id\":\"https:\/\/www.notibras.com\/site\/#website\"},\"primaryImageOfPage\":{\"@id\":\"https:\/\/www.notibras.com\/site\/as-vitimas-vitimadas-pelas-chuvas-no-recife-do-prefeito-joao-campos\/#primaryimage\"},\"image\":{\"@id\":\"https:\/\/www.notibras.com\/site\/as-vitimas-vitimadas-pelas-chuvas-no-recife-do-prefeito-joao-campos\/#primaryimage\"},\"thumbnailUrl\":\"https:\/\/www.notibras.com\/site\/wp-content\/uploads\/2025\/02\/9f57d527-d784-4867-bb87-5c64384c9c3f.jpegmortos.recife.jpeg\",\"datePublished\":\"2025-02-07T05:10:52+00:00\",\"dateModified\":\"2025-02-07T05:15:07+00:00\",\"breadcrumb\":{\"@id\":\"https:\/\/www.notibras.com\/site\/as-vitimas-vitimadas-pelas-chuvas-no-recife-do-prefeito-joao-campos\/#breadcrumb\"},\"inLanguage\":\"pt-BR\",\"potentialAction\":[{\"@type\":\"ReadAction\",\"target\":[\"https:\/\/www.notibras.com\/site\/as-vitimas-vitimadas-pelas-chuvas-no-recife-do-prefeito-joao-campos\/\"]}]},{\"@type\":\"ImageObject\",\"inLanguage\":\"pt-BR\",\"@id\":\"https:\/\/www.notibras.com\/site\/as-vitimas-vitimadas-pelas-chuvas-no-recife-do-prefeito-joao-campos\/#primaryimage\",\"url\":\"https:\/\/www.notibras.com\/site\/wp-content\/uploads\/2025\/02\/9f57d527-d784-4867-bb87-5c64384c9c3f.jpegmortos.recife.jpeg\",\"contentUrl\":\"https:\/\/www.notibras.com\/site\/wp-content\/uploads\/2025\/02\/9f57d527-d784-4867-bb87-5c64384c9c3f.jpegmortos.recife.jpeg\",\"width\":960,\"height\":640},{\"@type\":\"BreadcrumbList\",\"@id\":\"https:\/\/www.notibras.com\/site\/as-vitimas-vitimadas-pelas-chuvas-no-recife-do-prefeito-joao-campos\/#breadcrumb\",\"itemListElement\":[{\"@type\":\"ListItem\",\"position\":1,\"name\":\"In\u00edcio\",\"item\":\"https:\/\/www.notibras.com\/site\/\"},{\"@type\":\"ListItem\",\"position\":2,\"name\":\"As &#8220;v\u00edtimas vitimadas&#8221; pelas chuvas no Recife do prefeito Jo\u00e3o Campos\"}]},{\"@type\":\"WebSite\",\"@id\":\"https:\/\/www.notibras.com\/site\/#website\",\"url\":\"https:\/\/www.notibras.com\/site\/\",\"name\":\"Notibras\",\"description\":\"Not\u00edcias de Bras\u00edlia, do Brasil e do Mundo\",\"publisher\":{\"@id\":\"https:\/\/www.notibras.com\/site\/#organization\"},\"potentialAction\":[{\"@type\":\"SearchAction\",\"target\":{\"@type\":\"EntryPoint\",\"urlTemplate\":\"https:\/\/www.notibras.com\/site\/?s={search_term_string}\"},\"query-input\":{\"@type\":\"PropertyValueSpecification\",\"valueRequired\":true,\"valueName\":\"search_term_string\"}}],\"inLanguage\":\"pt-BR\"},{\"@type\":\"Organization\",\"@id\":\"https:\/\/www.notibras.com\/site\/#organization\",\"name\":\"Grupo Notibras de Comunica\u00e7\u00e3o\",\"url\":\"https:\/\/www.notibras.com\/site\/\",\"logo\":{\"@type\":\"ImageObject\",\"inLanguage\":\"pt-BR\",\"@id\":\"https:\/\/www.notibras.com\/site\/#\/schema\/logo\/image\/\",\"url\":\"https:\/\/www.notibras.com\/site\/wp-content\/uploads\/2023\/01\/notibras23.png\",\"contentUrl\":\"https:\/\/www.notibras.com\/site\/wp-content\/uploads\/2023\/01\/notibras23.png\",\"width\":350,\"height\":87,\"caption\":\"Grupo Notibras de Comunica\u00e7\u00e3o\"},\"image\":{\"@id\":\"https:\/\/www.notibras.com\/site\/#\/schema\/logo\/image\/\"},\"sameAs\":[\"https:\/\/www.facebook.com\/notibras\/\",\"https:\/\/x.com\/Notibras\",\"https:\/\/www.instagram.com\/notibras\/\"]},{\"@type\":\"Person\",\"@id\":\"https:\/\/www.notibras.com\/site\/#\/schema\/person\/36ab0979449956132d3e5b517ea76ac8\",\"name\":\"Reda\u00e7\u00e3o\",\"image\":{\"@type\":\"ImageObject\",\"inLanguage\":\"pt-BR\",\"@id\":\"https:\/\/secure.gravatar.com\/avatar\/e0a867bdedb85fd243eadf09663511f96fc81e0720a4a42581f334ad4303aa6b?s=96&d=mm&r=g\",\"url\":\"https:\/\/secure.gravatar.com\/avatar\/e0a867bdedb85fd243eadf09663511f96fc81e0720a4a42581f334ad4303aa6b?s=96&d=mm&r=g\",\"contentUrl\":\"https:\/\/secure.gravatar.com\/avatar\/e0a867bdedb85fd243eadf09663511f96fc81e0720a4a42581f334ad4303aa6b?s=96&d=mm&r=g\",\"caption\":\"Reda\u00e7\u00e3o\"}}]}<\/script>\n<!-- \/ Yoast SEO plugin. -->","yoast_head_json":{"title":"As \"v\u00edtimas vitimadas\" pelas chuvas no Recife do prefeito Jo\u00e3o Campos - Notibras","robots":{"index":"index","follow":"follow","max-snippet":"max-snippet:-1","max-image-preview":"max-image-preview:large","max-video-preview":"max-video-preview:-1"},"canonical":"https:\/\/www.notibras.com\/site\/as-vitimas-vitimadas-pelas-chuvas-no-recife-do-prefeito-joao-campos\/","og_locale":"pt_BR","og_type":"article","og_title":"As \"v\u00edtimas vitimadas\" pelas chuvas no Recife do prefeito Jo\u00e3o Campos - Notibras","og_description":"&#8220;Acabo de chegar ao local onde um deslizamento de barreira, infelizmente, vitimou duas v\u00edtimas&#8221;, afirmou Jo\u00e3o Campos (PSB), ao chegar\u00a0 ao C\u00f3rrego da Bica, favela pendurada em um morro da Zona Norte do Recife, onde m\u00e3e e filha haviam sido soterradas no quarto que dividiam em seu barraco, ap\u00f3s o deslizamento de uma barreira. H\u00e1 [&hellip;]","og_url":"https:\/\/www.notibras.com\/site\/as-vitimas-vitimadas-pelas-chuvas-no-recife-do-prefeito-joao-campos\/","og_site_name":"Notibras","article_publisher":"https:\/\/www.facebook.com\/notibras\/","article_published_time":"2025-02-07T05:10:52+00:00","article_modified_time":"2025-02-07T05:15:07+00:00","og_image":[{"width":960,"height":640,"url":"https:\/\/www.notibras.com\/site\/wp-content\/uploads\/2025\/02\/9f57d527-d784-4867-bb87-5c64384c9c3f.jpegmortos.recife.jpeg","type":"image\/jpeg"}],"author":"Reda\u00e7\u00e3o","twitter_card":"summary_large_image","twitter_creator":"@Notibras","twitter_site":"@Notibras","twitter_misc":{"Escrito por":"Reda\u00e7\u00e3o","Est. tempo de leitura":"5 minutos"},"schema":{"@context":"https:\/\/schema.org","@graph":[{"@type":"Article","@id":"https:\/\/www.notibras.com\/site\/as-vitimas-vitimadas-pelas-chuvas-no-recife-do-prefeito-joao-campos\/#article","isPartOf":{"@id":"https:\/\/www.notibras.com\/site\/as-vitimas-vitimadas-pelas-chuvas-no-recife-do-prefeito-joao-campos\/"},"author":{"name":"Reda\u00e7\u00e3o","@id":"https:\/\/www.notibras.com\/site\/#\/schema\/person\/36ab0979449956132d3e5b517ea76ac8"},"headline":"As &#8220;v\u00edtimas vitimadas&#8221; pelas chuvas no Recife do prefeito Jo\u00e3o Campos","datePublished":"2025-02-07T05:10:52+00:00","dateModified":"2025-02-07T05:15:07+00:00","mainEntityOfPage":{"@id":"https:\/\/www.notibras.com\/site\/as-vitimas-vitimadas-pelas-chuvas-no-recife-do-prefeito-joao-campos\/"},"wordCount":932,"publisher":{"@id":"https:\/\/www.notibras.com\/site\/#organization"},"image":{"@id":"https:\/\/www.notibras.com\/site\/as-vitimas-vitimadas-pelas-chuvas-no-recife-do-prefeito-joao-campos\/#primaryimage"},"thumbnailUrl":"https:\/\/www.notibras.com\/site\/wp-content\/uploads\/2025\/02\/9f57d527-d784-4867-bb87-5c64384c9c3f.jpegmortos.recife.jpeg","articleSection":["Nordeste"],"inLanguage":"pt-BR"},{"@type":"WebPage","@id":"https:\/\/www.notibras.com\/site\/as-vitimas-vitimadas-pelas-chuvas-no-recife-do-prefeito-joao-campos\/","url":"https:\/\/www.notibras.com\/site\/as-vitimas-vitimadas-pelas-chuvas-no-recife-do-prefeito-joao-campos\/","name":"As \"v\u00edtimas vitimadas\" pelas chuvas no Recife do prefeito Jo\u00e3o Campos - Notibras","isPartOf":{"@id":"https:\/\/www.notibras.com\/site\/#website"},"primaryImageOfPage":{"@id":"https:\/\/www.notibras.com\/site\/as-vitimas-vitimadas-pelas-chuvas-no-recife-do-prefeito-joao-campos\/#primaryimage"},"image":{"@id":"https:\/\/www.notibras.com\/site\/as-vitimas-vitimadas-pelas-chuvas-no-recife-do-prefeito-joao-campos\/#primaryimage"},"thumbnailUrl":"https:\/\/www.notibras.com\/site\/wp-content\/uploads\/2025\/02\/9f57d527-d784-4867-bb87-5c64384c9c3f.jpegmortos.recife.jpeg","datePublished":"2025-02-07T05:10:52+00:00","dateModified":"2025-02-07T05:15:07+00:00","breadcrumb":{"@id":"https:\/\/www.notibras.com\/site\/as-vitimas-vitimadas-pelas-chuvas-no-recife-do-prefeito-joao-campos\/#breadcrumb"},"inLanguage":"pt-BR","potentialAction":[{"@type":"ReadAction","target":["https:\/\/www.notibras.com\/site\/as-vitimas-vitimadas-pelas-chuvas-no-recife-do-prefeito-joao-campos\/"]}]},{"@type":"ImageObject","inLanguage":"pt-BR","@id":"https:\/\/www.notibras.com\/site\/as-vitimas-vitimadas-pelas-chuvas-no-recife-do-prefeito-joao-campos\/#primaryimage","url":"https:\/\/www.notibras.com\/site\/wp-content\/uploads\/2025\/02\/9f57d527-d784-4867-bb87-5c64384c9c3f.jpegmortos.recife.jpeg","contentUrl":"https:\/\/www.notibras.com\/site\/wp-content\/uploads\/2025\/02\/9f57d527-d784-4867-bb87-5c64384c9c3f.jpegmortos.recife.jpeg","width":960,"height":640},{"@type":"BreadcrumbList","@id":"https:\/\/www.notibras.com\/site\/as-vitimas-vitimadas-pelas-chuvas-no-recife-do-prefeito-joao-campos\/#breadcrumb","itemListElement":[{"@type":"ListItem","position":1,"name":"In\u00edcio","item":"https:\/\/www.notibras.com\/site\/"},{"@type":"ListItem","position":2,"name":"As &#8220;v\u00edtimas vitimadas&#8221; pelas chuvas no Recife do prefeito Jo\u00e3o Campos"}]},{"@type":"WebSite","@id":"https:\/\/www.notibras.com\/site\/#website","url":"https:\/\/www.notibras.com\/site\/","name":"Notibras","description":"Not\u00edcias de Bras\u00edlia, do Brasil e do Mundo","publisher":{"@id":"https:\/\/www.notibras.com\/site\/#organization"},"potentialAction":[{"@type":"SearchAction","target":{"@type":"EntryPoint","urlTemplate":"https:\/\/www.notibras.com\/site\/?s={search_term_string}"},"query-input":{"@type":"PropertyValueSpecification","valueRequired":true,"valueName":"search_term_string"}}],"inLanguage":"pt-BR"},{"@type":"Organization","@id":"https:\/\/www.notibras.com\/site\/#organization","name":"Grupo Notibras de Comunica\u00e7\u00e3o","url":"https:\/\/www.notibras.com\/site\/","logo":{"@type":"ImageObject","inLanguage":"pt-BR","@id":"https:\/\/www.notibras.com\/site\/#\/schema\/logo\/image\/","url":"https:\/\/www.notibras.com\/site\/wp-content\/uploads\/2023\/01\/notibras23.png","contentUrl":"https:\/\/www.notibras.com\/site\/wp-content\/uploads\/2023\/01\/notibras23.png","width":350,"height":87,"caption":"Grupo Notibras de Comunica\u00e7\u00e3o"},"image":{"@id":"https:\/\/www.notibras.com\/site\/#\/schema\/logo\/image\/"},"sameAs":["https:\/\/www.facebook.com\/notibras\/","https:\/\/x.com\/Notibras","https:\/\/www.instagram.com\/notibras\/"]},{"@type":"Person","@id":"https:\/\/www.notibras.com\/site\/#\/schema\/person\/36ab0979449956132d3e5b517ea76ac8","name":"Reda\u00e7\u00e3o","image":{"@type":"ImageObject","inLanguage":"pt-BR","@id":"https:\/\/secure.gravatar.com\/avatar\/e0a867bdedb85fd243eadf09663511f96fc81e0720a4a42581f334ad4303aa6b?s=96&d=mm&r=g","url":"https:\/\/secure.gravatar.com\/avatar\/e0a867bdedb85fd243eadf09663511f96fc81e0720a4a42581f334ad4303aa6b?s=96&d=mm&r=g","contentUrl":"https:\/\/secure.gravatar.com\/avatar\/e0a867bdedb85fd243eadf09663511f96fc81e0720a4a42581f334ad4303aa6b?s=96&d=mm&r=g","caption":"Reda\u00e7\u00e3o"}}]}},"amp_enabled":true,"_links":{"self":[{"href":"https:\/\/www.notibras.com\/site\/wp-json\/wp\/v2\/posts\/347318","targetHints":{"allow":["GET"]}}],"collection":[{"href":"https:\/\/www.notibras.com\/site\/wp-json\/wp\/v2\/posts"}],"about":[{"href":"https:\/\/www.notibras.com\/site\/wp-json\/wp\/v2\/types\/post"}],"author":[{"embeddable":true,"href":"https:\/\/www.notibras.com\/site\/wp-json\/wp\/v2\/users\/2"}],"replies":[{"embeddable":true,"href":"https:\/\/www.notibras.com\/site\/wp-json\/wp\/v2\/comments?post=347318"}],"version-history":[{"count":1,"href":"https:\/\/www.notibras.com\/site\/wp-json\/wp\/v2\/posts\/347318\/revisions"}],"predecessor-version":[{"id":347320,"href":"https:\/\/www.notibras.com\/site\/wp-json\/wp\/v2\/posts\/347318\/revisions\/347320"}],"wp:featuredmedia":[{"embeddable":true,"href":"https:\/\/www.notibras.com\/site\/wp-json\/wp\/v2\/media\/347319"}],"wp:attachment":[{"href":"https:\/\/www.notibras.com\/site\/wp-json\/wp\/v2\/media?parent=347318"}],"wp:term":[{"taxonomy":"category","embeddable":true,"href":"https:\/\/www.notibras.com\/site\/wp-json\/wp\/v2\/categories?post=347318"},{"taxonomy":"post_tag","embeddable":true,"href":"https:\/\/www.notibras.com\/site\/wp-json\/wp\/v2\/tags?post=347318"}],"curies":[{"name":"wp","href":"https:\/\/api.w.org\/{rel}","templated":true}]}}