{"id":347321,"date":"2025-02-07T02:14:45","date_gmt":"2025-02-07T05:14:45","guid":{"rendered":"https:\/\/www.notibras.com\/site\/?p=347321"},"modified":"2025-02-07T02:14:30","modified_gmt":"2025-02-07T05:14:30","slug":"ambrosio-o-marceneiro-mantem-vai-e-vem-na-mao-porque-se-for-nao-volta","status":"publish","type":"post","link":"https:\/\/www.notibras.com\/site\/ambrosio-o-marceneiro-mantem-vai-e-vem-na-mao-porque-se-for-nao-volta\/","title":{"rendered":"Ambr\u00f3sio, o marceneiro, mant\u00e9m Vai e Vem na m\u00e3o, porque se for, n\u00e3o volta"},"content":{"rendered":"<p>Marcenaria. Pois era esse o of\u00edcio da fam\u00edlia Lisboa, cujo nome era escrito e falado como o da capital de Portugal. No entanto, at\u00e9 onde se tinha not\u00edcias, aquela gente teria vindo de Albufeira, cidade litor\u00e2nea com menos de 45 mil habitantes na regi\u00e3o do Algarve. Talvez tenha sido esse o motivo de se instalarem justamente ali em S\u00e3o Jos\u00e9 do Ribamar, no Maranh\u00e3o.<\/p>\n<p>O munic\u00edpio, que fica quase colado a S\u00e3o Lu\u00eds, caso a capital n\u00e3o fosse uma ilha, acolheu os portugueses, que se sentiram em casa logo que aportaram. \u00c9 verdade que, a princ\u00edpio, estranharam o modo brasileiro de ser e de pronunciar as palavras, como se fossem past\u00e9is de nata expelidos de maneira adocicada por l\u00e1bios sorridentes. Seja como for, logo se deixaram envolver por bra\u00e7os t\u00e3o calorosos.<\/p>\n<p>Os primeiros Lisboas que chegaram ao local foram liderados pelo seu Joaquim Lisboa, tatarav\u00f4 daqueles que, ainda hoje, permanecem por ali. O antepassado, que era afamado por conta da arte de marcenaria, passou seus conhecimentos \u00e0s gera\u00e7\u00f5es futuras, cujo representante mais destacado, nos dias atuais, \u00e9 o velho Ambr\u00f3sio, cujo bigode parece revertido de toda sabedoria, entremeada de certa rabugice.<\/p>\n<p>A despeito da manuten\u00e7\u00e3o do of\u00edcio dos antepassados, Ambr\u00f3sio estava descontente com o descaso do Francisco, \u00fanico neto, em rela\u00e7\u00e3o \u00e0 tradi\u00e7\u00e3o familiar. Ser\u00e1 que ela morreria assim que ele e Ronaldo, o filho, fossem fazer companhia aos parentes no cemit\u00e9rio?<\/p>\n<p>Ambr\u00f3sio, diante de tamanho impasse, andava demasiadamente apegado \u00e0s ferramentas, como se tentando preserv\u00e1-las de poss\u00edvel descarte por parte do herdeiro. Tal desconfian\u00e7a, ali\u00e1s, parecia lhe fazer sentido, pois s\u00e3o todos objetos manuais. Nada dessas modernidades movidas \u00e0 energia el\u00e9trica. Como o velho ainda gosta de dizer, suas ferramentas s\u00e3o movidas a feij\u00e3o.<\/p>\n<p>Apesar de se dar bem com os nativos, Ambr\u00f3sio conserva certos h\u00e1bitos dos seus antepassados, todos homens muito s\u00e9rios, sisudos, de pouqu\u00edssima conversa. Talvez, por isso mesmo, ainda guarde o caracter\u00edstico sotaque dos patr\u00edcios, como se eles nunca tivessem posto os p\u00e9s fora da pequena Albufeira. Inclusive, n\u00e3o se via ningu\u00e9m naquela oficina que estivesse ocioso, sentado e perdendo tempo em bate-papo.<\/p>\n<p>De t\u00e3o apegado \u00e0s ferramentas, Ambr\u00f3sio as conhece por nome. O martelo se chama Toc-Toc; a enx\u00f3, Rompe Madeira; a pua, Fura Pau; o serrote, Vai e Vem. Todas s\u00e3o tratadas com rever\u00eancia pelo marceneiro, que faz quest\u00e3o de lustr\u00e1-las assim que os trabalhos do dia chegam ao fim. Isso, ali\u00e1s, intriga alguns brasileiros, que n\u00e3o entendem por que tanto cuidado com ferramentas, que, por sinal, poderiam ser trocadas por outras mais novas e eficientes.<\/p>\n<p>\u2014 Meu caro Rubens, o segredo \u00e9 trat\u00e1-las com muito respeito, carinho, acomoda\u00e7\u00e3o, manuten\u00e7\u00e3o e sem se esquecer do principal.<\/p>\n<p>\u2014 E qual \u00e9 o principal, seu Ambr\u00f3sio?<\/p>\n<p>\u2014 Nunca devemos emprest\u00e1-las. Jamais! Nem mesmo para o padre.<\/p>\n<p>Ambr\u00f3sio, enquanto cofiava o bigode, que mais parecem duas asas de p\u00e1ssaro, que foram esquecidas de serem engolidas, observava a express\u00e3o de espanto do interlocutor. E foi justamente nesse instante que adentrou na oficina o pequeno Jo\u00e3o, na inoc\u00eancia dos seus oito anos de idade.<\/p>\n<p>\u2014 Seu Ambr\u00f3sio, boa tarde.<\/p>\n<p>\u2014 Boa tarde, Jo\u00e3o.<\/p>\n<p>\u2014 O meu pai me mandou aqui para ver se o senhor empresta o Vai e Vem pra ele.<\/p>\n<p>Rubens, que acabara de ouvir todo aquele discurso sobre as preciosas ferramentas do marceneiro, ficou atento ao desenlace da conversa.<\/p>\n<p>\u2014 Jo\u00e3o, volte e diga ao seu pai que Vai e Vem n\u00e3o vai. Se o Vai e Vem fosse e viesse, Vai e Vem iria. Entretanto, como Vai e Vem vai e n\u00e3o vem, Vai e Vem n\u00e3o vai.<\/p>\n<p>&#8230;&#8230;&#8230;&#8230;&#8230;&#8230;&#8230;&#8230;&#8230;&#8230;&#8230;&#8230;&#8230;&#8230;<\/p>\n<p><strong>Eduardo Mart\u00ednez \u00e9 autor do livro 157 Contos e Cr\u00f4nicas por um Autor Muito Velho\u2019<\/strong><\/p>\n<p>Compre aqui\u00a0<span class=\"x19la9d6 x1fc57z9 x6ikm8r x10wlt62 x19co3pv x1g5zs5t xfibh0p xiy17q3 x1xsqp64 x1lkfr7t xexx8yu x4uap5 x18d9i69 xkhd6sd\"><span class=\"xrtxmta x1bhl96m\"><img decoding=\"async\" class=\"emoji\" role=\"img\" draggable=\"false\" src=\"https:\/\/s.w.org\/images\/core\/emoji\/15.0.3\/svg\/1f447-1f3ff.svg\" alt=\"&#x1f447;&#x1f3ff;\" \/><\/span><\/span><\/p>\n<p><a href=\"https:\/\/www.joanineditora.com.br\/57-contos-e-cronicas-por-um-autor-muito-velho\">https:\/\/www.joanineditora.com.br\/57-contos-e-cronicas-por-um-autor-muito-velho<\/a><\/p>\n","protected":false},"excerpt":{"rendered":"<p>Marcenaria. Pois era esse o of\u00edcio da fam\u00edlia Lisboa, cujo nome era escrito e falado como o da capital de Portugal. No entanto, at\u00e9 onde se tinha not\u00edcias, aquela gente teria vindo de Albufeira, cidade litor\u00e2nea com menos de 45 mil habitantes na regi\u00e3o do Algarve. Talvez tenha sido esse o motivo de se instalarem [&hellip;]<\/p>\n","protected":false},"author":2,"featured_media":347322,"comment_status":"closed","ping_status":"closed","sticky":false,"template":"","format":"standard","meta":{"_acf_changed":false,"footnotes":""},"categories":[165],"tags":[],"class_list":["post-347321","post","type-post","status-publish","format-standard","has-post-thumbnail","hentry","category-nordeste"],"acf":[],"yoast_head":"<!-- This site is optimized with the Yoast SEO plugin v27.2 - https:\/\/yoast.com\/product\/yoast-seo-wordpress\/ -->\n<title>Ambr\u00f3sio, o marceneiro, mant\u00e9m Vai e Vem na m\u00e3o, porque se for, n\u00e3o volta - Notibras<\/title>\n<meta name=\"robots\" content=\"index, follow, max-snippet:-1, max-image-preview:large, max-video-preview:-1\" \/>\n<link rel=\"canonical\" href=\"https:\/\/www.notibras.com\/site\/ambrosio-o-marceneiro-mantem-vai-e-vem-na-mao-porque-se-for-nao-volta\/\" \/>\n<meta property=\"og:locale\" content=\"pt_BR\" \/>\n<meta property=\"og:type\" content=\"article\" \/>\n<meta property=\"og:title\" content=\"Ambr\u00f3sio, o marceneiro, mant\u00e9m Vai e Vem na m\u00e3o, porque se for, n\u00e3o volta - Notibras\" \/>\n<meta property=\"og:description\" content=\"Marcenaria. Pois era esse o of\u00edcio da fam\u00edlia Lisboa, cujo nome era escrito e falado como o da capital de Portugal. No entanto, at\u00e9 onde se tinha not\u00edcias, aquela gente teria vindo de Albufeira, cidade litor\u00e2nea com menos de 45 mil habitantes na regi\u00e3o do Algarve. Talvez tenha sido esse o motivo de se instalarem [&hellip;]\" \/>\n<meta property=\"og:url\" content=\"https:\/\/www.notibras.com\/site\/ambrosio-o-marceneiro-mantem-vai-e-vem-na-mao-porque-se-for-nao-volta\/\" \/>\n<meta property=\"og:site_name\" content=\"Notibras\" \/>\n<meta property=\"article:publisher\" content=\"https:\/\/www.facebook.com\/notibras\/\" \/>\n<meta property=\"article:published_time\" content=\"2025-02-07T05:14:45+00:00\" \/>\n<meta property=\"og:image\" content=\"https:\/\/www.notibras.com\/site\/wp-content\/uploads\/2025\/02\/seritevaievem.jpg\" \/>\n\t<meta property=\"og:image:width\" content=\"1280\" \/>\n\t<meta property=\"og:image:height\" content=\"1206\" \/>\n\t<meta property=\"og:image:type\" content=\"image\/jpeg\" \/>\n<meta name=\"author\" content=\"Reda\u00e7\u00e3o\" \/>\n<meta name=\"twitter:card\" content=\"summary_large_image\" \/>\n<meta name=\"twitter:creator\" content=\"@Notibras\" \/>\n<meta name=\"twitter:site\" content=\"@Notibras\" \/>\n<meta name=\"twitter:label1\" content=\"Escrito por\" \/>\n\t<meta name=\"twitter:data1\" content=\"Reda\u00e7\u00e3o\" \/>\n\t<meta name=\"twitter:label2\" content=\"Est. tempo de leitura\" \/>\n\t<meta name=\"twitter:data2\" content=\"4 minutos\" \/>\n<script type=\"application\/ld+json\" class=\"yoast-schema-graph\">{\"@context\":\"https:\/\/schema.org\",\"@graph\":[{\"@type\":\"Article\",\"@id\":\"https:\/\/www.notibras.com\/site\/ambrosio-o-marceneiro-mantem-vai-e-vem-na-mao-porque-se-for-nao-volta\/#article\",\"isPartOf\":{\"@id\":\"https:\/\/www.notibras.com\/site\/ambrosio-o-marceneiro-mantem-vai-e-vem-na-mao-porque-se-for-nao-volta\/\"},\"author\":{\"name\":\"Reda\u00e7\u00e3o\",\"@id\":\"https:\/\/www.notibras.com\/site\/#\/schema\/person\/36ab0979449956132d3e5b517ea76ac8\"},\"headline\":\"Ambr\u00f3sio, o marceneiro, mant\u00e9m Vai e Vem na m\u00e3o, porque se for, n\u00e3o volta\",\"datePublished\":\"2025-02-07T05:14:45+00:00\",\"mainEntityOfPage\":{\"@id\":\"https:\/\/www.notibras.com\/site\/ambrosio-o-marceneiro-mantem-vai-e-vem-na-mao-porque-se-for-nao-volta\/\"},\"wordCount\":686,\"publisher\":{\"@id\":\"https:\/\/www.notibras.com\/site\/#organization\"},\"image\":{\"@id\":\"https:\/\/www.notibras.com\/site\/ambrosio-o-marceneiro-mantem-vai-e-vem-na-mao-porque-se-for-nao-volta\/#primaryimage\"},\"thumbnailUrl\":\"https:\/\/www.notibras.com\/site\/wp-content\/uploads\/2025\/02\/seritevaievem.jpg\",\"articleSection\":[\"Nordeste\"],\"inLanguage\":\"pt-BR\"},{\"@type\":\"WebPage\",\"@id\":\"https:\/\/www.notibras.com\/site\/ambrosio-o-marceneiro-mantem-vai-e-vem-na-mao-porque-se-for-nao-volta\/\",\"url\":\"https:\/\/www.notibras.com\/site\/ambrosio-o-marceneiro-mantem-vai-e-vem-na-mao-porque-se-for-nao-volta\/\",\"name\":\"Ambr\u00f3sio, o marceneiro, mant\u00e9m Vai e Vem na m\u00e3o, porque se for, n\u00e3o volta - Notibras\",\"isPartOf\":{\"@id\":\"https:\/\/www.notibras.com\/site\/#website\"},\"primaryImageOfPage\":{\"@id\":\"https:\/\/www.notibras.com\/site\/ambrosio-o-marceneiro-mantem-vai-e-vem-na-mao-porque-se-for-nao-volta\/#primaryimage\"},\"image\":{\"@id\":\"https:\/\/www.notibras.com\/site\/ambrosio-o-marceneiro-mantem-vai-e-vem-na-mao-porque-se-for-nao-volta\/#primaryimage\"},\"thumbnailUrl\":\"https:\/\/www.notibras.com\/site\/wp-content\/uploads\/2025\/02\/seritevaievem.jpg\",\"datePublished\":\"2025-02-07T05:14:45+00:00\",\"breadcrumb\":{\"@id\":\"https:\/\/www.notibras.com\/site\/ambrosio-o-marceneiro-mantem-vai-e-vem-na-mao-porque-se-for-nao-volta\/#breadcrumb\"},\"inLanguage\":\"pt-BR\",\"potentialAction\":[{\"@type\":\"ReadAction\",\"target\":[\"https:\/\/www.notibras.com\/site\/ambrosio-o-marceneiro-mantem-vai-e-vem-na-mao-porque-se-for-nao-volta\/\"]}]},{\"@type\":\"ImageObject\",\"inLanguage\":\"pt-BR\",\"@id\":\"https:\/\/www.notibras.com\/site\/ambrosio-o-marceneiro-mantem-vai-e-vem-na-mao-porque-se-for-nao-volta\/#primaryimage\",\"url\":\"https:\/\/www.notibras.com\/site\/wp-content\/uploads\/2025\/02\/seritevaievem.jpg\",\"contentUrl\":\"https:\/\/www.notibras.com\/site\/wp-content\/uploads\/2025\/02\/seritevaievem.jpg\",\"width\":1280,\"height\":1206},{\"@type\":\"BreadcrumbList\",\"@id\":\"https:\/\/www.notibras.com\/site\/ambrosio-o-marceneiro-mantem-vai-e-vem-na-mao-porque-se-for-nao-volta\/#breadcrumb\",\"itemListElement\":[{\"@type\":\"ListItem\",\"position\":1,\"name\":\"In\u00edcio\",\"item\":\"https:\/\/www.notibras.com\/site\/\"},{\"@type\":\"ListItem\",\"position\":2,\"name\":\"Ambr\u00f3sio, o marceneiro, mant\u00e9m Vai e Vem na m\u00e3o, porque se for, n\u00e3o volta\"}]},{\"@type\":\"WebSite\",\"@id\":\"https:\/\/www.notibras.com\/site\/#website\",\"url\":\"https:\/\/www.notibras.com\/site\/\",\"name\":\"Notibras\",\"description\":\"Not\u00edcias de Bras\u00edlia, do Brasil e do Mundo\",\"publisher\":{\"@id\":\"https:\/\/www.notibras.com\/site\/#organization\"},\"potentialAction\":[{\"@type\":\"SearchAction\",\"target\":{\"@type\":\"EntryPoint\",\"urlTemplate\":\"https:\/\/www.notibras.com\/site\/?s={search_term_string}\"},\"query-input\":{\"@type\":\"PropertyValueSpecification\",\"valueRequired\":true,\"valueName\":\"search_term_string\"}}],\"inLanguage\":\"pt-BR\"},{\"@type\":\"Organization\",\"@id\":\"https:\/\/www.notibras.com\/site\/#organization\",\"name\":\"Grupo Notibras de Comunica\u00e7\u00e3o\",\"url\":\"https:\/\/www.notibras.com\/site\/\",\"logo\":{\"@type\":\"ImageObject\",\"inLanguage\":\"pt-BR\",\"@id\":\"https:\/\/www.notibras.com\/site\/#\/schema\/logo\/image\/\",\"url\":\"https:\/\/www.notibras.com\/site\/wp-content\/uploads\/2023\/01\/notibras23.png\",\"contentUrl\":\"https:\/\/www.notibras.com\/site\/wp-content\/uploads\/2023\/01\/notibras23.png\",\"width\":350,\"height\":87,\"caption\":\"Grupo Notibras de Comunica\u00e7\u00e3o\"},\"image\":{\"@id\":\"https:\/\/www.notibras.com\/site\/#\/schema\/logo\/image\/\"},\"sameAs\":[\"https:\/\/www.facebook.com\/notibras\/\",\"https:\/\/x.com\/Notibras\",\"https:\/\/www.instagram.com\/notibras\/\"]},{\"@type\":\"Person\",\"@id\":\"https:\/\/www.notibras.com\/site\/#\/schema\/person\/36ab0979449956132d3e5b517ea76ac8\",\"name\":\"Reda\u00e7\u00e3o\",\"image\":{\"@type\":\"ImageObject\",\"inLanguage\":\"pt-BR\",\"@id\":\"https:\/\/secure.gravatar.com\/avatar\/e0a867bdedb85fd243eadf09663511f96fc81e0720a4a42581f334ad4303aa6b?s=96&d=mm&r=g\",\"url\":\"https:\/\/secure.gravatar.com\/avatar\/e0a867bdedb85fd243eadf09663511f96fc81e0720a4a42581f334ad4303aa6b?s=96&d=mm&r=g\",\"contentUrl\":\"https:\/\/secure.gravatar.com\/avatar\/e0a867bdedb85fd243eadf09663511f96fc81e0720a4a42581f334ad4303aa6b?s=96&d=mm&r=g\",\"caption\":\"Reda\u00e7\u00e3o\"}}]}<\/script>\n<!-- \/ Yoast SEO plugin. -->","yoast_head_json":{"title":"Ambr\u00f3sio, o marceneiro, mant\u00e9m Vai e Vem na m\u00e3o, porque se for, n\u00e3o volta - Notibras","robots":{"index":"index","follow":"follow","max-snippet":"max-snippet:-1","max-image-preview":"max-image-preview:large","max-video-preview":"max-video-preview:-1"},"canonical":"https:\/\/www.notibras.com\/site\/ambrosio-o-marceneiro-mantem-vai-e-vem-na-mao-porque-se-for-nao-volta\/","og_locale":"pt_BR","og_type":"article","og_title":"Ambr\u00f3sio, o marceneiro, mant\u00e9m Vai e Vem na m\u00e3o, porque se for, n\u00e3o volta - Notibras","og_description":"Marcenaria. Pois era esse o of\u00edcio da fam\u00edlia Lisboa, cujo nome era escrito e falado como o da capital de Portugal. No entanto, at\u00e9 onde se tinha not\u00edcias, aquela gente teria vindo de Albufeira, cidade litor\u00e2nea com menos de 45 mil habitantes na regi\u00e3o do Algarve. Talvez tenha sido esse o motivo de se instalarem [&hellip;]","og_url":"https:\/\/www.notibras.com\/site\/ambrosio-o-marceneiro-mantem-vai-e-vem-na-mao-porque-se-for-nao-volta\/","og_site_name":"Notibras","article_publisher":"https:\/\/www.facebook.com\/notibras\/","article_published_time":"2025-02-07T05:14:45+00:00","og_image":[{"width":1280,"height":1206,"url":"https:\/\/www.notibras.com\/site\/wp-content\/uploads\/2025\/02\/seritevaievem.jpg","type":"image\/jpeg"}],"author":"Reda\u00e7\u00e3o","twitter_card":"summary_large_image","twitter_creator":"@Notibras","twitter_site":"@Notibras","twitter_misc":{"Escrito por":"Reda\u00e7\u00e3o","Est. tempo de leitura":"4 minutos"},"schema":{"@context":"https:\/\/schema.org","@graph":[{"@type":"Article","@id":"https:\/\/www.notibras.com\/site\/ambrosio-o-marceneiro-mantem-vai-e-vem-na-mao-porque-se-for-nao-volta\/#article","isPartOf":{"@id":"https:\/\/www.notibras.com\/site\/ambrosio-o-marceneiro-mantem-vai-e-vem-na-mao-porque-se-for-nao-volta\/"},"author":{"name":"Reda\u00e7\u00e3o","@id":"https:\/\/www.notibras.com\/site\/#\/schema\/person\/36ab0979449956132d3e5b517ea76ac8"},"headline":"Ambr\u00f3sio, o marceneiro, mant\u00e9m Vai e Vem na m\u00e3o, porque se for, n\u00e3o volta","datePublished":"2025-02-07T05:14:45+00:00","mainEntityOfPage":{"@id":"https:\/\/www.notibras.com\/site\/ambrosio-o-marceneiro-mantem-vai-e-vem-na-mao-porque-se-for-nao-volta\/"},"wordCount":686,"publisher":{"@id":"https:\/\/www.notibras.com\/site\/#organization"},"image":{"@id":"https:\/\/www.notibras.com\/site\/ambrosio-o-marceneiro-mantem-vai-e-vem-na-mao-porque-se-for-nao-volta\/#primaryimage"},"thumbnailUrl":"https:\/\/www.notibras.com\/site\/wp-content\/uploads\/2025\/02\/seritevaievem.jpg","articleSection":["Nordeste"],"inLanguage":"pt-BR"},{"@type":"WebPage","@id":"https:\/\/www.notibras.com\/site\/ambrosio-o-marceneiro-mantem-vai-e-vem-na-mao-porque-se-for-nao-volta\/","url":"https:\/\/www.notibras.com\/site\/ambrosio-o-marceneiro-mantem-vai-e-vem-na-mao-porque-se-for-nao-volta\/","name":"Ambr\u00f3sio, o marceneiro, mant\u00e9m Vai e Vem na m\u00e3o, porque se for, n\u00e3o volta - Notibras","isPartOf":{"@id":"https:\/\/www.notibras.com\/site\/#website"},"primaryImageOfPage":{"@id":"https:\/\/www.notibras.com\/site\/ambrosio-o-marceneiro-mantem-vai-e-vem-na-mao-porque-se-for-nao-volta\/#primaryimage"},"image":{"@id":"https:\/\/www.notibras.com\/site\/ambrosio-o-marceneiro-mantem-vai-e-vem-na-mao-porque-se-for-nao-volta\/#primaryimage"},"thumbnailUrl":"https:\/\/www.notibras.com\/site\/wp-content\/uploads\/2025\/02\/seritevaievem.jpg","datePublished":"2025-02-07T05:14:45+00:00","breadcrumb":{"@id":"https:\/\/www.notibras.com\/site\/ambrosio-o-marceneiro-mantem-vai-e-vem-na-mao-porque-se-for-nao-volta\/#breadcrumb"},"inLanguage":"pt-BR","potentialAction":[{"@type":"ReadAction","target":["https:\/\/www.notibras.com\/site\/ambrosio-o-marceneiro-mantem-vai-e-vem-na-mao-porque-se-for-nao-volta\/"]}]},{"@type":"ImageObject","inLanguage":"pt-BR","@id":"https:\/\/www.notibras.com\/site\/ambrosio-o-marceneiro-mantem-vai-e-vem-na-mao-porque-se-for-nao-volta\/#primaryimage","url":"https:\/\/www.notibras.com\/site\/wp-content\/uploads\/2025\/02\/seritevaievem.jpg","contentUrl":"https:\/\/www.notibras.com\/site\/wp-content\/uploads\/2025\/02\/seritevaievem.jpg","width":1280,"height":1206},{"@type":"BreadcrumbList","@id":"https:\/\/www.notibras.com\/site\/ambrosio-o-marceneiro-mantem-vai-e-vem-na-mao-porque-se-for-nao-volta\/#breadcrumb","itemListElement":[{"@type":"ListItem","position":1,"name":"In\u00edcio","item":"https:\/\/www.notibras.com\/site\/"},{"@type":"ListItem","position":2,"name":"Ambr\u00f3sio, o marceneiro, mant\u00e9m Vai e Vem na m\u00e3o, porque se for, n\u00e3o volta"}]},{"@type":"WebSite","@id":"https:\/\/www.notibras.com\/site\/#website","url":"https:\/\/www.notibras.com\/site\/","name":"Notibras","description":"Not\u00edcias de Bras\u00edlia, do Brasil e do Mundo","publisher":{"@id":"https:\/\/www.notibras.com\/site\/#organization"},"potentialAction":[{"@type":"SearchAction","target":{"@type":"EntryPoint","urlTemplate":"https:\/\/www.notibras.com\/site\/?s={search_term_string}"},"query-input":{"@type":"PropertyValueSpecification","valueRequired":true,"valueName":"search_term_string"}}],"inLanguage":"pt-BR"},{"@type":"Organization","@id":"https:\/\/www.notibras.com\/site\/#organization","name":"Grupo Notibras de Comunica\u00e7\u00e3o","url":"https:\/\/www.notibras.com\/site\/","logo":{"@type":"ImageObject","inLanguage":"pt-BR","@id":"https:\/\/www.notibras.com\/site\/#\/schema\/logo\/image\/","url":"https:\/\/www.notibras.com\/site\/wp-content\/uploads\/2023\/01\/notibras23.png","contentUrl":"https:\/\/www.notibras.com\/site\/wp-content\/uploads\/2023\/01\/notibras23.png","width":350,"height":87,"caption":"Grupo Notibras de Comunica\u00e7\u00e3o"},"image":{"@id":"https:\/\/www.notibras.com\/site\/#\/schema\/logo\/image\/"},"sameAs":["https:\/\/www.facebook.com\/notibras\/","https:\/\/x.com\/Notibras","https:\/\/www.instagram.com\/notibras\/"]},{"@type":"Person","@id":"https:\/\/www.notibras.com\/site\/#\/schema\/person\/36ab0979449956132d3e5b517ea76ac8","name":"Reda\u00e7\u00e3o","image":{"@type":"ImageObject","inLanguage":"pt-BR","@id":"https:\/\/secure.gravatar.com\/avatar\/e0a867bdedb85fd243eadf09663511f96fc81e0720a4a42581f334ad4303aa6b?s=96&d=mm&r=g","url":"https:\/\/secure.gravatar.com\/avatar\/e0a867bdedb85fd243eadf09663511f96fc81e0720a4a42581f334ad4303aa6b?s=96&d=mm&r=g","contentUrl":"https:\/\/secure.gravatar.com\/avatar\/e0a867bdedb85fd243eadf09663511f96fc81e0720a4a42581f334ad4303aa6b?s=96&d=mm&r=g","caption":"Reda\u00e7\u00e3o"}}]}},"amp_enabled":true,"_links":{"self":[{"href":"https:\/\/www.notibras.com\/site\/wp-json\/wp\/v2\/posts\/347321","targetHints":{"allow":["GET"]}}],"collection":[{"href":"https:\/\/www.notibras.com\/site\/wp-json\/wp\/v2\/posts"}],"about":[{"href":"https:\/\/www.notibras.com\/site\/wp-json\/wp\/v2\/types\/post"}],"author":[{"embeddable":true,"href":"https:\/\/www.notibras.com\/site\/wp-json\/wp\/v2\/users\/2"}],"replies":[{"embeddable":true,"href":"https:\/\/www.notibras.com\/site\/wp-json\/wp\/v2\/comments?post=347321"}],"version-history":[{"count":1,"href":"https:\/\/www.notibras.com\/site\/wp-json\/wp\/v2\/posts\/347321\/revisions"}],"predecessor-version":[{"id":347323,"href":"https:\/\/www.notibras.com\/site\/wp-json\/wp\/v2\/posts\/347321\/revisions\/347323"}],"wp:featuredmedia":[{"embeddable":true,"href":"https:\/\/www.notibras.com\/site\/wp-json\/wp\/v2\/media\/347322"}],"wp:attachment":[{"href":"https:\/\/www.notibras.com\/site\/wp-json\/wp\/v2\/media?parent=347321"}],"wp:term":[{"taxonomy":"category","embeddable":true,"href":"https:\/\/www.notibras.com\/site\/wp-json\/wp\/v2\/categories?post=347321"},{"taxonomy":"post_tag","embeddable":true,"href":"https:\/\/www.notibras.com\/site\/wp-json\/wp\/v2\/tags?post=347321"}],"curies":[{"name":"wp","href":"https:\/\/api.w.org\/{rel}","templated":true}]}}