{"id":347324,"date":"2025-02-07T03:07:58","date_gmt":"2025-02-07T06:07:58","guid":{"rendered":"https:\/\/www.notibras.com\/site\/?p=347324"},"modified":"2025-02-07T03:11:26","modified_gmt":"2025-02-07T06:11:26","slug":"sai-abobora-e-entra-carne-de-sol-com-manteiga-de-garrafa-o-conto-so-depois","status":"publish","type":"post","link":"https:\/\/www.notibras.com\/site\/sai-abobora-e-entra-carne-de-sol-com-manteiga-de-garrafa-o-conto-so-depois\/","title":{"rendered":"Sai ab\u00f3bora e entra carne de sol com manteiga de garrafa; o conto s\u00f3 depois"},"content":{"rendered":"<p>N\u00e3o raro, preciso recorrer \u00e0 Dona Irene, minha formid\u00e1vel, esplendorosa, linda, meu tudo e um tanto mais, para entreter diariamente meus leitores aqui no <strong>Notibras<\/strong>. E foi o que deveria ter acontecido hoje. Todavia, antes que eu pudesse abrir a boca, eis que a minha mulher se vira e me manda essa:<\/p>\n<p>\u2014 Edu, por que voc\u00ea n\u00e3o escreve um conto repleto de proparox\u00edtonas?<\/p>\n<p>\u2014 O qu\u00ea?<\/p>\n<p>\u2014 Pro-pa-ro-x\u00ed-to-nas!<\/p>\n<p>\u2014 Mas por qu\u00ea?<\/p>\n<p>\u2014 Hum&#8230; Adoro a sonoridade dessas palavras.<\/p>\n<p>Gente, por que ela n\u00e3o me pediu para assistir a mais uma partida do seu amado Palmeiras? Do jeito que estou, at\u00e9 encararia rever aquela chatice de uma tal s\u00e9rie de zumbis, que ela adora. Ali\u00e1s, aqui cabe at\u00e9 um adendo sobre um embate que tivemos durante aquele tempo, quando ela parecia uma crian\u00e7a de seis anos diante de uma enorme bacia de pipoca assistindo a um espet\u00e1culo de mortes provocado por um bando de mortos-vivos.<\/p>\n<p>N\u00e3o por acaso, havia mesmo uma enorme bacia de pipoca no colo da minha amada. Pipoca, por sinal, feita por mim.<\/p>\n<p>\u2014 Amorzinho, n\u00e3o \u00e9 estranho?<\/p>\n<p>\u2014 O que \u00e9 estranho, Edu?<\/p>\n<p>\u2014 N\u00e3o tem uma mosca.<\/p>\n<p>\u2014 Mosca?<\/p>\n<p>\u2014 \u00c9.<\/p>\n<p>\u2014 E por que haveria mosca?<\/p>\n<p>\u2014 U\u00e9, esse povo todo a\u00ed n\u00e3o t\u00e1 morto?<\/p>\n<p>\u2014 E da\u00ed?<\/p>\n<p>\u2014 Ent\u00e3o, cad\u00ea as moscas?<\/p>\n<p>\u2014 Edu, todas as moscas foram extintas.<\/p>\n<p>Sem argumentos para enfrentar tamanha imperiosidade, tratei de meter a m\u00e3o na bacia e pegar um pouco da pipoca, que, por sinal, estava deliciosa.<\/p>\n<p>Proparox\u00edtonas? Eis que c\u00e1 estou lavando a lou\u00e7a da noite anterior e imaginando um bando de proparox\u00edtonas amontoadas. Ser\u00e1 que posso usar tamb\u00e9m as proparox\u00edtonas facultativas? \u00c9 que hist\u00f3ria, gl\u00f3ria, s\u00e9rie transitam entre a paroxitonidade e a proparoxitonidade. Olha eu aqui fazendo neologismos que nem Guimar\u00e3es Rosa. Se bem que, de vez em quando, me pego consultando o dicion\u00e1rio para verificar se alguma palavra dita pelo Gilberto Gil tamb\u00e9m n\u00e3o teria sido criada por ele.<\/p>\n<p>Melhor ficar restrito \u00e0s proparox\u00edtonas genu\u00ednas, que n\u00e3o deixam d\u00favida a ningu\u00e9m. A ningu\u00e9m? Ih, ningu\u00e9m \u00e9 t\u00e3o pouca gente, que \u00e9 como se eu quisesse dar uma espiadela do lado oposto a todo mundo.<\/p>\n<p>L\u00e2mpada, pl\u00e1stico&#8230; O mundo precisa resolver esse problema do pl\u00e1stico, antes que o planeta entre em colapso. Pl\u00e1stico recicl\u00e1vel, ent\u00e3o. Mas recicl\u00e1vel \u00e9 parox\u00edtona. Que fosse at\u00e9 ox\u00edtona, n\u00e3o importa, precisamos resolver o lance do pl\u00e1stico.<\/p>\n<p>Pl\u00e1stica, r\u00fastico, m\u00fasica, br\u00f3colis&#8230; Br\u00f3colis! Gente, a minha ca\u00e7ula, de apenas um ano, adora br\u00f3colis. Acredita nisso?<\/p>\n<p>M\u00fasica, b\u00e1sico, autom\u00e1tico, c\u00e9lebre, c\u00e9rebro, c\u00e9lere, cat\u00f3lico, el\u00e9trico, p\u00e1gina, m\u00e9todo, prop\u00f3sito, s\u00fabito, t\u00e9cnica, x\u00edcara, v\u00edtima, t\u00edpico, p\u00e9tala, \u00f4nibus, p\u00eassego, v\u00e2ndalo, gin\u00e1stica, f\u00f4lego, est\u00fapido, \u00faltima, harm\u00f4nico, est\u00f4mago&#8230;<\/p>\n<p>Deu at\u00e9 fome. O problema \u00e9 que, neste momento, s\u00f3 consigo pensar em uma \u00fanica proparox\u00edtona, que \u00e9 ab\u00f3bora. N\u00e3o que eu desgoste. No entanto, estou mais propenso a degustar algo que me apete\u00e7a de verdade: carne de sol com aipim frito e muita manteiga de garrafa. Quanto ao tal conto repleto de proparox\u00edtona, melhor deix\u00e1-lo para momento mais prop\u00edcio, que, afinal, ainda que facultativa, tamb\u00e9m \u00e9 uma palavra proparox\u00edtona.<\/p>\n<p>&#8230;&#8230;&#8230;&#8230;&#8230;&#8230;&#8230;&#8230;&#8230;&#8230;&#8230;&#8230;&#8230;&#8230;&#8230;<\/p>\n<p><strong>Eduardo Mart\u00ednez \u00e9 autor do livro 157 Contos e Cr\u00f4nicas por um Autor Muito Velho\u2019<\/strong><\/p>\n<p>Compre aqui\u00a0<span class=\"x19la9d6 x1fc57z9 x6ikm8r x10wlt62 x19co3pv x1g5zs5t xfibh0p xiy17q3 x1xsqp64 x1lkfr7t xexx8yu x4uap5 x18d9i69 xkhd6sd\"><span class=\"xrtxmta x1bhl96m\"><img decoding=\"async\" class=\"emoji\" role=\"img\" draggable=\"false\" src=\"https:\/\/s.w.org\/images\/core\/emoji\/15.0.3\/svg\/1f447-1f3ff.svg\" alt=\"&#x1f447;&#x1f3ff;\" \/><\/span><\/span><\/p>\n<p><a href=\"https:\/\/www.joanineditora.com.br\/57-contos-e-cronicas-por-um-autor-muito-velho\">https:\/\/www.joanineditora.com.br\/57-contos-e-cronicas-por-um-autor-muito-velho<\/a><\/p>\n","protected":false},"excerpt":{"rendered":"<p>N\u00e3o raro, preciso recorrer \u00e0 Dona Irene, minha formid\u00e1vel, esplendorosa, linda, meu tudo e um tanto mais, para entreter diariamente meus leitores aqui no Notibras. E foi o que deveria ter acontecido hoje. Todavia, antes que eu pudesse abrir a boca, eis que a minha mulher se vira e me manda essa: \u2014 Edu, por [&hellip;]<\/p>\n","protected":false},"author":2,"featured_media":347325,"comment_status":"closed","ping_status":"closed","sticky":false,"template":"","format":"standard","meta":{"_acf_changed":false,"footnotes":""},"categories":[161],"tags":[],"class_list":["post-347324","post","type-post","status-publish","format-standard","has-post-thumbnail","hentry","category-quadradinho-em-foco"],"acf":[],"_links":{"self":[{"href":"https:\/\/www.notibras.com\/site\/wp-json\/wp\/v2\/posts\/347324","targetHints":{"allow":["GET"]}}],"collection":[{"href":"https:\/\/www.notibras.com\/site\/wp-json\/wp\/v2\/posts"}],"about":[{"href":"https:\/\/www.notibras.com\/site\/wp-json\/wp\/v2\/types\/post"}],"author":[{"embeddable":true,"href":"https:\/\/www.notibras.com\/site\/wp-json\/wp\/v2\/users\/2"}],"replies":[{"embeddable":true,"href":"https:\/\/www.notibras.com\/site\/wp-json\/wp\/v2\/comments?post=347324"}],"version-history":[{"count":4,"href":"https:\/\/www.notibras.com\/site\/wp-json\/wp\/v2\/posts\/347324\/revisions"}],"predecessor-version":[{"id":347329,"href":"https:\/\/www.notibras.com\/site\/wp-json\/wp\/v2\/posts\/347324\/revisions\/347329"}],"wp:featuredmedia":[{"embeddable":true,"href":"https:\/\/www.notibras.com\/site\/wp-json\/wp\/v2\/media\/347325"}],"wp:attachment":[{"href":"https:\/\/www.notibras.com\/site\/wp-json\/wp\/v2\/media?parent=347324"}],"wp:term":[{"taxonomy":"category","embeddable":true,"href":"https:\/\/www.notibras.com\/site\/wp-json\/wp\/v2\/categories?post=347324"},{"taxonomy":"post_tag","embeddable":true,"href":"https:\/\/www.notibras.com\/site\/wp-json\/wp\/v2\/tags?post=347324"}],"curies":[{"name":"wp","href":"https:\/\/api.w.org\/{rel}","templated":true}]}}