{"id":347355,"date":"2025-02-07T00:01:06","date_gmt":"2025-02-07T03:01:06","guid":{"rendered":"https:\/\/www.notibras.com\/site\/?p=347355"},"modified":"2025-02-07T04:21:13","modified_gmt":"2025-02-07T07:21:13","slug":"moraes-mantem-prisao-de-militar-suspeito-de-planejar-morte-de-lula","status":"publish","type":"post","link":"https:\/\/www.notibras.com\/site\/moraes-mantem-prisao-de-militar-suspeito-de-planejar-morte-de-lula\/","title":{"rendered":"Moraes mant\u00e9m pris\u00e3o de militar suspeito de planejar morte de Lula"},"content":{"rendered":"<p>O ministro Alexandre de Moraes, do Supremo Tribunal Federal (STF), negou nesta quinta-feira (6) o pedido de liberdade feito pela defesa do tenente-coronel Rafael Martins de Oliveira. Ele \u00e9 um dos oficiais das for\u00e7as especiais do Ex\u00e9rcito \u2013 os chamados \u201ckids pretos\u201d \u2013 suspeitos de planejar a morte do presidente Luiz In\u00e1cio Lula da Silva.<\/p>\n<p>Moraes rejeitou os argumentos do advogado Felipe de Moraes Pinheiro, que nega qualquer envolvimento de seu cliente no caso. O defensor havia pedido que a pris\u00e3o preventiva fosse substitu\u00edda por outras medidas cautelares, argumentando n\u00e3o haver \u201cprovas s\u00f3lidas e robustas capazes de fundamentar uma futura condena\u00e7\u00e3o\u201d.<\/p>\n<p>Oliveira foi preso em 19 de novembro, no \u00e2mbito da opera\u00e7\u00e3o Tempus Veritatis, na qual a Pol\u00edcia Federal investigou a exist\u00eancia de uma trama envolvendo militares e civis para a realiza\u00e7\u00e3o de um golpe de Estado no fim do governo do ex-presidente Jair Bolsonaro, em 2022. No momento, o tenente-coronel est\u00e1 custodiado em Niter\u00f3i (RJ), em uma instala\u00e7\u00e3o do Ex\u00e9rcito.<\/p>\n<p>Segundo as investiga\u00e7\u00f5es, Oliveira teria viabilizado uma linha telef\u00f4nica para ser utilizada na execu\u00e7\u00e3o do assassinato de Lula. O oficial teria ainda prestado uma esp\u00e9cie de consultoria, orientando sobre procedimentos para que o plano fosse bem-sucedido. O vice-presidente Geraldo Alckmin tamb\u00e9m era um dos alvos.<\/p>\n<p>Al\u00e9m de Oliveira, outros kids pretos tamb\u00e9m foram presos preventivamente no caso, incluindo o tenente-coronel H\u00e9lio Ferreira Lima, que nesta quarta-feira (5) tamb\u00e9m foi mantido na pris\u00e3o por Moraes, embora tenha tido sua transfer\u00eancia para Manaus autorizada pelo ministro.<\/p>\n<p>De acordo com relat\u00f3rio da Pol\u00edcia Federal, os assassinatos de Lula, Alckmin e do pr\u00f3prio Alexandre de Moraes seriam parte de um planejamento mais amplo, cujo objetivo era manter Bolsonaro no poder ap\u00f3s ele ter sido derrotado na corrida presidencial de 2022.<\/p>\n<p>Ainda em novembro do ano passado, o pr\u00f3prio Bolsonaro e outras 36 pessoas foram indiciadas pela PF por participa\u00e7\u00e3o no plano golpista, entre elas o tenente-coronel Rafael Martins de Oliveira.<\/p>\n<p>Para sustentar a inoc\u00eancia de Rafael Martins de Oliveira, a defesa do militar apontou para o fato de que nenhuma den\u00fancia foi apresentada at\u00e9 o momento. \u201cCumpre destacar que, at\u00e9 agora, j\u00e1 foram realizadas in\u00fameras buscas e apreens\u00f5es, al\u00e9m de pris\u00f5es de outros investigados e dilig\u00eancias diversas, sem que, contudo, tenha sido formulada qualquer den\u00fancia em desfavor do requerente\u201d, escreveu o advogado no pedido de liberdade rejeitado por Moraes.<\/p>\n","protected":false},"excerpt":{"rendered":"<p>O ministro Alexandre de Moraes, do Supremo Tribunal Federal (STF), negou nesta quinta-feira (6) o pedido de liberdade feito pela defesa do tenente-coronel Rafael Martins de Oliveira. Ele \u00e9 um dos oficiais das for\u00e7as especiais do Ex\u00e9rcito \u2013 os chamados \u201ckids pretos\u201d \u2013 suspeitos de planejar a morte do presidente Luiz In\u00e1cio Lula da Silva. [&hellip;]<\/p>\n","protected":false},"author":2,"featured_media":347356,"comment_status":"closed","ping_status":"closed","sticky":false,"template":"","format":"standard","meta":{"_acf_changed":false,"footnotes":""},"categories":[16],"tags":[],"class_list":["post-347355","post","type-post","status-publish","format-standard","has-post-thumbnail","hentry","category-brasil"],"acf":[],"_links":{"self":[{"href":"https:\/\/www.notibras.com\/site\/wp-json\/wp\/v2\/posts\/347355","targetHints":{"allow":["GET"]}}],"collection":[{"href":"https:\/\/www.notibras.com\/site\/wp-json\/wp\/v2\/posts"}],"about":[{"href":"https:\/\/www.notibras.com\/site\/wp-json\/wp\/v2\/types\/post"}],"author":[{"embeddable":true,"href":"https:\/\/www.notibras.com\/site\/wp-json\/wp\/v2\/users\/2"}],"replies":[{"embeddable":true,"href":"https:\/\/www.notibras.com\/site\/wp-json\/wp\/v2\/comments?post=347355"}],"version-history":[{"count":1,"href":"https:\/\/www.notibras.com\/site\/wp-json\/wp\/v2\/posts\/347355\/revisions"}],"predecessor-version":[{"id":347357,"href":"https:\/\/www.notibras.com\/site\/wp-json\/wp\/v2\/posts\/347355\/revisions\/347357"}],"wp:featuredmedia":[{"embeddable":true,"href":"https:\/\/www.notibras.com\/site\/wp-json\/wp\/v2\/media\/347356"}],"wp:attachment":[{"href":"https:\/\/www.notibras.com\/site\/wp-json\/wp\/v2\/media?parent=347355"}],"wp:term":[{"taxonomy":"category","embeddable":true,"href":"https:\/\/www.notibras.com\/site\/wp-json\/wp\/v2\/categories?post=347355"},{"taxonomy":"post_tag","embeddable":true,"href":"https:\/\/www.notibras.com\/site\/wp-json\/wp\/v2\/tags?post=347355"}],"curies":[{"name":"wp","href":"https:\/\/api.w.org\/{rel}","templated":true}]}}