{"id":347368,"date":"2025-02-07T00:15:17","date_gmt":"2025-02-07T03:15:17","guid":{"rendered":"https:\/\/www.notibras.com\/site\/?p=347368"},"modified":"2025-02-07T08:17:09","modified_gmt":"2025-02-07T11:17:09","slug":"nao-da-para-ser-um-pdot-para-os-ricos-cutuca-fabio-felix","status":"publish","type":"post","link":"https:\/\/www.notibras.com\/site\/nao-da-para-ser-um-pdot-para-os-ricos-cutuca-fabio-felix\/","title":{"rendered":"\u201cN\u00e3o d\u00e1 para ser um PDOT para os ricos\u201d, cutuca F\u00e1bio Felix"},"content":{"rendered":"<p>Uma das principais pautas do ano, o Plano Diretor de Ordenamento Territorial (PDOT) foi tema de pronunciamentos na sess\u00e3o da C\u00e2mara Legislativa. Ao levantar o assunto em plen\u00e1rio, o deputado F\u00e1bio Felix (Psol) mandou um recado para o Buriti: \u201cO governo n\u00e3o pode atropelar o Legislativo. O projeto precisa ser protocolado na Casa para estabelecermos um calend\u00e1rio de debates\u201d.<\/p>\n<p>O distrital ressaltou a import\u00e2ncia do PDOT: \u201c\u00c9 estrat\u00e9gico para regulariza\u00e7\u00e3o fundi\u00e1ria, indicar futuros parcelamentos, tratar da mobilidade urbana e da quest\u00e3o ambiental\u201d.<\/p>\n<p>O parlamentar ainda refor\u00e7ou: \u201cA gente quer que a discuss\u00e3o da habita\u00e7\u00e3o popular seja feita. N\u00e3o d\u00e1 para ser mais um PDOT para os ricos, tem que ser um PDOT que democratize o acesso \u00e0 cidade e \u00e0 infraestrutura urbana\u201d.<\/p>\n<p>Na sequ\u00eancia, o l\u00edder da Minoria na Casa, deputado Gabriel Magno (PT), resumiu o PDOT como \u201cum instrumento de disputa de quem vai ficar com o qu\u00ea na cidade; quem vai ficar com cada parte da cidade\u201d.<\/p>\n<p>Magno insistiu na defesa dos \u201cdireitos e interesses da popula\u00e7\u00e3o\u201d: \u201cQueremos uma cidade com mais creches p\u00fablicas, que priorize a mobilidade urbana de massa e que dialogue com a quest\u00e3o ambiental\u201d.<\/p>\n<p>Por fim, disparou: \u201cN\u00e3o d\u00e1 para o governo achar que a CLDF vai s\u00f3 respaldar o projeto que chegar aqui\u201d.<\/p>\n","protected":false},"excerpt":{"rendered":"<p>Uma das principais pautas do ano, o Plano Diretor de Ordenamento Territorial (PDOT) foi tema de pronunciamentos na sess\u00e3o da C\u00e2mara Legislativa. Ao levantar o assunto em plen\u00e1rio, o deputado F\u00e1bio Felix (Psol) mandou um recado para o Buriti: \u201cO governo n\u00e3o pode atropelar o Legislativo. O projeto precisa ser protocolado na Casa para estabelecermos [&hellip;]<\/p>\n","protected":false},"author":2,"featured_media":347369,"comment_status":"closed","ping_status":"closed","sticky":false,"template":"","format":"standard","meta":{"_acf_changed":false,"footnotes":""},"categories":[161],"tags":[],"class_list":["post-347368","post","type-post","status-publish","format-standard","has-post-thumbnail","hentry","category-quadradinho-em-foco"],"acf":[],"_links":{"self":[{"href":"https:\/\/www.notibras.com\/site\/wp-json\/wp\/v2\/posts\/347368","targetHints":{"allow":["GET"]}}],"collection":[{"href":"https:\/\/www.notibras.com\/site\/wp-json\/wp\/v2\/posts"}],"about":[{"href":"https:\/\/www.notibras.com\/site\/wp-json\/wp\/v2\/types\/post"}],"author":[{"embeddable":true,"href":"https:\/\/www.notibras.com\/site\/wp-json\/wp\/v2\/users\/2"}],"replies":[{"embeddable":true,"href":"https:\/\/www.notibras.com\/site\/wp-json\/wp\/v2\/comments?post=347368"}],"version-history":[{"count":1,"href":"https:\/\/www.notibras.com\/site\/wp-json\/wp\/v2\/posts\/347368\/revisions"}],"predecessor-version":[{"id":347370,"href":"https:\/\/www.notibras.com\/site\/wp-json\/wp\/v2\/posts\/347368\/revisions\/347370"}],"wp:featuredmedia":[{"embeddable":true,"href":"https:\/\/www.notibras.com\/site\/wp-json\/wp\/v2\/media\/347369"}],"wp:attachment":[{"href":"https:\/\/www.notibras.com\/site\/wp-json\/wp\/v2\/media?parent=347368"}],"wp:term":[{"taxonomy":"category","embeddable":true,"href":"https:\/\/www.notibras.com\/site\/wp-json\/wp\/v2\/categories?post=347368"},{"taxonomy":"post_tag","embeddable":true,"href":"https:\/\/www.notibras.com\/site\/wp-json\/wp\/v2\/tags?post=347368"}],"curies":[{"name":"wp","href":"https:\/\/api.w.org\/{rel}","templated":true}]}}