{"id":34737,"date":"2015-01-22T23:48:34","date_gmt":"2015-01-23T02:48:34","guid":{"rendered":"http:\/\/www.notibras.com\/site\/?p=34737"},"modified":"2015-01-23T11:16:29","modified_gmt":"2015-01-23T14:16:29","slug":"psd-vai-para-o-lado-de-chinaglia-e-acirra-disputa-pelo-comando-da-camara","status":"publish","type":"post","link":"https:\/\/www.notibras.com\/site\/psd-vai-para-o-lado-de-chinaglia-e-acirra-disputa-pelo-comando-da-camara\/","title":{"rendered":"PSD fica com Chinaglia e acirra disputa na C\u00e2mara"},"content":{"rendered":"<div class=\"content\">\n<p>A disputa pela presid\u00eancia da C\u00e2mara dos Deputados, a dez dias da elei\u00e7\u00e3o, se intensifica com a decis\u00e3o anunciada nesta quinta 22, pelo PSD, que tem 36 deputados, de apoiar o candidato do PT, Arlindo Chinaglia (SP). A legenda presidida por Gilberto Kassab, ministro das Cidades, tamb\u00e9m decidiu compor o bloco formado por PT, PCdoB e Pros.<\/p>\n<p>Ao anunciar o apoio, o l\u00edder do partido na Casa, deputado Rog\u00e9rio Rosso (DF), disse que a decis\u00e3o foi \u201ctranquila. Fazemos isso com muita tranquilidade, com muita convic\u00e7\u00e3o, sabemos dos desafios que teremos na pr\u00f3xima legislatura\u201d, disse Rosso durante entrevista coletiva para anunciar o apoio.<\/p>\n<p>Chinaglia disse que o apoio \u00e9 significativo e que pretende trabalhar para ampliar o bloco. \u201cVamos trabalhar juntos para ampliarmos esse bloco para termos uma chapa bastante forte para disputar a mesa e tamb\u00e9m as comiss\u00f5es\u201d, disse o petista, que est\u00e1 na expectativa de que o PDT tamb\u00e9m anuncie apoio \u00e0 sua candidatura.<\/p>\n<p>Marcada para o dia 1\u00ba de fevereiro, a elei\u00e7\u00e3o j\u00e1 \u00e9 considerada a mais disputada dos \u00faltimos anos, desde que o ent\u00e3o deputado Severino Cavalcanti derrotou o petista Lu\u00eds Eduardo Greenhalgh em 2005. Al\u00e9m de Chinaglia, tamb\u00e9m concorrem ao cargo o l\u00edder do PMDB, Eduardo Cunha, principal opositor do petista, e o l\u00edder do PSB, J\u00falio Delgado (MG).<\/p>\n<p>Nesta semana, o l\u00edder do PMDB, acusou o governo de interferir na disputa. Na ter\u00e7a-feira, em entrevista a jornalistas, Cunha divulgou uma grava\u00e7\u00e3o em que um correligion\u00e1rio seu aparece conversando com um suposto policial federal, que o estaria chantageando para n\u00e3o revelar informa\u00e7\u00f5es comprometedoras do l\u00edder do PMDB.<\/p>\n<p>Na ocasi\u00e3o, o peemedebista insinuou a possibilidade de que a grava\u00e7\u00e3o teria sido feita pela c\u00fapula da Pol\u00edcia Federal a mando do governo. As acusa\u00e7\u00f5es foram recha\u00e7adas no dia seguinte pelo l\u00edder do governo Henrique Fontana (PT-RS), que as classificou como inaceit\u00e1veis.<\/p>\n<p>\u201cSe eu me sinto lesado e apareceu uma grava\u00e7\u00e3o que eu digo que \u00e9 falsa, eu devo, com aquilo que chamo de uma tranquilidade institucional, pedir uma investiga\u00e7\u00e3o. Mas n\u00e3o imediatamente politizar aquilo dizendo que seria algo forjado com o objetivo de interferir na disputa eleitoral\u201d, afirmou o petista. Em resposta, Cunha postou mensagem em uma rede social chamando Fontana de \u201cfraco\u201d e \u201cdesagregador\u201d.<\/p>\n<blockquote><p>Enquanto Cunha trocou acusa\u00e7\u00f5es com o governo, J\u00falio Delgado aproveitou a semana para viajar em busca de apoios. Ele come\u00e7ou a semana indo ao Rio Grande do Sul, onde foi recebido pelo vice-presidente nacional do PSB, o ga\u00facho Beto Albuquerque, e pelo governador Jos\u00e9 Ivo Sartori (PMDB).\u00a0 Hoje, o l\u00edder do PSB, que tem evitado comentar a troca de acusa\u00e7\u00f5es entre petistas e peemedebistas, foi recebido no Pal\u00e1cio das Esmeraldas, em Goi\u00e2nia, pelo governador de Goi\u00e1s, Marconi Perillo (PSDB).<\/p><\/blockquote>\n<p>A postura de Delgado irritou o Solidariedade que divulgou nesta quinta-feira, nota em que disse considerar deixar o bloco de atua\u00e7\u00e3o parlamentar formado em dezembro passado com PSB, PPS e PV por causa da disputa pela presid\u00eancia da C\u00e2mara. O partido ap\u00f3ia a candidatura de Eduardo Cunha (PMDB-RJ), enquanto as demais siglas defendem a de J\u00falio Delgado (PSB-MG). A nota considera a candidatura do pessebista como &#8220;invi\u00e1vel&#8221; e &#8220;linha auxiliar&#8221; da candidatura de Arlindo Chinaglia (PT-SP), candidato do governo.<\/p>\n<p>A elei\u00e7\u00e3o para a presid\u00eancia da C\u00e2mara e a Mesa Diretora da Casa ocorrer\u00e1 ap\u00f3s a posse dos deputados para a pr\u00f3xima legislatura. Ela poder\u00e1 ser realizada em at\u00e9 dois turnos, caso nenhum dos candidatos consiga a maioria absoluta dos votos. O mesmo vale para os cargos da Mesa. Neste caso, ser\u00e1 realizada uma nova elei\u00e7\u00e3o para aquele cargo, ao qual concorrer\u00e3o os dois candidatos mais votados na primeira elei\u00e7\u00e3o.<\/p>\n<header>\n<div class=\"node-info\"><strong>Luciano Nascimento, ABr<\/strong><strong><br \/>\n<\/strong><\/div>\n<\/header>\n<\/div>\n","protected":false},"excerpt":{"rendered":"<p>A disputa pela presid\u00eancia da C\u00e2mara dos Deputados, a dez dias da elei\u00e7\u00e3o, se intensifica com a decis\u00e3o anunciada nesta quinta 22, pelo PSD, que tem 36 deputados, de apoiar o candidato do PT, Arlindo Chinaglia (SP). A legenda presidida por Gilberto Kassab, ministro das Cidades, tamb\u00e9m decidiu compor o bloco formado por PT, PCdoB [&hellip;]<\/p>\n","protected":false},"author":2,"featured_media":34738,"comment_status":"open","ping_status":"closed","sticky":false,"template":"","format":"standard","meta":{"_acf_changed":false,"footnotes":""},"categories":[16],"tags":[],"class_list":["post-34737","post","type-post","status-publish","format-standard","has-post-thumbnail","hentry","category-brasil"],"acf":[],"yoast_head":"<!-- This site is optimized with the Yoast SEO plugin v27.2 - https:\/\/yoast.com\/product\/yoast-seo-wordpress\/ -->\n<title>PSD fica com Chinaglia e acirra disputa na C\u00e2mara - Notibras<\/title>\n<meta name=\"robots\" content=\"index, follow, max-snippet:-1, max-image-preview:large, max-video-preview:-1\" \/>\n<link rel=\"canonical\" href=\"https:\/\/www.notibras.com\/site\/psd-vai-para-o-lado-de-chinaglia-e-acirra-disputa-pelo-comando-da-camara\/\" \/>\n<meta property=\"og:locale\" content=\"pt_BR\" \/>\n<meta property=\"og:type\" content=\"article\" \/>\n<meta property=\"og:title\" content=\"PSD fica com Chinaglia e acirra disputa na C\u00e2mara - Notibras\" \/>\n<meta property=\"og:description\" content=\"A disputa pela presid\u00eancia da C\u00e2mara dos Deputados, a dez dias da elei\u00e7\u00e3o, se intensifica com a decis\u00e3o anunciada nesta quinta 22, pelo PSD, que tem 36 deputados, de apoiar o candidato do PT, Arlindo Chinaglia (SP). A legenda presidida por Gilberto Kassab, ministro das Cidades, tamb\u00e9m decidiu compor o bloco formado por PT, PCdoB [&hellip;]\" \/>\n<meta property=\"og:url\" content=\"https:\/\/www.notibras.com\/site\/psd-vai-para-o-lado-de-chinaglia-e-acirra-disputa-pelo-comando-da-camara\/\" \/>\n<meta property=\"og:site_name\" content=\"Notibras\" \/>\n<meta property=\"article:publisher\" content=\"https:\/\/www.facebook.com\/notibras\/\" \/>\n<meta property=\"article:published_time\" content=\"2015-01-23T02:48:34+00:00\" \/>\n<meta property=\"article:modified_time\" content=\"2015-01-23T14:16:29+00:00\" \/>\n<meta property=\"og:image\" content=\"https:\/\/www.notibras.com\/site\/wp-content\/uploads\/2015\/01\/rogerio-rosso.jpg\" \/>\n\t<meta property=\"og:image:width\" content=\"450\" \/>\n\t<meta property=\"og:image:height\" content=\"335\" \/>\n\t<meta property=\"og:image:type\" content=\"image\/jpeg\" \/>\n<meta name=\"author\" content=\"Reda\u00e7\u00e3o\" \/>\n<meta name=\"twitter:card\" content=\"summary_large_image\" \/>\n<meta name=\"twitter:creator\" content=\"@Notibras\" \/>\n<meta name=\"twitter:site\" content=\"@Notibras\" \/>\n<meta name=\"twitter:label1\" content=\"Escrito por\" \/>\n\t<meta name=\"twitter:data1\" content=\"Reda\u00e7\u00e3o\" \/>\n\t<meta name=\"twitter:label2\" content=\"Est. tempo de leitura\" \/>\n\t<meta name=\"twitter:data2\" content=\"3 minutos\" \/>\n<script type=\"application\/ld+json\" class=\"yoast-schema-graph\">{\"@context\":\"https:\/\/schema.org\",\"@graph\":[{\"@type\":\"Article\",\"@id\":\"https:\/\/www.notibras.com\/site\/psd-vai-para-o-lado-de-chinaglia-e-acirra-disputa-pelo-comando-da-camara\/#article\",\"isPartOf\":{\"@id\":\"https:\/\/www.notibras.com\/site\/psd-vai-para-o-lado-de-chinaglia-e-acirra-disputa-pelo-comando-da-camara\/\"},\"author\":{\"name\":\"Reda\u00e7\u00e3o\",\"@id\":\"https:\/\/www.notibras.com\/site\/#\/schema\/person\/36ab0979449956132d3e5b517ea76ac8\"},\"headline\":\"PSD fica com Chinaglia e acirra disputa na C\u00e2mara\",\"datePublished\":\"2015-01-23T02:48:34+00:00\",\"dateModified\":\"2015-01-23T14:16:29+00:00\",\"mainEntityOfPage\":{\"@id\":\"https:\/\/www.notibras.com\/site\/psd-vai-para-o-lado-de-chinaglia-e-acirra-disputa-pelo-comando-da-camara\/\"},\"wordCount\":662,\"commentCount\":0,\"publisher\":{\"@id\":\"https:\/\/www.notibras.com\/site\/#organization\"},\"image\":{\"@id\":\"https:\/\/www.notibras.com\/site\/psd-vai-para-o-lado-de-chinaglia-e-acirra-disputa-pelo-comando-da-camara\/#primaryimage\"},\"thumbnailUrl\":\"https:\/\/www.notibras.com\/site\/wp-content\/uploads\/2015\/01\/rogerio-rosso.jpg\",\"articleSection\":[\"Brasil\"],\"inLanguage\":\"pt-BR\",\"potentialAction\":[{\"@type\":\"CommentAction\",\"name\":\"Comment\",\"target\":[\"https:\/\/www.notibras.com\/site\/psd-vai-para-o-lado-de-chinaglia-e-acirra-disputa-pelo-comando-da-camara\/#respond\"]}]},{\"@type\":\"WebPage\",\"@id\":\"https:\/\/www.notibras.com\/site\/psd-vai-para-o-lado-de-chinaglia-e-acirra-disputa-pelo-comando-da-camara\/\",\"url\":\"https:\/\/www.notibras.com\/site\/psd-vai-para-o-lado-de-chinaglia-e-acirra-disputa-pelo-comando-da-camara\/\",\"name\":\"PSD fica com Chinaglia e acirra disputa na C\u00e2mara - Notibras\",\"isPartOf\":{\"@id\":\"https:\/\/www.notibras.com\/site\/#website\"},\"primaryImageOfPage\":{\"@id\":\"https:\/\/www.notibras.com\/site\/psd-vai-para-o-lado-de-chinaglia-e-acirra-disputa-pelo-comando-da-camara\/#primaryimage\"},\"image\":{\"@id\":\"https:\/\/www.notibras.com\/site\/psd-vai-para-o-lado-de-chinaglia-e-acirra-disputa-pelo-comando-da-camara\/#primaryimage\"},\"thumbnailUrl\":\"https:\/\/www.notibras.com\/site\/wp-content\/uploads\/2015\/01\/rogerio-rosso.jpg\",\"datePublished\":\"2015-01-23T02:48:34+00:00\",\"dateModified\":\"2015-01-23T14:16:29+00:00\",\"breadcrumb\":{\"@id\":\"https:\/\/www.notibras.com\/site\/psd-vai-para-o-lado-de-chinaglia-e-acirra-disputa-pelo-comando-da-camara\/#breadcrumb\"},\"inLanguage\":\"pt-BR\",\"potentialAction\":[{\"@type\":\"ReadAction\",\"target\":[\"https:\/\/www.notibras.com\/site\/psd-vai-para-o-lado-de-chinaglia-e-acirra-disputa-pelo-comando-da-camara\/\"]}]},{\"@type\":\"ImageObject\",\"inLanguage\":\"pt-BR\",\"@id\":\"https:\/\/www.notibras.com\/site\/psd-vai-para-o-lado-de-chinaglia-e-acirra-disputa-pelo-comando-da-camara\/#primaryimage\",\"url\":\"https:\/\/www.notibras.com\/site\/wp-content\/uploads\/2015\/01\/rogerio-rosso.jpg\",\"contentUrl\":\"https:\/\/www.notibras.com\/site\/wp-content\/uploads\/2015\/01\/rogerio-rosso.jpg\",\"width\":450,\"height\":335},{\"@type\":\"BreadcrumbList\",\"@id\":\"https:\/\/www.notibras.com\/site\/psd-vai-para-o-lado-de-chinaglia-e-acirra-disputa-pelo-comando-da-camara\/#breadcrumb\",\"itemListElement\":[{\"@type\":\"ListItem\",\"position\":1,\"name\":\"In\u00edcio\",\"item\":\"https:\/\/www.notibras.com\/site\/\"},{\"@type\":\"ListItem\",\"position\":2,\"name\":\"PSD fica com Chinaglia e acirra disputa na C\u00e2mara\"}]},{\"@type\":\"WebSite\",\"@id\":\"https:\/\/www.notibras.com\/site\/#website\",\"url\":\"https:\/\/www.notibras.com\/site\/\",\"name\":\"Notibras\",\"description\":\"Not\u00edcias de Bras\u00edlia, do Brasil e do Mundo\",\"publisher\":{\"@id\":\"https:\/\/www.notibras.com\/site\/#organization\"},\"potentialAction\":[{\"@type\":\"SearchAction\",\"target\":{\"@type\":\"EntryPoint\",\"urlTemplate\":\"https:\/\/www.notibras.com\/site\/?s={search_term_string}\"},\"query-input\":{\"@type\":\"PropertyValueSpecification\",\"valueRequired\":true,\"valueName\":\"search_term_string\"}}],\"inLanguage\":\"pt-BR\"},{\"@type\":\"Organization\",\"@id\":\"https:\/\/www.notibras.com\/site\/#organization\",\"name\":\"Grupo Notibras de Comunica\u00e7\u00e3o\",\"url\":\"https:\/\/www.notibras.com\/site\/\",\"logo\":{\"@type\":\"ImageObject\",\"inLanguage\":\"pt-BR\",\"@id\":\"https:\/\/www.notibras.com\/site\/#\/schema\/logo\/image\/\",\"url\":\"https:\/\/www.notibras.com\/site\/wp-content\/uploads\/2023\/01\/notibras23.png\",\"contentUrl\":\"https:\/\/www.notibras.com\/site\/wp-content\/uploads\/2023\/01\/notibras23.png\",\"width\":350,\"height\":87,\"caption\":\"Grupo Notibras de Comunica\u00e7\u00e3o\"},\"image\":{\"@id\":\"https:\/\/www.notibras.com\/site\/#\/schema\/logo\/image\/\"},\"sameAs\":[\"https:\/\/www.facebook.com\/notibras\/\",\"https:\/\/x.com\/Notibras\",\"https:\/\/www.instagram.com\/notibras\/\"]},{\"@type\":\"Person\",\"@id\":\"https:\/\/www.notibras.com\/site\/#\/schema\/person\/36ab0979449956132d3e5b517ea76ac8\",\"name\":\"Reda\u00e7\u00e3o\",\"image\":{\"@type\":\"ImageObject\",\"inLanguage\":\"pt-BR\",\"@id\":\"https:\/\/secure.gravatar.com\/avatar\/e0a867bdedb85fd243eadf09663511f96fc81e0720a4a42581f334ad4303aa6b?s=96&d=mm&r=g\",\"url\":\"https:\/\/secure.gravatar.com\/avatar\/e0a867bdedb85fd243eadf09663511f96fc81e0720a4a42581f334ad4303aa6b?s=96&d=mm&r=g\",\"contentUrl\":\"https:\/\/secure.gravatar.com\/avatar\/e0a867bdedb85fd243eadf09663511f96fc81e0720a4a42581f334ad4303aa6b?s=96&d=mm&r=g\",\"caption\":\"Reda\u00e7\u00e3o\"}}]}<\/script>\n<!-- \/ Yoast SEO plugin. -->","yoast_head_json":{"title":"PSD fica com Chinaglia e acirra disputa na C\u00e2mara - Notibras","robots":{"index":"index","follow":"follow","max-snippet":"max-snippet:-1","max-image-preview":"max-image-preview:large","max-video-preview":"max-video-preview:-1"},"canonical":"https:\/\/www.notibras.com\/site\/psd-vai-para-o-lado-de-chinaglia-e-acirra-disputa-pelo-comando-da-camara\/","og_locale":"pt_BR","og_type":"article","og_title":"PSD fica com Chinaglia e acirra disputa na C\u00e2mara - Notibras","og_description":"A disputa pela presid\u00eancia da C\u00e2mara dos Deputados, a dez dias da elei\u00e7\u00e3o, se intensifica com a decis\u00e3o anunciada nesta quinta 22, pelo PSD, que tem 36 deputados, de apoiar o candidato do PT, Arlindo Chinaglia (SP). A legenda presidida por Gilberto Kassab, ministro das Cidades, tamb\u00e9m decidiu compor o bloco formado por PT, PCdoB [&hellip;]","og_url":"https:\/\/www.notibras.com\/site\/psd-vai-para-o-lado-de-chinaglia-e-acirra-disputa-pelo-comando-da-camara\/","og_site_name":"Notibras","article_publisher":"https:\/\/www.facebook.com\/notibras\/","article_published_time":"2015-01-23T02:48:34+00:00","article_modified_time":"2015-01-23T14:16:29+00:00","og_image":[{"width":450,"height":335,"url":"https:\/\/www.notibras.com\/site\/wp-content\/uploads\/2015\/01\/rogerio-rosso.jpg","type":"image\/jpeg"}],"author":"Reda\u00e7\u00e3o","twitter_card":"summary_large_image","twitter_creator":"@Notibras","twitter_site":"@Notibras","twitter_misc":{"Escrito por":"Reda\u00e7\u00e3o","Est. tempo de leitura":"3 minutos"},"schema":{"@context":"https:\/\/schema.org","@graph":[{"@type":"Article","@id":"https:\/\/www.notibras.com\/site\/psd-vai-para-o-lado-de-chinaglia-e-acirra-disputa-pelo-comando-da-camara\/#article","isPartOf":{"@id":"https:\/\/www.notibras.com\/site\/psd-vai-para-o-lado-de-chinaglia-e-acirra-disputa-pelo-comando-da-camara\/"},"author":{"name":"Reda\u00e7\u00e3o","@id":"https:\/\/www.notibras.com\/site\/#\/schema\/person\/36ab0979449956132d3e5b517ea76ac8"},"headline":"PSD fica com Chinaglia e acirra disputa na C\u00e2mara","datePublished":"2015-01-23T02:48:34+00:00","dateModified":"2015-01-23T14:16:29+00:00","mainEntityOfPage":{"@id":"https:\/\/www.notibras.com\/site\/psd-vai-para-o-lado-de-chinaglia-e-acirra-disputa-pelo-comando-da-camara\/"},"wordCount":662,"commentCount":0,"publisher":{"@id":"https:\/\/www.notibras.com\/site\/#organization"},"image":{"@id":"https:\/\/www.notibras.com\/site\/psd-vai-para-o-lado-de-chinaglia-e-acirra-disputa-pelo-comando-da-camara\/#primaryimage"},"thumbnailUrl":"https:\/\/www.notibras.com\/site\/wp-content\/uploads\/2015\/01\/rogerio-rosso.jpg","articleSection":["Brasil"],"inLanguage":"pt-BR","potentialAction":[{"@type":"CommentAction","name":"Comment","target":["https:\/\/www.notibras.com\/site\/psd-vai-para-o-lado-de-chinaglia-e-acirra-disputa-pelo-comando-da-camara\/#respond"]}]},{"@type":"WebPage","@id":"https:\/\/www.notibras.com\/site\/psd-vai-para-o-lado-de-chinaglia-e-acirra-disputa-pelo-comando-da-camara\/","url":"https:\/\/www.notibras.com\/site\/psd-vai-para-o-lado-de-chinaglia-e-acirra-disputa-pelo-comando-da-camara\/","name":"PSD fica com Chinaglia e acirra disputa na C\u00e2mara - Notibras","isPartOf":{"@id":"https:\/\/www.notibras.com\/site\/#website"},"primaryImageOfPage":{"@id":"https:\/\/www.notibras.com\/site\/psd-vai-para-o-lado-de-chinaglia-e-acirra-disputa-pelo-comando-da-camara\/#primaryimage"},"image":{"@id":"https:\/\/www.notibras.com\/site\/psd-vai-para-o-lado-de-chinaglia-e-acirra-disputa-pelo-comando-da-camara\/#primaryimage"},"thumbnailUrl":"https:\/\/www.notibras.com\/site\/wp-content\/uploads\/2015\/01\/rogerio-rosso.jpg","datePublished":"2015-01-23T02:48:34+00:00","dateModified":"2015-01-23T14:16:29+00:00","breadcrumb":{"@id":"https:\/\/www.notibras.com\/site\/psd-vai-para-o-lado-de-chinaglia-e-acirra-disputa-pelo-comando-da-camara\/#breadcrumb"},"inLanguage":"pt-BR","potentialAction":[{"@type":"ReadAction","target":["https:\/\/www.notibras.com\/site\/psd-vai-para-o-lado-de-chinaglia-e-acirra-disputa-pelo-comando-da-camara\/"]}]},{"@type":"ImageObject","inLanguage":"pt-BR","@id":"https:\/\/www.notibras.com\/site\/psd-vai-para-o-lado-de-chinaglia-e-acirra-disputa-pelo-comando-da-camara\/#primaryimage","url":"https:\/\/www.notibras.com\/site\/wp-content\/uploads\/2015\/01\/rogerio-rosso.jpg","contentUrl":"https:\/\/www.notibras.com\/site\/wp-content\/uploads\/2015\/01\/rogerio-rosso.jpg","width":450,"height":335},{"@type":"BreadcrumbList","@id":"https:\/\/www.notibras.com\/site\/psd-vai-para-o-lado-de-chinaglia-e-acirra-disputa-pelo-comando-da-camara\/#breadcrumb","itemListElement":[{"@type":"ListItem","position":1,"name":"In\u00edcio","item":"https:\/\/www.notibras.com\/site\/"},{"@type":"ListItem","position":2,"name":"PSD fica com Chinaglia e acirra disputa na C\u00e2mara"}]},{"@type":"WebSite","@id":"https:\/\/www.notibras.com\/site\/#website","url":"https:\/\/www.notibras.com\/site\/","name":"Notibras","description":"Not\u00edcias de Bras\u00edlia, do Brasil e do Mundo","publisher":{"@id":"https:\/\/www.notibras.com\/site\/#organization"},"potentialAction":[{"@type":"SearchAction","target":{"@type":"EntryPoint","urlTemplate":"https:\/\/www.notibras.com\/site\/?s={search_term_string}"},"query-input":{"@type":"PropertyValueSpecification","valueRequired":true,"valueName":"search_term_string"}}],"inLanguage":"pt-BR"},{"@type":"Organization","@id":"https:\/\/www.notibras.com\/site\/#organization","name":"Grupo Notibras de Comunica\u00e7\u00e3o","url":"https:\/\/www.notibras.com\/site\/","logo":{"@type":"ImageObject","inLanguage":"pt-BR","@id":"https:\/\/www.notibras.com\/site\/#\/schema\/logo\/image\/","url":"https:\/\/www.notibras.com\/site\/wp-content\/uploads\/2023\/01\/notibras23.png","contentUrl":"https:\/\/www.notibras.com\/site\/wp-content\/uploads\/2023\/01\/notibras23.png","width":350,"height":87,"caption":"Grupo Notibras de Comunica\u00e7\u00e3o"},"image":{"@id":"https:\/\/www.notibras.com\/site\/#\/schema\/logo\/image\/"},"sameAs":["https:\/\/www.facebook.com\/notibras\/","https:\/\/x.com\/Notibras","https:\/\/www.instagram.com\/notibras\/"]},{"@type":"Person","@id":"https:\/\/www.notibras.com\/site\/#\/schema\/person\/36ab0979449956132d3e5b517ea76ac8","name":"Reda\u00e7\u00e3o","image":{"@type":"ImageObject","inLanguage":"pt-BR","@id":"https:\/\/secure.gravatar.com\/avatar\/e0a867bdedb85fd243eadf09663511f96fc81e0720a4a42581f334ad4303aa6b?s=96&d=mm&r=g","url":"https:\/\/secure.gravatar.com\/avatar\/e0a867bdedb85fd243eadf09663511f96fc81e0720a4a42581f334ad4303aa6b?s=96&d=mm&r=g","contentUrl":"https:\/\/secure.gravatar.com\/avatar\/e0a867bdedb85fd243eadf09663511f96fc81e0720a4a42581f334ad4303aa6b?s=96&d=mm&r=g","caption":"Reda\u00e7\u00e3o"}}]}},"amp_enabled":true,"_links":{"self":[{"href":"https:\/\/www.notibras.com\/site\/wp-json\/wp\/v2\/posts\/34737","targetHints":{"allow":["GET"]}}],"collection":[{"href":"https:\/\/www.notibras.com\/site\/wp-json\/wp\/v2\/posts"}],"about":[{"href":"https:\/\/www.notibras.com\/site\/wp-json\/wp\/v2\/types\/post"}],"author":[{"embeddable":true,"href":"https:\/\/www.notibras.com\/site\/wp-json\/wp\/v2\/users\/2"}],"replies":[{"embeddable":true,"href":"https:\/\/www.notibras.com\/site\/wp-json\/wp\/v2\/comments?post=34737"}],"version-history":[{"count":0,"href":"https:\/\/www.notibras.com\/site\/wp-json\/wp\/v2\/posts\/34737\/revisions"}],"wp:featuredmedia":[{"embeddable":true,"href":"https:\/\/www.notibras.com\/site\/wp-json\/wp\/v2\/media\/34738"}],"wp:attachment":[{"href":"https:\/\/www.notibras.com\/site\/wp-json\/wp\/v2\/media?parent=34737"}],"wp:term":[{"taxonomy":"category","embeddable":true,"href":"https:\/\/www.notibras.com\/site\/wp-json\/wp\/v2\/categories?post=34737"},{"taxonomy":"post_tag","embeddable":true,"href":"https:\/\/www.notibras.com\/site\/wp-json\/wp\/v2\/tags?post=34737"}],"curies":[{"name":"wp","href":"https:\/\/api.w.org\/{rel}","templated":true}]}}