{"id":347371,"date":"2025-02-07T00:21:40","date_gmt":"2025-02-07T03:21:40","guid":{"rendered":"https:\/\/www.notibras.com\/site\/?p=347371"},"modified":"2025-02-07T08:31:18","modified_gmt":"2025-02-07T11:31:18","slug":"distritais-reverenciam-peritos-papiloscopistas-em-solenidade-especial","status":"publish","type":"post","link":"https:\/\/www.notibras.com\/site\/distritais-reverenciam-peritos-papiloscopistas-em-solenidade-especial\/","title":{"rendered":"Distritais reverenciam peritos papiloscopistas em solenidade especial"},"content":{"rendered":"<p>A C\u00e2mara Legislativa promoveu nesta quinta-feira (6), solenidade em comemora\u00e7\u00e3o ao Dia do Perito Papiloscopista (5 de fevereiro). Proposta pelo deputado Wellington Luiz (MDB), a homenagem aconteceu no Audit\u00f3rio Valderia da Silva Barbosa, na sede da Delegacia Geral da Pol\u00edcia Civil do DF, e reuniu autoridades e representantes da categoria.<\/p>\n<p>Wellington Luiz, que \u00e9 policial civil aposentado, elogiou o trabalho dos papiloscopistas: \u201cEsta \u00e9 uma carreira de extrema import\u00e2ncia no contexto da seguran\u00e7a p\u00fablica, com contribui\u00e7\u00f5es fundamentais na elucida\u00e7\u00e3o de crimes complexos\u201d. O parlamentar ainda completou:<\/p>\n<p>\u201cCom um hist\u00f3rico exemplar de servi\u00e7o prestado \u00e0 popula\u00e7\u00e3o do Distrito Federal, esses profissionais merecem todo o nosso respeito e reconhecimento pelo grandioso trabalho que realizam\u201d.<\/p>\n<p>Tamb\u00e9m proveniente dos quadros da Pol\u00edcia Civil, a deputada Doutora Jane (MDB) fez quest\u00e3o de ir ao evento para cumprimentar os homenageados. Ela ressaltou o trabalho fundamental dos papiloscopistas para a resolu\u00e7\u00e3o de crimes e emendou: \u201cCada vez que eu venho aqui, meu cora\u00e7\u00e3o se enche de alegria. Isso aqui \u00e9 minha casa\u201d.<\/p>\n<p>A solenidade contou, tamb\u00e9m, com a presen\u00e7a do secret\u00e1rio de Seguran\u00e7a P\u00fablica do DF, Sandro Avelar; do delegado-geral da Pol\u00edcia Civil, Jos\u00e9 Werick de Carvalho; da diretora adjunta do Instituto de Identifica\u00e7\u00e3o da PCDF, Vanessa Gozzer Viegas Spagnolo, entre outras autoridades.<\/p>\n<p><strong>Papiloscopia<\/strong><br \/>\nA papiloscopia \u00e9 a ci\u00eancia forense que trata da identifica\u00e7\u00e3o humana por meio das papilas d\u00e9rmicas, que s\u00e3o pequenas sali\u00eancias de natureza neurovascular situadas na parte superficial da derme (impress\u00f5es digitais).<\/p>\n<p>Os papiloscopistas s\u00e3o essenciais para a investiga\u00e7\u00e3o de acidentes e crimes, como homic\u00eddios, por meio do uso de t\u00e9cnicas avan\u00e7adas para identificar indiv\u00edduos. Eles tamb\u00e9m desempenham importante papel na emiss\u00e3o de documentos de identidade.<\/p>\n<p>O Dia do Perito Papiloscopista foi estabelecido h\u00e1 122 anos pelo Decreto n\u00ba 4.764, de 1903.<\/p>\n","protected":false},"excerpt":{"rendered":"<p>A C\u00e2mara Legislativa promoveu nesta quinta-feira (6), solenidade em comemora\u00e7\u00e3o ao Dia do Perito Papiloscopista (5 de fevereiro). Proposta pelo deputado Wellington Luiz (MDB), a homenagem aconteceu no Audit\u00f3rio Valderia da Silva Barbosa, na sede da Delegacia Geral da Pol\u00edcia Civil do DF, e reuniu autoridades e representantes da categoria. Wellington Luiz, que \u00e9 policial [&hellip;]<\/p>\n","protected":false},"author":2,"featured_media":347372,"comment_status":"closed","ping_status":"closed","sticky":false,"template":"","format":"standard","meta":{"_acf_changed":false,"footnotes":""},"categories":[161],"tags":[],"class_list":["post-347371","post","type-post","status-publish","format-standard","has-post-thumbnail","hentry","category-quadradinho-em-foco"],"acf":[],"_links":{"self":[{"href":"https:\/\/www.notibras.com\/site\/wp-json\/wp\/v2\/posts\/347371","targetHints":{"allow":["GET"]}}],"collection":[{"href":"https:\/\/www.notibras.com\/site\/wp-json\/wp\/v2\/posts"}],"about":[{"href":"https:\/\/www.notibras.com\/site\/wp-json\/wp\/v2\/types\/post"}],"author":[{"embeddable":true,"href":"https:\/\/www.notibras.com\/site\/wp-json\/wp\/v2\/users\/2"}],"replies":[{"embeddable":true,"href":"https:\/\/www.notibras.com\/site\/wp-json\/wp\/v2\/comments?post=347371"}],"version-history":[{"count":2,"href":"https:\/\/www.notibras.com\/site\/wp-json\/wp\/v2\/posts\/347371\/revisions"}],"predecessor-version":[{"id":347377,"href":"https:\/\/www.notibras.com\/site\/wp-json\/wp\/v2\/posts\/347371\/revisions\/347377"}],"wp:featuredmedia":[{"embeddable":true,"href":"https:\/\/www.notibras.com\/site\/wp-json\/wp\/v2\/media\/347372"}],"wp:attachment":[{"href":"https:\/\/www.notibras.com\/site\/wp-json\/wp\/v2\/media?parent=347371"}],"wp:term":[{"taxonomy":"category","embeddable":true,"href":"https:\/\/www.notibras.com\/site\/wp-json\/wp\/v2\/categories?post=347371"},{"taxonomy":"post_tag","embeddable":true,"href":"https:\/\/www.notibras.com\/site\/wp-json\/wp\/v2\/tags?post=347371"}],"curies":[{"name":"wp","href":"https:\/\/api.w.org\/{rel}","templated":true}]}}