{"id":347374,"date":"2025-02-07T00:08:37","date_gmt":"2025-02-07T03:08:37","guid":{"rendered":"https:\/\/www.notibras.com\/site\/?p=347374"},"modified":"2025-02-07T08:30:03","modified_gmt":"2025-02-07T11:30:03","slug":"roberio-quer-incluir-robotica-e-programacao-no-curriculo-escolar","status":"publish","type":"post","link":"https:\/\/www.notibras.com\/site\/roberio-quer-incluir-robotica-e-programacao-no-curriculo-escolar\/","title":{"rendered":"Rob\u00e9rio quer incluir rob\u00f3tica e programa\u00e7\u00e3o no curr\u00edculo escolar"},"content":{"rendered":"<p>As disciplinas de Rob\u00f3tica e Programa\u00e7\u00e3o podem ser inclu\u00eddas na grade curricular das escolas da educa\u00e7\u00e3o b\u00e1sica do Distrito Federal. A medida foi proposta pelo deputado distrital Rob\u00e9rio Negreiros (PSD) no projeto de lei n\u00ba. 1502\/25, lido em plen\u00e1rio na \u00faltima ter\u00e7a-feira (04), no retorno dos trabalhos legislativos na CLDF.<\/p>\n<p>Segundo Negreiros, as disciplinas promovem o aprendizado ativo e permitem que os alunos se tornem protagonistas do processo educativo, ao mesmo tempo em que despertam o interesse pelas \u00e1reas de ci\u00eancia, tecnologia, engenharia e matem\u00e1tica. A proposta determina que os conte\u00fados sejam oferecidos a partir do 6\u00ba ano do Ensino Fundamental.<\/p>\n<p>&#8220;Al\u00e9m de modernizar o curr\u00edculo escolar do DF, tamb\u00e9m ir\u00e1 formar cidad\u00e3os mais preparados para o futuro, capazes de se adaptar e contribuir para um mundo em constante evolu\u00e7\u00e3o tecnol\u00f3gica&#8221;, justifica Negreiros. Caso vire lei, a Secretaria de Educa\u00e7\u00e3o do DF ficar\u00e1 respons\u00e1vel por desenvolver diretrizes e conte\u00fados program\u00e1ticos para as disciplinas de Rob\u00f3tica e Programa\u00e7\u00e3o, em parceria com institui\u00e7\u00f5es de ensino superior e empresas de tecnologia.<\/p>\n","protected":false},"excerpt":{"rendered":"<p>As disciplinas de Rob\u00f3tica e Programa\u00e7\u00e3o podem ser inclu\u00eddas na grade curricular das escolas da educa\u00e7\u00e3o b\u00e1sica do Distrito Federal. A medida foi proposta pelo deputado distrital Rob\u00e9rio Negreiros (PSD) no projeto de lei n\u00ba. 1502\/25, lido em plen\u00e1rio na \u00faltima ter\u00e7a-feira (04), no retorno dos trabalhos legislativos na CLDF. Segundo Negreiros, as disciplinas promovem [&hellip;]<\/p>\n","protected":false},"author":2,"featured_media":347375,"comment_status":"closed","ping_status":"closed","sticky":false,"template":"","format":"standard","meta":{"_acf_changed":false,"footnotes":""},"categories":[161],"tags":[],"class_list":["post-347374","post","type-post","status-publish","format-standard","has-post-thumbnail","hentry","category-quadradinho-em-foco"],"acf":[],"_links":{"self":[{"href":"https:\/\/www.notibras.com\/site\/wp-json\/wp\/v2\/posts\/347374","targetHints":{"allow":["GET"]}}],"collection":[{"href":"https:\/\/www.notibras.com\/site\/wp-json\/wp\/v2\/posts"}],"about":[{"href":"https:\/\/www.notibras.com\/site\/wp-json\/wp\/v2\/types\/post"}],"author":[{"embeddable":true,"href":"https:\/\/www.notibras.com\/site\/wp-json\/wp\/v2\/users\/2"}],"replies":[{"embeddable":true,"href":"https:\/\/www.notibras.com\/site\/wp-json\/wp\/v2\/comments?post=347374"}],"version-history":[{"count":1,"href":"https:\/\/www.notibras.com\/site\/wp-json\/wp\/v2\/posts\/347374\/revisions"}],"predecessor-version":[{"id":347376,"href":"https:\/\/www.notibras.com\/site\/wp-json\/wp\/v2\/posts\/347374\/revisions\/347376"}],"wp:featuredmedia":[{"embeddable":true,"href":"https:\/\/www.notibras.com\/site\/wp-json\/wp\/v2\/media\/347375"}],"wp:attachment":[{"href":"https:\/\/www.notibras.com\/site\/wp-json\/wp\/v2\/media?parent=347374"}],"wp:term":[{"taxonomy":"category","embeddable":true,"href":"https:\/\/www.notibras.com\/site\/wp-json\/wp\/v2\/categories?post=347374"},{"taxonomy":"post_tag","embeddable":true,"href":"https:\/\/www.notibras.com\/site\/wp-json\/wp\/v2\/tags?post=347374"}],"curies":[{"name":"wp","href":"https:\/\/api.w.org\/{rel}","templated":true}]}}