{"id":347378,"date":"2025-02-07T00:00:18","date_gmt":"2025-02-07T03:00:18","guid":{"rendered":"https:\/\/www.notibras.com\/site\/?p=347378"},"modified":"2025-02-07T08:35:54","modified_gmt":"2025-02-07T11:35:54","slug":"daniel-de-castro-afaga-buriti-mas-critica-derrubadas-na-26-de-setembro","status":"publish","type":"post","link":"https:\/\/www.notibras.com\/site\/daniel-de-castro-afaga-buriti-mas-critica-derrubadas-na-26-de-setembro\/","title":{"rendered":"Daniel de Castro afaga Buriti mas critica derrubadas na 26 de Setembro"},"content":{"rendered":"<p>O deputado Pastor Daniel de Castro (PP) discursou na tribuna da C\u00e2mara Legislativa em defesa dos moradores da 26 de Setembro, onde a Secretaria de Prote\u00e7\u00e3o da Ordem Urban\u00edstica (DF Legal) realiza uma s\u00e9rie de demoli\u00e7\u00f5es desde o in\u00edcio da semana.<\/p>\n<p>Nos tel\u00f5es do plen\u00e1rio, o parlamentar exibiu um v\u00eddeo gravado em celular por um dos moradores do assentamento. Desesperado, o homem diz n\u00e3o ter sido notificado e pede tempo para deixar sua casa em seguran\u00e7a: \u201cTenho minha fam\u00edlia aqui dentro. Pelo amor de Deus, me notifiquem agora, me d\u00ea um prazo. Eu vou embora da minha casa, do meu sonho\u201d.<\/p>\n<p>Para Daniel de Castro, o Estado foi omisso: \u201cO DF Legal deixa o grileiro vender, e a popula\u00e7\u00e3o compra e constr\u00f3i a sua casa; depois eles derrubam. N\u00e3o estou apoiando ilegalidade. Mas sou cidad\u00e3o. O Estado, nas derrubadas, precisa ter mais humanidade\u201d.<\/p>\n<p>O parlamentar elogiou o governador Ibaneis Rocha e a vice-governadora Celina Le\u00e3o, que, segundo ele, estavam reunidos nesta tarde com os \u00f3rg\u00e3os envolvidos no assunto, em busca de uma solu\u00e7\u00e3o. E arrematou: \u201cA regulariza\u00e7\u00e3o n\u00e3o vai no passo r\u00e1pido que a popula\u00e7\u00e3o quer; ent\u00e3o, \u00e9 importante a popula\u00e7\u00e3o tamb\u00e9m ter consci\u00eancia de esperar antes de construir\u201d.<\/p>\n<p>O primeiro vice-presidente da CLDF, deputado Ricardo Vale (PT), se solidarizou \u00e0s fam\u00edlias da 26 de Setembro e cobrou efici\u00eancia do Estado \u201cpara n\u00e3o deixar chegar nesse ponto\u201d. \u201cAs pessoas s\u00e3o enganadas por grileiros e compram a terra, o Estado n\u00e3o faz nada; a\u00ed elas come\u00e7am a construir e o Estado resolve agir\u201d, criticou.<\/p>\n<p>O deputado F\u00e1bio Felix (Psol) tamb\u00e9m lamentou as recentes derrubadas conduzidas pelo DF Legal: \u201cN\u00e3o \u00e9 s\u00f3 na 26 de Setembro. Acompanhamos desocupa\u00e7\u00f5es em v\u00e1rios territ\u00f3rios. O \u00f3rg\u00e3o n\u00e3o notifica, n\u00e3o cumpre a regulamenta\u00e7\u00e3o nem a legisla\u00e7\u00e3o aprovada nesta Casa\u201d. O distrital defendeu a suspens\u00e3o das derrubadas, \u201crespeitando a dignidade e o direito dos moradores\u201d.<\/p>\n","protected":false},"excerpt":{"rendered":"<p>O deputado Pastor Daniel de Castro (PP) discursou na tribuna da C\u00e2mara Legislativa em defesa dos moradores da 26 de Setembro, onde a Secretaria de Prote\u00e7\u00e3o da Ordem Urban\u00edstica (DF Legal) realiza uma s\u00e9rie de demoli\u00e7\u00f5es desde o in\u00edcio da semana. Nos tel\u00f5es do plen\u00e1rio, o parlamentar exibiu um v\u00eddeo gravado em celular por um [&hellip;]<\/p>\n","protected":false},"author":2,"featured_media":347379,"comment_status":"closed","ping_status":"closed","sticky":false,"template":"","format":"standard","meta":{"_acf_changed":false,"footnotes":""},"categories":[161],"tags":[],"class_list":["post-347378","post","type-post","status-publish","format-standard","has-post-thumbnail","hentry","category-quadradinho-em-foco"],"acf":[],"_links":{"self":[{"href":"https:\/\/www.notibras.com\/site\/wp-json\/wp\/v2\/posts\/347378","targetHints":{"allow":["GET"]}}],"collection":[{"href":"https:\/\/www.notibras.com\/site\/wp-json\/wp\/v2\/posts"}],"about":[{"href":"https:\/\/www.notibras.com\/site\/wp-json\/wp\/v2\/types\/post"}],"author":[{"embeddable":true,"href":"https:\/\/www.notibras.com\/site\/wp-json\/wp\/v2\/users\/2"}],"replies":[{"embeddable":true,"href":"https:\/\/www.notibras.com\/site\/wp-json\/wp\/v2\/comments?post=347378"}],"version-history":[{"count":1,"href":"https:\/\/www.notibras.com\/site\/wp-json\/wp\/v2\/posts\/347378\/revisions"}],"predecessor-version":[{"id":347380,"href":"https:\/\/www.notibras.com\/site\/wp-json\/wp\/v2\/posts\/347378\/revisions\/347380"}],"wp:featuredmedia":[{"embeddable":true,"href":"https:\/\/www.notibras.com\/site\/wp-json\/wp\/v2\/media\/347379"}],"wp:attachment":[{"href":"https:\/\/www.notibras.com\/site\/wp-json\/wp\/v2\/media?parent=347378"}],"wp:term":[{"taxonomy":"category","embeddable":true,"href":"https:\/\/www.notibras.com\/site\/wp-json\/wp\/v2\/categories?post=347378"},{"taxonomy":"post_tag","embeddable":true,"href":"https:\/\/www.notibras.com\/site\/wp-json\/wp\/v2\/tags?post=347378"}],"curies":[{"name":"wp","href":"https:\/\/api.w.org\/{rel}","templated":true}]}}