{"id":347407,"date":"2025-02-08T04:04:55","date_gmt":"2025-02-08T07:04:55","guid":{"rendered":"https:\/\/www.notibras.com\/site\/?p=347407"},"modified":"2025-02-08T04:04:55","modified_gmt":"2025-02-08T07:04:55","slug":"da-paraiba-por-todo-o-sertao-ainda-ha-cabra-marcado-para-morrer","status":"publish","type":"post","link":"https:\/\/www.notibras.com\/site\/da-paraiba-por-todo-o-sertao-ainda-ha-cabra-marcado-para-morrer\/","title":{"rendered":"Da Para\u00edba por todo o sert\u00e3o ainda h\u00e1 &#8216;cabra marcado para morrer&#8217;"},"content":{"rendered":"<p>&#8220;Jo\u00e3o Pedro, [voc\u00ea] por mais de uma vez me perguntou se eu daria continuidade \u00e0 sua luta, e eu nunca te dei minha resposta. Hoje eu te digo, com consci\u00eancia ou sem consci\u00eancia de luta, eu marcharei na sua luta, Jo\u00e3o Pedro, pro que der e vier.&#8221; (Elizabeth Teixeira, 1962)<\/p>\n<p>O Nordeste continuava herdeiro de Canudos, cumprindo a sina de mis\u00e9ria e fome tra\u00e7ada pelos donos da terra, que n\u00e3o aceitavam v\u00ea-la dividida, nem seu povo organizado, uma gente sem eira nem beira que s\u00f3 podia ter serventia no eito, cavando o solo calcinado, de onde brotavam a riqueza e a prepot\u00eancia do patr\u00e3o.<\/p>\n<p>A seca matava de um lado, o latif\u00fandio de outro.<\/p>\n<p>No in\u00edcio dos anos 1960, o Nordeste de mis\u00e9ria naturalizada amea\u00e7ava a paz da ordem natural do poder. Despertava a aten\u00e7\u00e3o, agora, quando a viol\u00eancia em seu paroxismo se deparava com a resist\u00eancia de camponeses. Emergem na Para\u00edba e em Pernambuco as &#8220;Ligas Camponesas&#8221;, passa-se a falar na quest\u00e3o agr\u00e1ria, instala-se o que a repress\u00e3o e a imprensa ir\u00e3o chamar de &#8220;conflito no campo&#8221;; o tema se politiza, chega \u00e0 universidade, aos p\u00falpitos, aos sindicatos, \u00e0s tribunas dos parlamentos, mobiliza o movimento estudantil, empolga, divide, acentua diverg\u00eancias, p\u00f5e a nu o conflito de classe, e a viol\u00eancia de uma ordem que reproduz a explora\u00e7\u00e3o secular do capital sobre o trabalho.<\/p>\n<p>O sistema se assusta, a repress\u00e3o se aparelha, o Estado cria organismos de interven\u00e7\u00e3o no processo social, cuidando de atalhar o conflito mediante o desenvolvimento regional. Em 1952 \u00e9 criado o Banco do Nordeste e em 1959 a Sudene, e Celso Furtado d\u00e1 in\u00edcio \u00e0 sua guerra contra as estruturas arcaicas. A autovis\u00e3o do pa\u00eds muda, e muda sua percep\u00e7\u00e3o do Nordeste como problema. O discurso compreende agora o anacronismo da estrutura agr\u00e1ria, o mandonismo dos &#8220;coron\u00e9is&#8221; de bara\u00e7o e cutelo, a explora\u00e7\u00e3o do Estado pelo patrimonialismo, o reacionarismo anti-desenvolvimentista da classe dominante.<\/p>\n<p>Jo\u00e3o Goulart \u00e9 presidente da Rep\u00fablica e o pa\u00eds fala em &#8220;reformas de base&#8221;, dentre elas a reforma agr\u00e1ria, o fantasma que vai assustar o sono da classe m\u00e9dia; Francisco Juli\u00e3o, advogado das Ligas Camponesas, \u00e9 eleito deputado federal em 1962, Miguel Arraes assume o governo de Pernambuco e faz usineiros se sentarem \u00e0 mesa ao lado dos trabalhadores rurais, no Pal\u00e1cio das Princesas, para firmar o Acordo do Campo, um fato novo na luta pelo reconhecimento dos direitos humanos dos camponeses. O pa\u00eds mudava, era todo efervesc\u00eancia: discutia e debatia; buscava tra\u00e7ar ele pr\u00f3prio seu destino desde a rebeli\u00e3o civil de 1961, a Campanha da Legalidade comandada por Leonel Brizola, impedindo o golpe militar de 1961 (um trov\u00e3o prenunciando a tempestade de 1964).<\/p>\n<p>O pa\u00eds mudava porque se mobilizava. Se mobilizava em todos os sentidos e em todos os quadrantes, \u00e0 direita e \u00e0 esquerda. Mobilizavam-se o sistema e a repress\u00e3o, mobilizava-se e crescia a viol\u00eancia do latif\u00fandio que elegera como meta limpar os sert\u00f5es da &#8220;praga&#8221; das Ligas Camponesas, expulsando da terra os camponeses que a elas aderissem, espancando os mais renitentes e simplesmente matando seus l\u00edderes, que para isso \u00e9 que servem a pol\u00edcia a servi\u00e7o da terra e o trabuco dos jagun\u00e7os. Jo\u00e3o Pedro Teixeira n\u00e3o se surpreendeu com- as amea\u00e7as, nem mesmo se assustou com as pris\u00f5es e os espancamentos: sabia, sem medo mas sem bravaria, do alvo que se tornara desde 1955, quando organizou o Encontro dos Camponeses de Sap\u00e9 (PB), ponto de partida para o nascimento das Ligas camponesas, mobilizando e politizando os trabalhadores rurais. Os f\u00e2mulos de ontem, Severinos destinados a ser eternamente Severinos na terra alheia, servi\u00e7ais no corte da cana ou no caldeir\u00e3o da usina, transformavam-se em sujeitos ativos de direitos. A dignidade do trabalho se associava ao pleito pela reforma agr\u00e1ria, que soava como m\u00fasica aos ouvidos dos progressistas.<\/p>\n<p>As Ligas se espalham por todo o Nordeste e sobrevivem, como podem, ao combate ferrenho do latif\u00fandio e de seus servidores: a pol\u00edcia, o judici\u00e1rio, a imprensa, os intelectuais org\u00e2nicos da direita; para a pol\u00edcia e a chamada &#8220;elite&#8221; econ\u00f4mica s\u00e3o c\u00e9lulas de agita\u00e7\u00e3o rompendo com a paz do campo; seus dirigentes s\u00e3o agitadores comunistas a servi\u00e7o de Moscou, financiados por Cuba. A repress\u00e3o n\u00e3o conhece limites. Na tarde do dia 2 de abril de 1962, em uma emboscada, o latif\u00fandio tirou a vida de Jo\u00e3o Pedro Teixeira, com tr\u00eas tiros de fuzil, pelas costas. Pedro j\u00e1 era um l\u00edder em todo o Estado, e seu assassinato provocaria grande revolta. Ao seu enterro, registram os jornais de Jo\u00e3o Pessoa, acorrem cerca de cinco mil pessoas.<\/p>\n<p>(Por esse ent\u00e3o a Uni\u00e3o Nacional dos Estudantes (UNE), uma entidade de massas, percorria o pa\u00eds, visitava as universidades, promovia atos pol\u00edticos, apresentava shows e encenava pe\u00e7as teatrais. Com a diretoria viajava seu Centro Popular de Cultura, o CPC, liderado por Oduvaldo Vianna Filho e Carlos Estev\u00e3o Martins. Os dirigentes da UNE eram Aldo Arantes, Marco Aur\u00e9lio Garcia, Clemente Rosas Ribeiro e eu. Fomos ter em Sap\u00e9, munic\u00edpio da zona da mata paraibana, naquele fevereiro\/mar\u00e7o de 1962, e particip\u00e1mos de grande concentra\u00e7\u00e3o popular, em homenagem ao l\u00edder assassinado. Penso que nas filmagens desse ato Eduardo Coutinho come\u00e7ava a conceber seu Cabra marcado para morrer. Foi nessa conting\u00eancia que conheci Elizabeth Teixeira, e me lembro dela como uma mulher ainda jovem, magra de apar\u00eancia fr\u00e1gil, mas irradiando vida. Voltaria a v\u00ea-la, muitos anos passados, na companhia de Silvio Tendler; n\u00f3s a entrevist\u00e1vamos para programa pol\u00edtico que produz\u00edamos para um partido ent\u00e3o de esquerda. Era a mesma mulher. Silvio relembra a beleza de seu depoimento).<\/p>\n<p>Vi\u00fava de Pedro, Elizabeth, que j\u00e1 se destingira pela sua capacidade de lideran\u00e7a, assume a presid\u00eancia da Liga Camponesa de Sap\u00e9 e, na sequ\u00eancia, a presid\u00eancia das Ligas da Para\u00edba, fun\u00e7\u00e3o que ocupar\u00e1 at\u00e9 1964. Amplia a integra\u00e7\u00e3o dos camponeses \u00e0 resist\u00eancia, dobrando o n\u00famero de associados, e, refor\u00e7ando a participa\u00e7\u00e3o das mulheres, cria novas Ligas. Em 1964, aos 39 anos, perseguida pelos militares e pelos latifundi\u00e1rios, \u00e9 trabalhadora sem terra, mulher de vida severina, vi\u00fava, carregando 11 filhos.<\/p>\n<p>Com a chegada do golpe militar em Sap\u00e9, morrem os cabras marcados para morrer: s\u00e3o assassinados Nego Fuba (Jo\u00e3o Alfredo Dias) e Pedro Fazendeiro (Pedro In\u00e1cio de Ara\u00fajo), companheiros de Pedro Teixeira. S\u00e3o os primeiros. Elizabeth \u00e9 presa e conhece a cadeia por oito meses; sua casa \u00e9 incendiada. Sabe o que est\u00e1 marcado como seu destino, mas ainda a aguardam muitas dores ignoradas. Ao suic\u00eddio de sua filha de apenas 18 anos, atormentada com o assassinato do pai e a pris\u00e3o da m\u00e3e, seguem-se os assassinatos de dois filhos, Jos\u00e9 Eudes Teixeira e Jo\u00e3o Pedro Teixeira Filho. \u00c0 merc\u00ea do imponder\u00e1vel, resolve salvar-se para preservar o que lhe resta de fam\u00edlia. Abandona a Para\u00edba, troca de nome (\u00e9 agora Marta Maria da Costa); seguindo o destino de seu povo errante sai pelo mundo comendo estrada e poeira, trabalhando aqui e ali para sobreviver, ora como empregada dom\u00e9stica, ora como lavadora de roupa em beira de rio, ora alfabetizando crian\u00e7as, correndo da pol\u00edtica e da pol\u00edcia, que no sert\u00e3o andam juntas.<\/p>\n<p>Afinal, fugindo e se escondendo do mundo (por quase 20 anos!), exilada do mundo, desaparecida embora viva, desgarrada, tida ent\u00e3o como morta, logra reunir-se com o restante da fam\u00edlia, reencontrada por seus filhos Abra\u00e3o e Carlos e o cineasta Eduardo Coutinho, que em 1984 lan\u00e7aria Cabra marcado para morrer, document\u00e1rio \u2013 hoje c\u00e9lebre \u2013 dedicado ao mart\u00edrio de Pedro Teixeira, mas que na verdade \u00e9 a hist\u00f3ria de Elizabeth e o milagre de sua vida.<\/p>\n<p>Passaram-se sessenta anos do assassinato de Jo\u00e3o Pedro Teixeira, 61 do golpe de 1\u00ba de abril, 41 do filme de Eduardo Coutinho e 37 da promulga\u00e7\u00e3o da &#8220;Constitui\u00e7\u00e3o cidad\u00e3&#8221;&#8230; e seguimos tendo cabras marcados para morrer, como bem sabem os sem terra, os ind\u00edgenas e os quilombolas.<\/p>\n<p>No pr\u00f3ximo dia 13 deste fevereiro, Elizabeth Altino Teixeira, mulher brava e forte, marcada para resistir e viver, completa 100 anos de uma trajet\u00f3ria que h\u00e1 de seguir inspirando, e educando-nos para a luta.<\/p>\n<p>&#8230;&#8230;&#8230;&#8230;&#8230;&#8230;&#8230;&#8230;&#8230;&#8230;&#8230;&#8230;.<\/p>\n<p><strong>Roberto Amaral foi ministro da Ci\u00eancia e Tecnologia de Lula 1<\/strong><\/p>\n<p>&nbsp;<\/p>\n","protected":false},"excerpt":{"rendered":"<p>&#8220;Jo\u00e3o Pedro, [voc\u00ea] por mais de uma vez me perguntou se eu daria continuidade \u00e0 sua luta, e eu nunca te dei minha resposta. Hoje eu te digo, com consci\u00eancia ou sem consci\u00eancia de luta, eu marcharei na sua luta, Jo\u00e3o Pedro, pro que der e vier.&#8221; (Elizabeth Teixeira, 1962) O Nordeste continuava herdeiro de [&hellip;]<\/p>\n","protected":false},"author":2,"featured_media":347408,"comment_status":"closed","ping_status":"closed","sticky":false,"template":"","format":"standard","meta":{"_acf_changed":false,"footnotes":""},"categories":[165],"tags":[],"class_list":["post-347407","post","type-post","status-publish","format-standard","has-post-thumbnail","hentry","category-nordeste"],"acf":[],"yoast_head":"<!-- This site is optimized with the Yoast SEO plugin v27.2 - https:\/\/yoast.com\/product\/yoast-seo-wordpress\/ -->\n<title>Da Para\u00edba por todo o sert\u00e3o ainda h\u00e1 &#039;cabra marcado para morrer&#039; - Notibras<\/title>\n<meta name=\"robots\" content=\"index, follow, max-snippet:-1, max-image-preview:large, max-video-preview:-1\" \/>\n<link rel=\"canonical\" href=\"https:\/\/www.notibras.com\/site\/da-paraiba-por-todo-o-sertao-ainda-ha-cabra-marcado-para-morrer\/\" \/>\n<meta property=\"og:locale\" content=\"pt_BR\" \/>\n<meta property=\"og:type\" content=\"article\" \/>\n<meta property=\"og:title\" content=\"Da Para\u00edba por todo o sert\u00e3o ainda h\u00e1 &#039;cabra marcado para morrer&#039; - Notibras\" \/>\n<meta property=\"og:description\" content=\"&#8220;Jo\u00e3o Pedro, [voc\u00ea] por mais de uma vez me perguntou se eu daria continuidade \u00e0 sua luta, e eu nunca te dei minha resposta. Hoje eu te digo, com consci\u00eancia ou sem consci\u00eancia de luta, eu marcharei na sua luta, Jo\u00e3o Pedro, pro que der e vier.&#8221; (Elizabeth Teixeira, 1962) O Nordeste continuava herdeiro de [&hellip;]\" \/>\n<meta property=\"og:url\" content=\"https:\/\/www.notibras.com\/site\/da-paraiba-por-todo-o-sertao-ainda-ha-cabra-marcado-para-morrer\/\" \/>\n<meta property=\"og:site_name\" content=\"Notibras\" \/>\n<meta property=\"article:publisher\" content=\"https:\/\/www.facebook.com\/notibras\/\" \/>\n<meta property=\"article:published_time\" content=\"2025-02-08T07:04:55+00:00\" \/>\n<meta property=\"og:image\" content=\"https:\/\/www.notibras.com\/site\/wp-content\/uploads\/2025\/02\/elizabeteteixeira.jpg\" \/>\n\t<meta property=\"og:image:width\" content=\"640\" \/>\n\t<meta property=\"og:image:height\" content=\"427\" \/>\n\t<meta property=\"og:image:type\" content=\"image\/jpeg\" \/>\n<meta name=\"author\" content=\"Reda\u00e7\u00e3o\" \/>\n<meta name=\"twitter:card\" content=\"summary_large_image\" \/>\n<meta name=\"twitter:creator\" content=\"@Notibras\" \/>\n<meta name=\"twitter:site\" content=\"@Notibras\" \/>\n<meta name=\"twitter:label1\" content=\"Escrito por\" \/>\n\t<meta name=\"twitter:data1\" content=\"Reda\u00e7\u00e3o\" \/>\n\t<meta name=\"twitter:label2\" content=\"Est. tempo de leitura\" \/>\n\t<meta name=\"twitter:data2\" content=\"8 minutos\" \/>\n<script type=\"application\/ld+json\" class=\"yoast-schema-graph\">{\"@context\":\"https:\/\/schema.org\",\"@graph\":[{\"@type\":\"Article\",\"@id\":\"https:\/\/www.notibras.com\/site\/da-paraiba-por-todo-o-sertao-ainda-ha-cabra-marcado-para-morrer\/#article\",\"isPartOf\":{\"@id\":\"https:\/\/www.notibras.com\/site\/da-paraiba-por-todo-o-sertao-ainda-ha-cabra-marcado-para-morrer\/\"},\"author\":{\"name\":\"Reda\u00e7\u00e3o\",\"@id\":\"https:\/\/www.notibras.com\/site\/#\/schema\/person\/36ab0979449956132d3e5b517ea76ac8\"},\"headline\":\"Da Para\u00edba por todo o sert\u00e3o ainda h\u00e1 &#8216;cabra marcado para morrer&#8217;\",\"datePublished\":\"2025-02-08T07:04:55+00:00\",\"mainEntityOfPage\":{\"@id\":\"https:\/\/www.notibras.com\/site\/da-paraiba-por-todo-o-sertao-ainda-ha-cabra-marcado-para-morrer\/\"},\"wordCount\":1457,\"publisher\":{\"@id\":\"https:\/\/www.notibras.com\/site\/#organization\"},\"image\":{\"@id\":\"https:\/\/www.notibras.com\/site\/da-paraiba-por-todo-o-sertao-ainda-ha-cabra-marcado-para-morrer\/#primaryimage\"},\"thumbnailUrl\":\"https:\/\/www.notibras.com\/site\/wp-content\/uploads\/2025\/02\/elizabeteteixeira.jpg\",\"articleSection\":[\"Nordeste\"],\"inLanguage\":\"pt-BR\"},{\"@type\":\"WebPage\",\"@id\":\"https:\/\/www.notibras.com\/site\/da-paraiba-por-todo-o-sertao-ainda-ha-cabra-marcado-para-morrer\/\",\"url\":\"https:\/\/www.notibras.com\/site\/da-paraiba-por-todo-o-sertao-ainda-ha-cabra-marcado-para-morrer\/\",\"name\":\"Da Para\u00edba por todo o sert\u00e3o ainda h\u00e1 'cabra marcado para morrer' - Notibras\",\"isPartOf\":{\"@id\":\"https:\/\/www.notibras.com\/site\/#website\"},\"primaryImageOfPage\":{\"@id\":\"https:\/\/www.notibras.com\/site\/da-paraiba-por-todo-o-sertao-ainda-ha-cabra-marcado-para-morrer\/#primaryimage\"},\"image\":{\"@id\":\"https:\/\/www.notibras.com\/site\/da-paraiba-por-todo-o-sertao-ainda-ha-cabra-marcado-para-morrer\/#primaryimage\"},\"thumbnailUrl\":\"https:\/\/www.notibras.com\/site\/wp-content\/uploads\/2025\/02\/elizabeteteixeira.jpg\",\"datePublished\":\"2025-02-08T07:04:55+00:00\",\"breadcrumb\":{\"@id\":\"https:\/\/www.notibras.com\/site\/da-paraiba-por-todo-o-sertao-ainda-ha-cabra-marcado-para-morrer\/#breadcrumb\"},\"inLanguage\":\"pt-BR\",\"potentialAction\":[{\"@type\":\"ReadAction\",\"target\":[\"https:\/\/www.notibras.com\/site\/da-paraiba-por-todo-o-sertao-ainda-ha-cabra-marcado-para-morrer\/\"]}]},{\"@type\":\"ImageObject\",\"inLanguage\":\"pt-BR\",\"@id\":\"https:\/\/www.notibras.com\/site\/da-paraiba-por-todo-o-sertao-ainda-ha-cabra-marcado-para-morrer\/#primaryimage\",\"url\":\"https:\/\/www.notibras.com\/site\/wp-content\/uploads\/2025\/02\/elizabeteteixeira.jpg\",\"contentUrl\":\"https:\/\/www.notibras.com\/site\/wp-content\/uploads\/2025\/02\/elizabeteteixeira.jpg\",\"width\":640,\"height\":427},{\"@type\":\"BreadcrumbList\",\"@id\":\"https:\/\/www.notibras.com\/site\/da-paraiba-por-todo-o-sertao-ainda-ha-cabra-marcado-para-morrer\/#breadcrumb\",\"itemListElement\":[{\"@type\":\"ListItem\",\"position\":1,\"name\":\"In\u00edcio\",\"item\":\"https:\/\/www.notibras.com\/site\/\"},{\"@type\":\"ListItem\",\"position\":2,\"name\":\"Da Para\u00edba por todo o sert\u00e3o ainda h\u00e1 &#8216;cabra marcado para morrer&#8217;\"}]},{\"@type\":\"WebSite\",\"@id\":\"https:\/\/www.notibras.com\/site\/#website\",\"url\":\"https:\/\/www.notibras.com\/site\/\",\"name\":\"Notibras\",\"description\":\"Not\u00edcias de Bras\u00edlia, do Brasil e do Mundo\",\"publisher\":{\"@id\":\"https:\/\/www.notibras.com\/site\/#organization\"},\"potentialAction\":[{\"@type\":\"SearchAction\",\"target\":{\"@type\":\"EntryPoint\",\"urlTemplate\":\"https:\/\/www.notibras.com\/site\/?s={search_term_string}\"},\"query-input\":{\"@type\":\"PropertyValueSpecification\",\"valueRequired\":true,\"valueName\":\"search_term_string\"}}],\"inLanguage\":\"pt-BR\"},{\"@type\":\"Organization\",\"@id\":\"https:\/\/www.notibras.com\/site\/#organization\",\"name\":\"Grupo Notibras de Comunica\u00e7\u00e3o\",\"url\":\"https:\/\/www.notibras.com\/site\/\",\"logo\":{\"@type\":\"ImageObject\",\"inLanguage\":\"pt-BR\",\"@id\":\"https:\/\/www.notibras.com\/site\/#\/schema\/logo\/image\/\",\"url\":\"https:\/\/www.notibras.com\/site\/wp-content\/uploads\/2023\/01\/notibras23.png\",\"contentUrl\":\"https:\/\/www.notibras.com\/site\/wp-content\/uploads\/2023\/01\/notibras23.png\",\"width\":350,\"height\":87,\"caption\":\"Grupo Notibras de Comunica\u00e7\u00e3o\"},\"image\":{\"@id\":\"https:\/\/www.notibras.com\/site\/#\/schema\/logo\/image\/\"},\"sameAs\":[\"https:\/\/www.facebook.com\/notibras\/\",\"https:\/\/x.com\/Notibras\",\"https:\/\/www.instagram.com\/notibras\/\"]},{\"@type\":\"Person\",\"@id\":\"https:\/\/www.notibras.com\/site\/#\/schema\/person\/36ab0979449956132d3e5b517ea76ac8\",\"name\":\"Reda\u00e7\u00e3o\",\"image\":{\"@type\":\"ImageObject\",\"inLanguage\":\"pt-BR\",\"@id\":\"https:\/\/secure.gravatar.com\/avatar\/e0a867bdedb85fd243eadf09663511f96fc81e0720a4a42581f334ad4303aa6b?s=96&d=mm&r=g\",\"url\":\"https:\/\/secure.gravatar.com\/avatar\/e0a867bdedb85fd243eadf09663511f96fc81e0720a4a42581f334ad4303aa6b?s=96&d=mm&r=g\",\"contentUrl\":\"https:\/\/secure.gravatar.com\/avatar\/e0a867bdedb85fd243eadf09663511f96fc81e0720a4a42581f334ad4303aa6b?s=96&d=mm&r=g\",\"caption\":\"Reda\u00e7\u00e3o\"}}]}<\/script>\n<!-- \/ Yoast SEO plugin. -->","yoast_head_json":{"title":"Da Para\u00edba por todo o sert\u00e3o ainda h\u00e1 'cabra marcado para morrer' - Notibras","robots":{"index":"index","follow":"follow","max-snippet":"max-snippet:-1","max-image-preview":"max-image-preview:large","max-video-preview":"max-video-preview:-1"},"canonical":"https:\/\/www.notibras.com\/site\/da-paraiba-por-todo-o-sertao-ainda-ha-cabra-marcado-para-morrer\/","og_locale":"pt_BR","og_type":"article","og_title":"Da Para\u00edba por todo o sert\u00e3o ainda h\u00e1 'cabra marcado para morrer' - Notibras","og_description":"&#8220;Jo\u00e3o Pedro, [voc\u00ea] por mais de uma vez me perguntou se eu daria continuidade \u00e0 sua luta, e eu nunca te dei minha resposta. Hoje eu te digo, com consci\u00eancia ou sem consci\u00eancia de luta, eu marcharei na sua luta, Jo\u00e3o Pedro, pro que der e vier.&#8221; (Elizabeth Teixeira, 1962) O Nordeste continuava herdeiro de [&hellip;]","og_url":"https:\/\/www.notibras.com\/site\/da-paraiba-por-todo-o-sertao-ainda-ha-cabra-marcado-para-morrer\/","og_site_name":"Notibras","article_publisher":"https:\/\/www.facebook.com\/notibras\/","article_published_time":"2025-02-08T07:04:55+00:00","og_image":[{"width":640,"height":427,"url":"https:\/\/www.notibras.com\/site\/wp-content\/uploads\/2025\/02\/elizabeteteixeira.jpg","type":"image\/jpeg"}],"author":"Reda\u00e7\u00e3o","twitter_card":"summary_large_image","twitter_creator":"@Notibras","twitter_site":"@Notibras","twitter_misc":{"Escrito por":"Reda\u00e7\u00e3o","Est. tempo de leitura":"8 minutos"},"schema":{"@context":"https:\/\/schema.org","@graph":[{"@type":"Article","@id":"https:\/\/www.notibras.com\/site\/da-paraiba-por-todo-o-sertao-ainda-ha-cabra-marcado-para-morrer\/#article","isPartOf":{"@id":"https:\/\/www.notibras.com\/site\/da-paraiba-por-todo-o-sertao-ainda-ha-cabra-marcado-para-morrer\/"},"author":{"name":"Reda\u00e7\u00e3o","@id":"https:\/\/www.notibras.com\/site\/#\/schema\/person\/36ab0979449956132d3e5b517ea76ac8"},"headline":"Da Para\u00edba por todo o sert\u00e3o ainda h\u00e1 &#8216;cabra marcado para morrer&#8217;","datePublished":"2025-02-08T07:04:55+00:00","mainEntityOfPage":{"@id":"https:\/\/www.notibras.com\/site\/da-paraiba-por-todo-o-sertao-ainda-ha-cabra-marcado-para-morrer\/"},"wordCount":1457,"publisher":{"@id":"https:\/\/www.notibras.com\/site\/#organization"},"image":{"@id":"https:\/\/www.notibras.com\/site\/da-paraiba-por-todo-o-sertao-ainda-ha-cabra-marcado-para-morrer\/#primaryimage"},"thumbnailUrl":"https:\/\/www.notibras.com\/site\/wp-content\/uploads\/2025\/02\/elizabeteteixeira.jpg","articleSection":["Nordeste"],"inLanguage":"pt-BR"},{"@type":"WebPage","@id":"https:\/\/www.notibras.com\/site\/da-paraiba-por-todo-o-sertao-ainda-ha-cabra-marcado-para-morrer\/","url":"https:\/\/www.notibras.com\/site\/da-paraiba-por-todo-o-sertao-ainda-ha-cabra-marcado-para-morrer\/","name":"Da Para\u00edba por todo o sert\u00e3o ainda h\u00e1 'cabra marcado para morrer' - Notibras","isPartOf":{"@id":"https:\/\/www.notibras.com\/site\/#website"},"primaryImageOfPage":{"@id":"https:\/\/www.notibras.com\/site\/da-paraiba-por-todo-o-sertao-ainda-ha-cabra-marcado-para-morrer\/#primaryimage"},"image":{"@id":"https:\/\/www.notibras.com\/site\/da-paraiba-por-todo-o-sertao-ainda-ha-cabra-marcado-para-morrer\/#primaryimage"},"thumbnailUrl":"https:\/\/www.notibras.com\/site\/wp-content\/uploads\/2025\/02\/elizabeteteixeira.jpg","datePublished":"2025-02-08T07:04:55+00:00","breadcrumb":{"@id":"https:\/\/www.notibras.com\/site\/da-paraiba-por-todo-o-sertao-ainda-ha-cabra-marcado-para-morrer\/#breadcrumb"},"inLanguage":"pt-BR","potentialAction":[{"@type":"ReadAction","target":["https:\/\/www.notibras.com\/site\/da-paraiba-por-todo-o-sertao-ainda-ha-cabra-marcado-para-morrer\/"]}]},{"@type":"ImageObject","inLanguage":"pt-BR","@id":"https:\/\/www.notibras.com\/site\/da-paraiba-por-todo-o-sertao-ainda-ha-cabra-marcado-para-morrer\/#primaryimage","url":"https:\/\/www.notibras.com\/site\/wp-content\/uploads\/2025\/02\/elizabeteteixeira.jpg","contentUrl":"https:\/\/www.notibras.com\/site\/wp-content\/uploads\/2025\/02\/elizabeteteixeira.jpg","width":640,"height":427},{"@type":"BreadcrumbList","@id":"https:\/\/www.notibras.com\/site\/da-paraiba-por-todo-o-sertao-ainda-ha-cabra-marcado-para-morrer\/#breadcrumb","itemListElement":[{"@type":"ListItem","position":1,"name":"In\u00edcio","item":"https:\/\/www.notibras.com\/site\/"},{"@type":"ListItem","position":2,"name":"Da Para\u00edba por todo o sert\u00e3o ainda h\u00e1 &#8216;cabra marcado para morrer&#8217;"}]},{"@type":"WebSite","@id":"https:\/\/www.notibras.com\/site\/#website","url":"https:\/\/www.notibras.com\/site\/","name":"Notibras","description":"Not\u00edcias de Bras\u00edlia, do Brasil e do Mundo","publisher":{"@id":"https:\/\/www.notibras.com\/site\/#organization"},"potentialAction":[{"@type":"SearchAction","target":{"@type":"EntryPoint","urlTemplate":"https:\/\/www.notibras.com\/site\/?s={search_term_string}"},"query-input":{"@type":"PropertyValueSpecification","valueRequired":true,"valueName":"search_term_string"}}],"inLanguage":"pt-BR"},{"@type":"Organization","@id":"https:\/\/www.notibras.com\/site\/#organization","name":"Grupo Notibras de Comunica\u00e7\u00e3o","url":"https:\/\/www.notibras.com\/site\/","logo":{"@type":"ImageObject","inLanguage":"pt-BR","@id":"https:\/\/www.notibras.com\/site\/#\/schema\/logo\/image\/","url":"https:\/\/www.notibras.com\/site\/wp-content\/uploads\/2023\/01\/notibras23.png","contentUrl":"https:\/\/www.notibras.com\/site\/wp-content\/uploads\/2023\/01\/notibras23.png","width":350,"height":87,"caption":"Grupo Notibras de Comunica\u00e7\u00e3o"},"image":{"@id":"https:\/\/www.notibras.com\/site\/#\/schema\/logo\/image\/"},"sameAs":["https:\/\/www.facebook.com\/notibras\/","https:\/\/x.com\/Notibras","https:\/\/www.instagram.com\/notibras\/"]},{"@type":"Person","@id":"https:\/\/www.notibras.com\/site\/#\/schema\/person\/36ab0979449956132d3e5b517ea76ac8","name":"Reda\u00e7\u00e3o","image":{"@type":"ImageObject","inLanguage":"pt-BR","@id":"https:\/\/secure.gravatar.com\/avatar\/e0a867bdedb85fd243eadf09663511f96fc81e0720a4a42581f334ad4303aa6b?s=96&d=mm&r=g","url":"https:\/\/secure.gravatar.com\/avatar\/e0a867bdedb85fd243eadf09663511f96fc81e0720a4a42581f334ad4303aa6b?s=96&d=mm&r=g","contentUrl":"https:\/\/secure.gravatar.com\/avatar\/e0a867bdedb85fd243eadf09663511f96fc81e0720a4a42581f334ad4303aa6b?s=96&d=mm&r=g","caption":"Reda\u00e7\u00e3o"}}]}},"amp_enabled":true,"_links":{"self":[{"href":"https:\/\/www.notibras.com\/site\/wp-json\/wp\/v2\/posts\/347407","targetHints":{"allow":["GET"]}}],"collection":[{"href":"https:\/\/www.notibras.com\/site\/wp-json\/wp\/v2\/posts"}],"about":[{"href":"https:\/\/www.notibras.com\/site\/wp-json\/wp\/v2\/types\/post"}],"author":[{"embeddable":true,"href":"https:\/\/www.notibras.com\/site\/wp-json\/wp\/v2\/users\/2"}],"replies":[{"embeddable":true,"href":"https:\/\/www.notibras.com\/site\/wp-json\/wp\/v2\/comments?post=347407"}],"version-history":[{"count":1,"href":"https:\/\/www.notibras.com\/site\/wp-json\/wp\/v2\/posts\/347407\/revisions"}],"predecessor-version":[{"id":347409,"href":"https:\/\/www.notibras.com\/site\/wp-json\/wp\/v2\/posts\/347407\/revisions\/347409"}],"wp:featuredmedia":[{"embeddable":true,"href":"https:\/\/www.notibras.com\/site\/wp-json\/wp\/v2\/media\/347408"}],"wp:attachment":[{"href":"https:\/\/www.notibras.com\/site\/wp-json\/wp\/v2\/media?parent=347407"}],"wp:term":[{"taxonomy":"category","embeddable":true,"href":"https:\/\/www.notibras.com\/site\/wp-json\/wp\/v2\/categories?post=347407"},{"taxonomy":"post_tag","embeddable":true,"href":"https:\/\/www.notibras.com\/site\/wp-json\/wp\/v2\/tags?post=347407"}],"curies":[{"name":"wp","href":"https:\/\/api.w.org\/{rel}","templated":true}]}}