{"id":347417,"date":"2025-02-08T00:00:18","date_gmt":"2025-02-08T03:00:18","guid":{"rendered":"https:\/\/www.notibras.com\/site\/?p=347417"},"modified":"2025-02-08T04:42:12","modified_gmt":"2025-02-08T07:42:12","slug":"brasil-esta-na-contramao-da-meta-da-oms-para-acabar-tuberculose","status":"publish","type":"post","link":"https:\/\/www.notibras.com\/site\/brasil-esta-na-contramao-da-meta-da-oms-para-acabar-tuberculose\/","title":{"rendered":"Brasil est\u00e1 na contram\u00e3o da meta da OMS para acabar tuberculose"},"content":{"rendered":"<p>Estudo desenvolvido pelo Instituto Gonzalo Muniz, bra\u00e7o da Funda\u00e7\u00e3o Oswaldo Cruz (Fiocruz) na Bahia, aponta que as atuais pol\u00edticas p\u00fablicas em curso no Brasil n\u00e3o ser\u00e3o suficientes para que o pa\u00eds atinja as metas fixadas pela Organiza\u00e7\u00e3o Mundial de Sa\u00fade (OMS) voltadas para a elimina\u00e7\u00e3o da tuberculose. Ao contr\u00e1rio, a tend\u00eancia atual \u00e9 de um aumento na incid\u00eancia da doen\u00e7a.<\/p>\n<p>A pesquisa foi feita a partir de an\u00e1lises baseadas em dados de registros da doen\u00e7a no per\u00edodo que vai de janeiro de 2018 a dezembro de 2023. Os resultados foram reunidos em um artigo publicado na \u00faltima edi\u00e7\u00e3o da revista cient\u00edfica The Lancet Regional Health \u2013 Americas. Nesta sexta-feira (7), o portal da Fiocruz publicou uma nota com as principais conclus\u00f5es.<\/p>\n<p>Em 2023, o Brasil registrou 39,8 casos de tuberculose por 100 mil habitantes. As proje\u00e7\u00f5es do estudo indicam que, at\u00e9 2030, a incid\u00eancia ser\u00e1 ainda maior: 42,1 por 100 mil pessoas.<\/p>\n<p>O cen\u00e1rio brasileiro est\u00e1 na contram\u00e3o da meta de elimina\u00e7\u00e3o da doen\u00e7a na regi\u00e3o das Am\u00e9ricas em 2035. A expectativa da OMS \u00e9 reduzir a incid\u00eancia em 50% no ano de 2025 e 80% em 2030, em compara\u00e7\u00e3o com as taxas de 2015. Se o Brasil estivesse na dire\u00e7\u00e3o almejada, deveria ter chegado em 2023 com 6,7 casos por 100 mil habitantes.<\/p>\n<p>Os pesquisadores n\u00e3o questionam o valor das pol\u00edticas p\u00fablicas atuais, mas apontam a necessidade de se criar estrat\u00e9gias integradas e elencam desafios que devem ser enfrentados. Entre eles est\u00e1 o acesso limitado \u00e0 sa\u00fade, a n\u00e3o ades\u00e3o ao tratamento e a limita\u00e7\u00e3o de recursos para a\u00e7\u00f5es inovadoras no controle da doen\u00e7a na \u00faltima d\u00e9cada. Tamb\u00e9m s\u00e3o mencionados os impactos da pandemia da covid-19. Os servi\u00e7os de sa\u00fade voltados para o controle da tuberculose foram bastante afetados.<\/p>\n<p>&#8220;Caso houvesse aumento da cobertura de terapia diretamente observada (DOT), de ades\u00e3o ao tratamento preventivo (TPT) e da investiga\u00e7\u00e3o de contato, combinado com esfor\u00e7os para reduzir casos de tuberculose entre popula\u00e7\u00f5es vulner\u00e1veis, a incid\u00eancia poderia ser reduzida a 18,5 casos por 100 mil, embora ainda seja um n\u00famero acima das metas da OMS. Com essas interven\u00e7\u00f5es, foram observadas redu\u00e7\u00f5es de 25,1% na incid\u00eancia projetada at\u00e9 2025 e 56,1% at\u00e9 2030, destacando o potencial de estrat\u00e9gias integradas&#8221;, registra a nota divulgada pela Fiocruz.<\/p>\n<p>No artigo, os pesquisadores ressaltam tamb\u00e9m a necessidade de aprimorar os programas de controle da tuberculose em ambientes prisionais, por meio da melhoria da triagem e acesso ao TPT. Outra recomenda\u00e7\u00e3o envolve a melhora da cogest\u00e3o de casos de coinfec\u00e7\u00e3o com HIV e diabetes, com aumento de testes e in\u00edcio do tratamento.<\/p>\n","protected":false},"excerpt":{"rendered":"<p>Estudo desenvolvido pelo Instituto Gonzalo Muniz, bra\u00e7o da Funda\u00e7\u00e3o Oswaldo Cruz (Fiocruz) na Bahia, aponta que as atuais pol\u00edticas p\u00fablicas em curso no Brasil n\u00e3o ser\u00e3o suficientes para que o pa\u00eds atinja as metas fixadas pela Organiza\u00e7\u00e3o Mundial de Sa\u00fade (OMS) voltadas para a elimina\u00e7\u00e3o da tuberculose. Ao contr\u00e1rio, a tend\u00eancia atual \u00e9 de um [&hellip;]<\/p>\n","protected":false},"author":2,"featured_media":347418,"comment_status":"closed","ping_status":"closed","sticky":false,"template":"","format":"standard","meta":{"_acf_changed":false,"footnotes":""},"categories":[165],"tags":[],"class_list":["post-347417","post","type-post","status-publish","format-standard","has-post-thumbnail","hentry","category-nordeste"],"acf":[],"_links":{"self":[{"href":"https:\/\/www.notibras.com\/site\/wp-json\/wp\/v2\/posts\/347417","targetHints":{"allow":["GET"]}}],"collection":[{"href":"https:\/\/www.notibras.com\/site\/wp-json\/wp\/v2\/posts"}],"about":[{"href":"https:\/\/www.notibras.com\/site\/wp-json\/wp\/v2\/types\/post"}],"author":[{"embeddable":true,"href":"https:\/\/www.notibras.com\/site\/wp-json\/wp\/v2\/users\/2"}],"replies":[{"embeddable":true,"href":"https:\/\/www.notibras.com\/site\/wp-json\/wp\/v2\/comments?post=347417"}],"version-history":[{"count":1,"href":"https:\/\/www.notibras.com\/site\/wp-json\/wp\/v2\/posts\/347417\/revisions"}],"predecessor-version":[{"id":347419,"href":"https:\/\/www.notibras.com\/site\/wp-json\/wp\/v2\/posts\/347417\/revisions\/347419"}],"wp:featuredmedia":[{"embeddable":true,"href":"https:\/\/www.notibras.com\/site\/wp-json\/wp\/v2\/media\/347418"}],"wp:attachment":[{"href":"https:\/\/www.notibras.com\/site\/wp-json\/wp\/v2\/media?parent=347417"}],"wp:term":[{"taxonomy":"category","embeddable":true,"href":"https:\/\/www.notibras.com\/site\/wp-json\/wp\/v2\/categories?post=347417"},{"taxonomy":"post_tag","embeddable":true,"href":"https:\/\/www.notibras.com\/site\/wp-json\/wp\/v2\/tags?post=347417"}],"curies":[{"name":"wp","href":"https:\/\/api.w.org\/{rel}","templated":true}]}}