{"id":347430,"date":"2025-02-08T00:00:45","date_gmt":"2025-02-08T03:00:45","guid":{"rendered":"https:\/\/www.notibras.com\/site\/?p=347430"},"modified":"2025-02-08T06:49:23","modified_gmt":"2025-02-08T09:49:23","slug":"iphan-contrata-obras-emergenciais-na-igreja-que-teto-desabou","status":"publish","type":"post","link":"https:\/\/www.notibras.com\/site\/iphan-contrata-obras-emergenciais-na-igreja-que-teto-desabou\/","title":{"rendered":"Iphan contrata obras emergenciais na Igreja que teto desabou"},"content":{"rendered":"<p>O Instituto do Patrim\u00f4nio Hist\u00f3rico e Art\u00edstico Nacional (Iphan), autarquia vinculada ao Minist\u00e9rio da Cultura (MinC), informou, nesta sexta-feira (7), que contratar\u00e1 obras emergenciais, por meio de dispensa de licita\u00e7\u00e3o, para a Igreja de S\u00e3o Francisco de Assis, em Salvador. O teto do im\u00f3vel desabou, na tarde de quarta-feira (5), e causou a morte da turista Giulia Panchoni Righetto, de 26 anos de idade, e deixou cinco pessoas feridas.<\/p>\n<p>Os trabalhos na chamada Igreja de Ouro englobar\u00e3o o escoramento, a estabiliza\u00e7\u00e3o, o acesso e seguran\u00e7a do monumento e dos trabalhadores envolvidos nos trabalhos.<\/p>\n<p>O presidente do Iphan, Leandro Grass, foi para o local na quarta-feira para visitas t\u00e9cnicas. Na quinta-feira (6), acompanhado da ministra da Cultura, Margareth Menezes, se reuniram com integrantes da for\u00e7a-tarefa composta por equipes t\u00e9cnicas do Iphan, de \u00f3rg\u00e3os respons\u00e1veis pelo patrim\u00f4nio estadual e municipal, e integrantes da Defesa Civil, da Pol\u00edcia Civil da Bahia e da Pol\u00edcia Federal.<\/p>\n<p>\u201cEstamos contratando uma obra emergencial para o escoramento da igreja, para a estabiliza\u00e7\u00e3o do im\u00f3vel, a limpeza do local e a retirada de todos os materiais que desabaram para que sejam tamb\u00e9m analisados e possam subsidiar as interven\u00e7\u00f5es futuras\u201d, informou o presidente do Iphan.<\/p>\n<p>O Iphan confirmou que n\u00e3o h\u00e1 previs\u00e3o de quando a restaura\u00e7\u00e3o come\u00e7ar\u00e1. \u201c\u00c9 necess\u00e1rio que se concluam todas as per\u00edcias, seja feita a retirada dos escombros, se ateste a seguran\u00e7a para que seja poss\u00edvel entrar no local e come\u00e7arem, assim, os trabalhos de reparo\u201d, explicou o Iphan.<\/p>\n<p>Ap\u00f3s a restaura\u00e7\u00e3o, tamb\u00e9m n\u00e3o h\u00e1 estimativa de quando o ponto tur\u00edstico ser\u00e1 reaberto ao p\u00fablico frequentador do Pelourinho, no Centro Hist\u00f3rico de Salvador.<\/p>\n<p>Para uma segunda fase das provid\u00eancias, Grass adianta que est\u00e3o sendo realizados o diagn\u00f3stico, a triagem, cataloga\u00e7\u00e3o, higieniza\u00e7\u00e3o, prote\u00e7\u00e3o e armazenagem das estruturas e bens art\u00edsticos que ser\u00e3o restaurados e remontados.<\/p>\n<p>\u201cInternamente, no Iphan, estamos apurando e levantando todos os documentos e comunica\u00e7\u00f5es desses \u00faltimos 80 anos. Desde que a igreja foi tombada, em 1938, o instituto acompanha a Igreja de S\u00e3o Francisco\u201d, disse Grass.<\/p>\n<p>A ministra da Cultura, Margareth Menezes, garantiu que a igreja ser\u00e1 reconstru\u00edda. \u201cComo soteropolitana, tenho o sentimento pelo que aconteceu nessa igreja, que \u00e9 t\u00e3o importante para o nosso patrim\u00f4nio\u201d, lamentou a ministra.<\/p>\n<p><strong>Avalia\u00e7\u00e3o<\/strong><br \/>\nO Iphan informou que, na tarde de segunda-feira (3), o respons\u00e1vel pela igreja e pelo Convento de S\u00e3o Francisco de Assis, Frei Pedro J\u00fanior Freitas da Silva, protocolou um pedido de avalia\u00e7\u00e3o de uma dilata\u00e7\u00e3o do forro do teto do templo.<\/p>\n<p>Diante da solicita\u00e7\u00e3o, o Iphan agendou uma visita t\u00e9cnica \u00e0 edifica\u00e7\u00e3o hist\u00f3rica para quinta-feira. N\u00e3o houve tempo. O teto da bas\u00edlica caiu antes da chegada dos t\u00e9cnicos da autarquia federal ao im\u00f3vel.<\/p>\n<p>O Iphan nega que tenha sido informado pelos \u00f3rg\u00e3os locais &#8211; Defesa Civil municipal e Corpo de Bombeiros &#8211; de que a situa\u00e7\u00e3o se tratava de uma emerg\u00eancia.<\/p>\n<p>Em nota, o Iphan explica que a responsabilidade pela gest\u00e3o e manuten\u00e7\u00e3o dos bens tombados e pelas obras nos im\u00f3veis de propriedade privada s\u00e3o de seus donos. No caso da Igreja de S\u00e3o Francisco de Assis, a propriedade \u00e9 da Ordem Primeira de S\u00e3o Francisco.<\/p>\n<p>O Iphan tem a miss\u00e3o de fiscalizar as a\u00e7\u00f5es. J\u00e1 os estados, munic\u00edpios e a Defesa Civil tamb\u00e9m t\u00eam responsabilidades na preserva\u00e7\u00e3o e fiscaliza\u00e7\u00e3o do patrim\u00f4nio hist\u00f3rico.<\/p>\n<p><strong>Recorr\u00eancia<\/strong><br \/>\nO Iphan revelou que, em mar\u00e7o de 2022, emitiu um auto de infra\u00e7\u00e3o \u00e0 Prov\u00edncia Franciscana de Santo Ant\u00f4nio do Brasil &#8211; Comunidade Franciscana da Bahia, devido a degrada\u00e7\u00e3o da igreja, bem como por falta de manuten\u00e7\u00e3o e conserva\u00e7\u00e3o dos bens tombados pelo patrim\u00f4nio cultural.<\/p>\n<p>Desde a queda da estrutura superior da igreja, o governo federal tem destacado os investimentos para restauro conclu\u00eddo em 2023, dos pain\u00e9is de azulejaria portuguesa da igreja, representante do estilo barroco no Brasil, que somam R$ 4,1 milh\u00f5es.<\/p>\n<p>Segundo o Iphan, est\u00e1 em execu\u00e7\u00e3o \u201ca elabora\u00e7\u00e3o do projeto de restaura\u00e7\u00e3o total da igreja e do convento, que estava em andamento, no valor de R$ 1,2 milh\u00e3o\u201d.<\/p>\n<p><strong>Igreja de S\u00e3o Francisco de Assis<\/strong><br \/>\nA Igreja e o Convento de S\u00e3o Francisco de Assis foram tombados como Patrim\u00f4nio Mundial. Os registros desse santu\u00e1rio nos livros do Tombo das Belas Artes e do Tombo Hist\u00f3rico do Iphan, que registram bens culturais de valor art\u00edstico que devem ser preservados, datam do ano de 1938.<\/p>\n<p>A Igreja de S\u00e3o Francisco de Assis, erguida entre os s\u00e9culos 17 e 18, \u00e9 classificada tamb\u00e9m como uma das Sete Maravilhas de Origem Portuguesa no Mundo pelas express\u00f5es singulares do movimento barroco no Brasil.<\/p>\n<p>A bas\u00edlica e seu convento est\u00e3o localizados no Largo do Cruzeiro de S\u00e3o Francisco, no Pelourinho, e est\u00e3o entre os principais pontos tur\u00edsticos do local.<\/p>\n<p>O Centro Hist\u00f3rico de Salvador \u00e9 reconhecido pela Organiza\u00e7\u00e3o das Na\u00e7\u00f5es Unidas para a Educa\u00e7\u00e3o, a Ci\u00eancia e a Cultura (Unesco) por sua import\u00e2ncia cultural.<\/p>\n<p>A pedra fundamental da igreja foi colocada em 1686. E o conjunto arquitet\u00f4nico tem inspira\u00e7\u00e3o em edifica\u00e7\u00f5es jesu\u00edtas.<\/p>\n<p>A fachada barroca do pr\u00e9dio tem pedra calc\u00e1ria nas partes aparentes e arenito nas \u00e1reas rebocadas. J\u00e1 o interior registra adornos talhados em madeira banhados a ouro e pain\u00e9is de azulejaria portuguesa, que retratam o nascimento de S\u00e3o Francisco.<\/p>\n","protected":false},"excerpt":{"rendered":"<p>O Instituto do Patrim\u00f4nio Hist\u00f3rico e Art\u00edstico Nacional (Iphan), autarquia vinculada ao Minist\u00e9rio da Cultura (MinC), informou, nesta sexta-feira (7), que contratar\u00e1 obras emergenciais, por meio de dispensa de licita\u00e7\u00e3o, para a Igreja de S\u00e3o Francisco de Assis, em Salvador. O teto do im\u00f3vel desabou, na tarde de quarta-feira (5), e causou a morte da [&hellip;]<\/p>\n","protected":false},"author":2,"featured_media":347431,"comment_status":"closed","ping_status":"closed","sticky":false,"template":"","format":"standard","meta":{"_acf_changed":false,"footnotes":""},"categories":[165],"tags":[],"class_list":["post-347430","post","type-post","status-publish","format-standard","has-post-thumbnail","hentry","category-nordeste"],"acf":[],"_links":{"self":[{"href":"https:\/\/www.notibras.com\/site\/wp-json\/wp\/v2\/posts\/347430","targetHints":{"allow":["GET"]}}],"collection":[{"href":"https:\/\/www.notibras.com\/site\/wp-json\/wp\/v2\/posts"}],"about":[{"href":"https:\/\/www.notibras.com\/site\/wp-json\/wp\/v2\/types\/post"}],"author":[{"embeddable":true,"href":"https:\/\/www.notibras.com\/site\/wp-json\/wp\/v2\/users\/2"}],"replies":[{"embeddable":true,"href":"https:\/\/www.notibras.com\/site\/wp-json\/wp\/v2\/comments?post=347430"}],"version-history":[{"count":1,"href":"https:\/\/www.notibras.com\/site\/wp-json\/wp\/v2\/posts\/347430\/revisions"}],"predecessor-version":[{"id":347432,"href":"https:\/\/www.notibras.com\/site\/wp-json\/wp\/v2\/posts\/347430\/revisions\/347432"}],"wp:featuredmedia":[{"embeddable":true,"href":"https:\/\/www.notibras.com\/site\/wp-json\/wp\/v2\/media\/347431"}],"wp:attachment":[{"href":"https:\/\/www.notibras.com\/site\/wp-json\/wp\/v2\/media?parent=347430"}],"wp:term":[{"taxonomy":"category","embeddable":true,"href":"https:\/\/www.notibras.com\/site\/wp-json\/wp\/v2\/categories?post=347430"},{"taxonomy":"post_tag","embeddable":true,"href":"https:\/\/www.notibras.com\/site\/wp-json\/wp\/v2\/tags?post=347430"}],"curies":[{"name":"wp","href":"https:\/\/api.w.org\/{rel}","templated":true}]}}