{"id":347437,"date":"2025-02-08T00:01:52","date_gmt":"2025-02-08T03:01:52","guid":{"rendered":"https:\/\/www.notibras.com\/site\/?p=347437"},"modified":"2025-02-08T07:03:47","modified_gmt":"2025-02-08T10:03:47","slug":"indigena-cadeirante-usa-arte-para-mobilizar-periferia-em-pernambuco","status":"publish","type":"post","link":"https:\/\/www.notibras.com\/site\/indigena-cadeirante-usa-arte-para-mobilizar-periferia-em-pernambuco\/","title":{"rendered":"Ind\u00edgena cadeirante usa arte para mobilizar periferia em Pernambuco"},"content":{"rendered":"<p>\u201cNascemos ativistas em um mundo machista\/onde o homem branco quer dominar nossa vida\/ matando, estuprando e violentando nossas terras\/Com o urucum nos olhos\/seguimos marchando com a for\u00e7a ancestral nos guiando\u201d. Da voz emocionada da universit\u00e1ria ind\u00edgena Maria Alice de Melo Silva, de 19 anos, que \u00e9 cadeirante, nascem mais do que versos nos projetos e encontros regulares com outros jovens que ela promove no bairro do Ibura, periferia do Recife.<\/p>\n<p>Na sexta-feira (7), Dia Nacional de Luta dos Povos Ind\u00edgenas, a hist\u00f3ria de Alice, que \u00e9 estudante de terapia ocupacional na Universidade Federal de Pernambuco (UFPE), mostra como a mobiliza\u00e7\u00e3o pelo pr\u00f3ximo pode ocorrer desde muito jovem. Alice, nascida na cidade de Pesqueira (PE), da etnia Xukuru do Ororub\u00e1, \u00e9 conselheira jovem do Fundo das Na\u00e7\u00f5es Unidas para a Inf\u00e2ncia (Unicef), e tamb\u00e9m integrante do Reimaginando Futuros: Rede Nacional de Lideran\u00e7as Adolescentes.<\/p>\n<p>O Unicef explica que essa rede tem por objetivo fortalecer a participa\u00e7\u00e3o e desenvolvimento de adolescentes para identificar oportunidades para a promo\u00e7\u00e3o de mudan\u00e7as sociais em temas priorit\u00e1rios na agenda de direitos para esse p\u00fablico. J\u00e1 o Conselho Jovem foi criado para promover o di\u00e1logo direto como um mecanismo de fomento \u00e0 participa\u00e7\u00e3o cidad\u00e3.<\/p>\n<p>Alice \u00e9 reconhecida por suas a\u00e7\u00f5es na comunidade do Ibura ao coordenar projetos de inclus\u00e3o desde a adolesc\u00eancia. Ela diz que seu objetivo \u00e9 ajudar em novas perspectivas para jovens em situa\u00e7\u00e3o de vulnerabilidade na comunidade recifense, que \u00e9 marcada com o estigma de ser um lugar violento. \u201cA minha proposta \u00e9 salvar vidas desses jovens. Mostrar para eles que eles podem muito mais.\u201d<\/p>\n<p><strong>Cinema<\/strong><br \/>\nNo segundo semestre do ano passado, a universit\u00e1ria criou o projeto Cineclube Ibura, em que s\u00e3o exibidos filmes sobre temas ligados a direitos humanos, a mudan\u00e7as clim\u00e1ticas, \u00e0 luta contra preconceitos e \u00e0 cultura da favela. \u201cDepois do filme, n\u00f3s fazemos uma rodada de debates entre os jovens, al\u00e9m de mostra cultural com a pr\u00f3pria juventude da comunidade\u201d.<\/p>\n<p>O cineclube, que inclui discuss\u00f5es sobre cidadania, funciona no Centro Comunit\u00e1rio Paulo Freire, no mesmo bairro, e \u00e9 voltado para que os mais de 100 jovens que participam do projeto possam mostrar seu talento em atividades como batalhas de rima, dan\u00e7as, desenhos e grafitagem. O sucesso fez com que, semana ap\u00f3s semana, mais pessoas procurassem o cineclube.<\/p>\n<p>Alice entende que os encontros servem para reflex\u00f5es sobre as diversidades e a cultura que traz de sua comunidade da cidade de Pesqueira, onde nasceu. \u201c\u00c9 muito importante a gente trazer os saberes dos nossos ancestrais para a \u00e1rea urbana tamb\u00e9m. \u00c9 necess\u00e1rio trabalhar para quebrar esse preconceito que tem na cidade. Eu tenho levado muito isso para a periferia e mostrado para eles a cultura ind\u00edgena e quanto \u00e9 importante respeitar e entender\u201d, pontua.<\/p>\n<p>A ind\u00edgena explica que a inten\u00e7\u00e3o \u00e9 mostrar para a juventude as potencialidades da arte. \u201cQuando a gente, com projetos como o Cineclube Ibura, consegue conversar e mostrar as artes deles, consegue fazer transforma\u00e7\u00f5es\u201d.<\/p>\n<p><strong>Rap<\/strong><br \/>\nO caminho de Alice fez diferen\u00e7a, e a ind\u00edgena, junto com outros jovens, criou o coletivo Arte na Favela, que j\u00e1 conta com pelo menos 200 pessoas. \u201cA ideia \u00e9 trazer oportunidade, por exemplo, para os MCs da periferia gravarem m\u00fasicas.\u201d<\/p>\n<p>Um desses artistas que viu a vida ser transformada pelo apoio da amiga Alice foi o estudante Ramon Lira, conhecido pelo nome art\u00edstico de Kim, de 18 anos. \u201cEu produzo cultura hip hop, poesia e rap. Fazemos duelos entre MCs, em que sobressai o artista com o melhor conhecimento daquele tema.\u201d<\/p>\n<p>Em geral, esses temas incluem as dificuldades de todos os dias, como a escassez de pol\u00edticas p\u00fablicas e os preconceitos contra quem mora na periferia. Os jovens artistas, com materiais gravados em m\u00e3os, buscam patrocinadores, e isso faz diferen\u00e7a para o rapaz que perdeu o emprego de atendente em um restaurante no ano passado. Agora, Ramon espera viver da arte e ter dinheiro para cuidar do primeiro filho, que nasce em abril. \u201cA gente pergunta se as pessoas podem contribuir com qualquer valor.&#8221;<\/p>\n<p>Ele diz que a responsabilidade da transforma\u00e7\u00e3o do cen\u00e1rio deve ser creditada \u00e0s ideias de Alice, que criou o movimento na comunidade. Segundo Ramon, as iniciativas de Alice t\u00eam se caracterizado pelo apoio \u00e0s pessoas para que \u201cn\u00e3o se desviem do caminho certo\u201d. \u201cEla conseguiu deixar a cultura forte no nosso bairro. A gente n\u00e3o quer que minha miss\u00e3o aqui seja em v\u00e3o. O hip hop entrou na minha vida para poder transformar.\u201d<\/p>\n<p>Ramon testemunha que as discuss\u00f5es a partir dos filmes de curta metragem desencadearam reflex\u00f5es sobre a tem\u00e1tica LGBT, a cultura negra e a explora\u00e7\u00e3o no campo profissional, por exemplo. O debate entrou nas letras dos raps sobre racismo.<\/p>\n<p><strong>Acessibilidade<\/strong><br \/>\nOs efeitos de uma paralisia nas pernas, desde os 10 anos de idade, n\u00e3o desmobilizam os ideais da universit\u00e1ria em terapia ocupacional. Pelo contr\u00e1rio, Alice entende que ser uma pessoa com defici\u00eancia fez com que ela se sensibilizasse por outras pessoas que precisam de suporte. \u201cEu venho lutando muito pelos meus direitos, mostrando que n\u00f3s, mesmo tendo defici\u00eancia, podemos trabalhar, estudar e sonhar.\u201d<\/p>\n<p>Atualmente, ela mora sozinha e percorre trajetos que somam tr\u00eas horas em transporte p\u00fablico. \u201cNos meus debates com os jovens com defici\u00eancia, h\u00e1, \u00e0s vezes, os que se sentem desanimados com o diagn\u00f3stico. Eles acham que n\u00e3o podem mais construir uma vida. Eu quero mostrar para eles que podem, sim.\u201d<\/p>\n<p>Os olhos da universit\u00e1ria brilham quando ela conta que quer se especializar em terapia ocupacional social. \u201cVou querer sempre ajudar a minha comunidade. Hoje tenho 19 anos. Mas n\u00e3o quero sair daqui.\u201d<\/p>\n","protected":false},"excerpt":{"rendered":"<p>\u201cNascemos ativistas em um mundo machista\/onde o homem branco quer dominar nossa vida\/ matando, estuprando e violentando nossas terras\/Com o urucum nos olhos\/seguimos marchando com a for\u00e7a ancestral nos guiando\u201d. Da voz emocionada da universit\u00e1ria ind\u00edgena Maria Alice de Melo Silva, de 19 anos, que \u00e9 cadeirante, nascem mais do que versos nos projetos e [&hellip;]<\/p>\n","protected":false},"author":2,"featured_media":347438,"comment_status":"closed","ping_status":"closed","sticky":false,"template":"","format":"standard","meta":{"_acf_changed":false,"footnotes":""},"categories":[165],"tags":[],"class_list":["post-347437","post","type-post","status-publish","format-standard","has-post-thumbnail","hentry","category-nordeste"],"acf":[],"yoast_head":"<!-- This site is optimized with the Yoast SEO plugin v27.2 - https:\/\/yoast.com\/product\/yoast-seo-wordpress\/ -->\n<title>Ind\u00edgena cadeirante usa arte para mobilizar periferia em Pernambuco - Notibras<\/title>\n<meta name=\"robots\" content=\"index, follow, max-snippet:-1, max-image-preview:large, max-video-preview:-1\" \/>\n<link rel=\"canonical\" href=\"https:\/\/www.notibras.com\/site\/indigena-cadeirante-usa-arte-para-mobilizar-periferia-em-pernambuco\/\" \/>\n<meta property=\"og:locale\" content=\"pt_BR\" \/>\n<meta property=\"og:type\" content=\"article\" \/>\n<meta property=\"og:title\" content=\"Ind\u00edgena cadeirante usa arte para mobilizar periferia em Pernambuco - Notibras\" \/>\n<meta property=\"og:description\" content=\"\u201cNascemos ativistas em um mundo machista\/onde o homem branco quer dominar nossa vida\/ matando, estuprando e violentando nossas terras\/Com o urucum nos olhos\/seguimos marchando com a for\u00e7a ancestral nos guiando\u201d. Da voz emocionada da universit\u00e1ria ind\u00edgena Maria Alice de Melo Silva, de 19 anos, que \u00e9 cadeirante, nascem mais do que versos nos projetos e [&hellip;]\" \/>\n<meta property=\"og:url\" content=\"https:\/\/www.notibras.com\/site\/indigena-cadeirante-usa-arte-para-mobilizar-periferia-em-pernambuco\/\" \/>\n<meta property=\"og:site_name\" content=\"Notibras\" \/>\n<meta property=\"article:publisher\" content=\"https:\/\/www.facebook.com\/notibras\/\" \/>\n<meta property=\"article:published_time\" content=\"2025-02-08T03:01:52+00:00\" \/>\n<meta property=\"article:modified_time\" content=\"2025-02-08T10:03:47+00:00\" \/>\n<meta property=\"og:image\" content=\"https:\/\/www.notibras.com\/site\/wp-content\/uploads\/2025\/02\/indigenacadeirante.webp\" \/>\n\t<meta property=\"og:image:width\" content=\"1170\" \/>\n\t<meta property=\"og:image:height\" content=\"700\" \/>\n\t<meta property=\"og:image:type\" content=\"image\/webp\" \/>\n<meta name=\"author\" content=\"Reda\u00e7\u00e3o\" \/>\n<meta name=\"twitter:card\" content=\"summary_large_image\" \/>\n<meta name=\"twitter:creator\" content=\"@Notibras\" \/>\n<meta name=\"twitter:site\" content=\"@Notibras\" \/>\n<meta name=\"twitter:label1\" content=\"Escrito por\" \/>\n\t<meta name=\"twitter:data1\" content=\"Reda\u00e7\u00e3o\" \/>\n\t<meta name=\"twitter:label2\" content=\"Est. tempo de leitura\" \/>\n\t<meta name=\"twitter:data2\" content=\"6 minutos\" \/>\n<script type=\"application\/ld+json\" class=\"yoast-schema-graph\">{\"@context\":\"https:\/\/schema.org\",\"@graph\":[{\"@type\":\"Article\",\"@id\":\"https:\/\/www.notibras.com\/site\/indigena-cadeirante-usa-arte-para-mobilizar-periferia-em-pernambuco\/#article\",\"isPartOf\":{\"@id\":\"https:\/\/www.notibras.com\/site\/indigena-cadeirante-usa-arte-para-mobilizar-periferia-em-pernambuco\/\"},\"author\":{\"name\":\"Reda\u00e7\u00e3o\",\"@id\":\"https:\/\/www.notibras.com\/site\/#\/schema\/person\/36ab0979449956132d3e5b517ea76ac8\"},\"headline\":\"Ind\u00edgena cadeirante usa arte para mobilizar periferia em Pernambuco\",\"datePublished\":\"2025-02-08T03:01:52+00:00\",\"dateModified\":\"2025-02-08T10:03:47+00:00\",\"mainEntityOfPage\":{\"@id\":\"https:\/\/www.notibras.com\/site\/indigena-cadeirante-usa-arte-para-mobilizar-periferia-em-pernambuco\/\"},\"wordCount\":980,\"publisher\":{\"@id\":\"https:\/\/www.notibras.com\/site\/#organization\"},\"image\":{\"@id\":\"https:\/\/www.notibras.com\/site\/indigena-cadeirante-usa-arte-para-mobilizar-periferia-em-pernambuco\/#primaryimage\"},\"thumbnailUrl\":\"https:\/\/www.notibras.com\/site\/wp-content\/uploads\/2025\/02\/indigenacadeirante.webp\",\"articleSection\":[\"Nordeste\"],\"inLanguage\":\"pt-BR\"},{\"@type\":\"WebPage\",\"@id\":\"https:\/\/www.notibras.com\/site\/indigena-cadeirante-usa-arte-para-mobilizar-periferia-em-pernambuco\/\",\"url\":\"https:\/\/www.notibras.com\/site\/indigena-cadeirante-usa-arte-para-mobilizar-periferia-em-pernambuco\/\",\"name\":\"Ind\u00edgena cadeirante usa arte para mobilizar periferia em Pernambuco - Notibras\",\"isPartOf\":{\"@id\":\"https:\/\/www.notibras.com\/site\/#website\"},\"primaryImageOfPage\":{\"@id\":\"https:\/\/www.notibras.com\/site\/indigena-cadeirante-usa-arte-para-mobilizar-periferia-em-pernambuco\/#primaryimage\"},\"image\":{\"@id\":\"https:\/\/www.notibras.com\/site\/indigena-cadeirante-usa-arte-para-mobilizar-periferia-em-pernambuco\/#primaryimage\"},\"thumbnailUrl\":\"https:\/\/www.notibras.com\/site\/wp-content\/uploads\/2025\/02\/indigenacadeirante.webp\",\"datePublished\":\"2025-02-08T03:01:52+00:00\",\"dateModified\":\"2025-02-08T10:03:47+00:00\",\"breadcrumb\":{\"@id\":\"https:\/\/www.notibras.com\/site\/indigena-cadeirante-usa-arte-para-mobilizar-periferia-em-pernambuco\/#breadcrumb\"},\"inLanguage\":\"pt-BR\",\"potentialAction\":[{\"@type\":\"ReadAction\",\"target\":[\"https:\/\/www.notibras.com\/site\/indigena-cadeirante-usa-arte-para-mobilizar-periferia-em-pernambuco\/\"]}]},{\"@type\":\"ImageObject\",\"inLanguage\":\"pt-BR\",\"@id\":\"https:\/\/www.notibras.com\/site\/indigena-cadeirante-usa-arte-para-mobilizar-periferia-em-pernambuco\/#primaryimage\",\"url\":\"https:\/\/www.notibras.com\/site\/wp-content\/uploads\/2025\/02\/indigenacadeirante.webp\",\"contentUrl\":\"https:\/\/www.notibras.com\/site\/wp-content\/uploads\/2025\/02\/indigenacadeirante.webp\",\"width\":1170,\"height\":700},{\"@type\":\"BreadcrumbList\",\"@id\":\"https:\/\/www.notibras.com\/site\/indigena-cadeirante-usa-arte-para-mobilizar-periferia-em-pernambuco\/#breadcrumb\",\"itemListElement\":[{\"@type\":\"ListItem\",\"position\":1,\"name\":\"In\u00edcio\",\"item\":\"https:\/\/www.notibras.com\/site\/\"},{\"@type\":\"ListItem\",\"position\":2,\"name\":\"Ind\u00edgena cadeirante usa arte para mobilizar periferia em Pernambuco\"}]},{\"@type\":\"WebSite\",\"@id\":\"https:\/\/www.notibras.com\/site\/#website\",\"url\":\"https:\/\/www.notibras.com\/site\/\",\"name\":\"Notibras\",\"description\":\"Not\u00edcias de Bras\u00edlia, do Brasil e do Mundo\",\"publisher\":{\"@id\":\"https:\/\/www.notibras.com\/site\/#organization\"},\"potentialAction\":[{\"@type\":\"SearchAction\",\"target\":{\"@type\":\"EntryPoint\",\"urlTemplate\":\"https:\/\/www.notibras.com\/site\/?s={search_term_string}\"},\"query-input\":{\"@type\":\"PropertyValueSpecification\",\"valueRequired\":true,\"valueName\":\"search_term_string\"}}],\"inLanguage\":\"pt-BR\"},{\"@type\":\"Organization\",\"@id\":\"https:\/\/www.notibras.com\/site\/#organization\",\"name\":\"Grupo Notibras de Comunica\u00e7\u00e3o\",\"url\":\"https:\/\/www.notibras.com\/site\/\",\"logo\":{\"@type\":\"ImageObject\",\"inLanguage\":\"pt-BR\",\"@id\":\"https:\/\/www.notibras.com\/site\/#\/schema\/logo\/image\/\",\"url\":\"https:\/\/www.notibras.com\/site\/wp-content\/uploads\/2023\/01\/notibras23.png\",\"contentUrl\":\"https:\/\/www.notibras.com\/site\/wp-content\/uploads\/2023\/01\/notibras23.png\",\"width\":350,\"height\":87,\"caption\":\"Grupo Notibras de Comunica\u00e7\u00e3o\"},\"image\":{\"@id\":\"https:\/\/www.notibras.com\/site\/#\/schema\/logo\/image\/\"},\"sameAs\":[\"https:\/\/www.facebook.com\/notibras\/\",\"https:\/\/x.com\/Notibras\",\"https:\/\/www.instagram.com\/notibras\/\"]},{\"@type\":\"Person\",\"@id\":\"https:\/\/www.notibras.com\/site\/#\/schema\/person\/36ab0979449956132d3e5b517ea76ac8\",\"name\":\"Reda\u00e7\u00e3o\",\"image\":{\"@type\":\"ImageObject\",\"inLanguage\":\"pt-BR\",\"@id\":\"https:\/\/secure.gravatar.com\/avatar\/e0a867bdedb85fd243eadf09663511f96fc81e0720a4a42581f334ad4303aa6b?s=96&d=mm&r=g\",\"url\":\"https:\/\/secure.gravatar.com\/avatar\/e0a867bdedb85fd243eadf09663511f96fc81e0720a4a42581f334ad4303aa6b?s=96&d=mm&r=g\",\"contentUrl\":\"https:\/\/secure.gravatar.com\/avatar\/e0a867bdedb85fd243eadf09663511f96fc81e0720a4a42581f334ad4303aa6b?s=96&d=mm&r=g\",\"caption\":\"Reda\u00e7\u00e3o\"}}]}<\/script>\n<!-- \/ Yoast SEO plugin. -->","yoast_head_json":{"title":"Ind\u00edgena cadeirante usa arte para mobilizar periferia em Pernambuco - Notibras","robots":{"index":"index","follow":"follow","max-snippet":"max-snippet:-1","max-image-preview":"max-image-preview:large","max-video-preview":"max-video-preview:-1"},"canonical":"https:\/\/www.notibras.com\/site\/indigena-cadeirante-usa-arte-para-mobilizar-periferia-em-pernambuco\/","og_locale":"pt_BR","og_type":"article","og_title":"Ind\u00edgena cadeirante usa arte para mobilizar periferia em Pernambuco - Notibras","og_description":"\u201cNascemos ativistas em um mundo machista\/onde o homem branco quer dominar nossa vida\/ matando, estuprando e violentando nossas terras\/Com o urucum nos olhos\/seguimos marchando com a for\u00e7a ancestral nos guiando\u201d. Da voz emocionada da universit\u00e1ria ind\u00edgena Maria Alice de Melo Silva, de 19 anos, que \u00e9 cadeirante, nascem mais do que versos nos projetos e [&hellip;]","og_url":"https:\/\/www.notibras.com\/site\/indigena-cadeirante-usa-arte-para-mobilizar-periferia-em-pernambuco\/","og_site_name":"Notibras","article_publisher":"https:\/\/www.facebook.com\/notibras\/","article_published_time":"2025-02-08T03:01:52+00:00","article_modified_time":"2025-02-08T10:03:47+00:00","og_image":[{"width":1170,"height":700,"url":"https:\/\/www.notibras.com\/site\/wp-content\/uploads\/2025\/02\/indigenacadeirante.webp","type":"image\/webp"}],"author":"Reda\u00e7\u00e3o","twitter_card":"summary_large_image","twitter_creator":"@Notibras","twitter_site":"@Notibras","twitter_misc":{"Escrito por":"Reda\u00e7\u00e3o","Est. tempo de leitura":"6 minutos"},"schema":{"@context":"https:\/\/schema.org","@graph":[{"@type":"Article","@id":"https:\/\/www.notibras.com\/site\/indigena-cadeirante-usa-arte-para-mobilizar-periferia-em-pernambuco\/#article","isPartOf":{"@id":"https:\/\/www.notibras.com\/site\/indigena-cadeirante-usa-arte-para-mobilizar-periferia-em-pernambuco\/"},"author":{"name":"Reda\u00e7\u00e3o","@id":"https:\/\/www.notibras.com\/site\/#\/schema\/person\/36ab0979449956132d3e5b517ea76ac8"},"headline":"Ind\u00edgena cadeirante usa arte para mobilizar periferia em Pernambuco","datePublished":"2025-02-08T03:01:52+00:00","dateModified":"2025-02-08T10:03:47+00:00","mainEntityOfPage":{"@id":"https:\/\/www.notibras.com\/site\/indigena-cadeirante-usa-arte-para-mobilizar-periferia-em-pernambuco\/"},"wordCount":980,"publisher":{"@id":"https:\/\/www.notibras.com\/site\/#organization"},"image":{"@id":"https:\/\/www.notibras.com\/site\/indigena-cadeirante-usa-arte-para-mobilizar-periferia-em-pernambuco\/#primaryimage"},"thumbnailUrl":"https:\/\/www.notibras.com\/site\/wp-content\/uploads\/2025\/02\/indigenacadeirante.webp","articleSection":["Nordeste"],"inLanguage":"pt-BR"},{"@type":"WebPage","@id":"https:\/\/www.notibras.com\/site\/indigena-cadeirante-usa-arte-para-mobilizar-periferia-em-pernambuco\/","url":"https:\/\/www.notibras.com\/site\/indigena-cadeirante-usa-arte-para-mobilizar-periferia-em-pernambuco\/","name":"Ind\u00edgena cadeirante usa arte para mobilizar periferia em Pernambuco - Notibras","isPartOf":{"@id":"https:\/\/www.notibras.com\/site\/#website"},"primaryImageOfPage":{"@id":"https:\/\/www.notibras.com\/site\/indigena-cadeirante-usa-arte-para-mobilizar-periferia-em-pernambuco\/#primaryimage"},"image":{"@id":"https:\/\/www.notibras.com\/site\/indigena-cadeirante-usa-arte-para-mobilizar-periferia-em-pernambuco\/#primaryimage"},"thumbnailUrl":"https:\/\/www.notibras.com\/site\/wp-content\/uploads\/2025\/02\/indigenacadeirante.webp","datePublished":"2025-02-08T03:01:52+00:00","dateModified":"2025-02-08T10:03:47+00:00","breadcrumb":{"@id":"https:\/\/www.notibras.com\/site\/indigena-cadeirante-usa-arte-para-mobilizar-periferia-em-pernambuco\/#breadcrumb"},"inLanguage":"pt-BR","potentialAction":[{"@type":"ReadAction","target":["https:\/\/www.notibras.com\/site\/indigena-cadeirante-usa-arte-para-mobilizar-periferia-em-pernambuco\/"]}]},{"@type":"ImageObject","inLanguage":"pt-BR","@id":"https:\/\/www.notibras.com\/site\/indigena-cadeirante-usa-arte-para-mobilizar-periferia-em-pernambuco\/#primaryimage","url":"https:\/\/www.notibras.com\/site\/wp-content\/uploads\/2025\/02\/indigenacadeirante.webp","contentUrl":"https:\/\/www.notibras.com\/site\/wp-content\/uploads\/2025\/02\/indigenacadeirante.webp","width":1170,"height":700},{"@type":"BreadcrumbList","@id":"https:\/\/www.notibras.com\/site\/indigena-cadeirante-usa-arte-para-mobilizar-periferia-em-pernambuco\/#breadcrumb","itemListElement":[{"@type":"ListItem","position":1,"name":"In\u00edcio","item":"https:\/\/www.notibras.com\/site\/"},{"@type":"ListItem","position":2,"name":"Ind\u00edgena cadeirante usa arte para mobilizar periferia em Pernambuco"}]},{"@type":"WebSite","@id":"https:\/\/www.notibras.com\/site\/#website","url":"https:\/\/www.notibras.com\/site\/","name":"Notibras","description":"Not\u00edcias de Bras\u00edlia, do Brasil e do Mundo","publisher":{"@id":"https:\/\/www.notibras.com\/site\/#organization"},"potentialAction":[{"@type":"SearchAction","target":{"@type":"EntryPoint","urlTemplate":"https:\/\/www.notibras.com\/site\/?s={search_term_string}"},"query-input":{"@type":"PropertyValueSpecification","valueRequired":true,"valueName":"search_term_string"}}],"inLanguage":"pt-BR"},{"@type":"Organization","@id":"https:\/\/www.notibras.com\/site\/#organization","name":"Grupo Notibras de Comunica\u00e7\u00e3o","url":"https:\/\/www.notibras.com\/site\/","logo":{"@type":"ImageObject","inLanguage":"pt-BR","@id":"https:\/\/www.notibras.com\/site\/#\/schema\/logo\/image\/","url":"https:\/\/www.notibras.com\/site\/wp-content\/uploads\/2023\/01\/notibras23.png","contentUrl":"https:\/\/www.notibras.com\/site\/wp-content\/uploads\/2023\/01\/notibras23.png","width":350,"height":87,"caption":"Grupo Notibras de Comunica\u00e7\u00e3o"},"image":{"@id":"https:\/\/www.notibras.com\/site\/#\/schema\/logo\/image\/"},"sameAs":["https:\/\/www.facebook.com\/notibras\/","https:\/\/x.com\/Notibras","https:\/\/www.instagram.com\/notibras\/"]},{"@type":"Person","@id":"https:\/\/www.notibras.com\/site\/#\/schema\/person\/36ab0979449956132d3e5b517ea76ac8","name":"Reda\u00e7\u00e3o","image":{"@type":"ImageObject","inLanguage":"pt-BR","@id":"https:\/\/secure.gravatar.com\/avatar\/e0a867bdedb85fd243eadf09663511f96fc81e0720a4a42581f334ad4303aa6b?s=96&d=mm&r=g","url":"https:\/\/secure.gravatar.com\/avatar\/e0a867bdedb85fd243eadf09663511f96fc81e0720a4a42581f334ad4303aa6b?s=96&d=mm&r=g","contentUrl":"https:\/\/secure.gravatar.com\/avatar\/e0a867bdedb85fd243eadf09663511f96fc81e0720a4a42581f334ad4303aa6b?s=96&d=mm&r=g","caption":"Reda\u00e7\u00e3o"}}]}},"amp_enabled":true,"_links":{"self":[{"href":"https:\/\/www.notibras.com\/site\/wp-json\/wp\/v2\/posts\/347437","targetHints":{"allow":["GET"]}}],"collection":[{"href":"https:\/\/www.notibras.com\/site\/wp-json\/wp\/v2\/posts"}],"about":[{"href":"https:\/\/www.notibras.com\/site\/wp-json\/wp\/v2\/types\/post"}],"author":[{"embeddable":true,"href":"https:\/\/www.notibras.com\/site\/wp-json\/wp\/v2\/users\/2"}],"replies":[{"embeddable":true,"href":"https:\/\/www.notibras.com\/site\/wp-json\/wp\/v2\/comments?post=347437"}],"version-history":[{"count":1,"href":"https:\/\/www.notibras.com\/site\/wp-json\/wp\/v2\/posts\/347437\/revisions"}],"predecessor-version":[{"id":347439,"href":"https:\/\/www.notibras.com\/site\/wp-json\/wp\/v2\/posts\/347437\/revisions\/347439"}],"wp:featuredmedia":[{"embeddable":true,"href":"https:\/\/www.notibras.com\/site\/wp-json\/wp\/v2\/media\/347438"}],"wp:attachment":[{"href":"https:\/\/www.notibras.com\/site\/wp-json\/wp\/v2\/media?parent=347437"}],"wp:term":[{"taxonomy":"category","embeddable":true,"href":"https:\/\/www.notibras.com\/site\/wp-json\/wp\/v2\/categories?post=347437"},{"taxonomy":"post_tag","embeddable":true,"href":"https:\/\/www.notibras.com\/site\/wp-json\/wp\/v2\/tags?post=347437"}],"curies":[{"name":"wp","href":"https:\/\/api.w.org\/{rel}","templated":true}]}}