{"id":347443,"date":"2025-02-08T00:00:56","date_gmt":"2025-02-08T03:00:56","guid":{"rendered":"https:\/\/www.notibras.com\/site\/?p=347443"},"modified":"2025-02-08T07:24:41","modified_gmt":"2025-02-08T10:24:41","slug":"347443-2","status":"publish","type":"post","link":"https:\/\/www.notibras.com\/site\/347443-2\/","title":{"rendered":"Ricardo Vale comemora futura obra do BRT Norte"},"content":{"rendered":"<p>Em sess\u00e3o ordin\u00e1ria da C\u00e2mara Legislativa, o deputado Ricardo Vale (PT) comemorou a publica\u00e7\u00e3o de aviso de licita\u00e7\u00e3o para a escolha de empresa que vai executar parte da obra do BRT Norte.<\/p>\n<p>\u201cEssa \u00e9 uma informa\u00e7\u00e3o muito boa para a popula\u00e7\u00e3o de Sobradinho e Planaltina\u201d, afirmou o parlamentar.<\/p>\n<p>\u201cO BRT Norte \u00e9 uma obra extremamente necess\u00e1ria para melhorar a mobilidade daquela regi\u00e3o, principalmente depois de Sobradinho\u201d, acrescentou.<\/p>\n<p>Para o distrital, a empreitada \u2013 que conta com recursos do PAC \u2013 mostra a import\u00e2ncia da \u201charmonia\u201d entre os governos local e federal.<\/p>\n","protected":false},"excerpt":{"rendered":"<p>Em sess\u00e3o ordin\u00e1ria da C\u00e2mara Legislativa, o deputado Ricardo Vale (PT) comemorou a publica\u00e7\u00e3o de aviso de licita\u00e7\u00e3o para a escolha de empresa que vai executar parte da obra do BRT Norte. \u201cEssa \u00e9 uma informa\u00e7\u00e3o muito boa para a popula\u00e7\u00e3o de Sobradinho e Planaltina\u201d, afirmou o parlamentar. \u201cO BRT Norte \u00e9 uma obra extremamente [&hellip;]<\/p>\n","protected":false},"author":2,"featured_media":347444,"comment_status":"closed","ping_status":"closed","sticky":false,"template":"","format":"standard","meta":{"_acf_changed":false,"footnotes":""},"categories":[161],"tags":[],"class_list":["post-347443","post","type-post","status-publish","format-standard","has-post-thumbnail","hentry","category-quadradinho-em-foco"],"acf":[],"_links":{"self":[{"href":"https:\/\/www.notibras.com\/site\/wp-json\/wp\/v2\/posts\/347443","targetHints":{"allow":["GET"]}}],"collection":[{"href":"https:\/\/www.notibras.com\/site\/wp-json\/wp\/v2\/posts"}],"about":[{"href":"https:\/\/www.notibras.com\/site\/wp-json\/wp\/v2\/types\/post"}],"author":[{"embeddable":true,"href":"https:\/\/www.notibras.com\/site\/wp-json\/wp\/v2\/users\/2"}],"replies":[{"embeddable":true,"href":"https:\/\/www.notibras.com\/site\/wp-json\/wp\/v2\/comments?post=347443"}],"version-history":[{"count":2,"href":"https:\/\/www.notibras.com\/site\/wp-json\/wp\/v2\/posts\/347443\/revisions"}],"predecessor-version":[{"id":347446,"href":"https:\/\/www.notibras.com\/site\/wp-json\/wp\/v2\/posts\/347443\/revisions\/347446"}],"wp:featuredmedia":[{"embeddable":true,"href":"https:\/\/www.notibras.com\/site\/wp-json\/wp\/v2\/media\/347444"}],"wp:attachment":[{"href":"https:\/\/www.notibras.com\/site\/wp-json\/wp\/v2\/media?parent=347443"}],"wp:term":[{"taxonomy":"category","embeddable":true,"href":"https:\/\/www.notibras.com\/site\/wp-json\/wp\/v2\/categories?post=347443"},{"taxonomy":"post_tag","embeddable":true,"href":"https:\/\/www.notibras.com\/site\/wp-json\/wp\/v2\/tags?post=347443"}],"curies":[{"name":"wp","href":"https:\/\/api.w.org\/{rel}","templated":true}]}}