{"id":34745,"date":"2015-01-22T20:01:18","date_gmt":"2015-01-22T23:01:18","guid":{"rendered":"http:\/\/www.notibras.com\/site\/?p=34745"},"modified":"2015-01-22T20:01:18","modified_gmt":"2015-01-22T23:01:18","slug":"upis-entra-na-superliga-b-de-olho-na-elite-do-volei-brasileiro","status":"publish","type":"post","link":"https:\/\/www.notibras.com\/site\/upis-entra-na-superliga-b-de-olho-na-elite-do-volei-brasileiro\/","title":{"rendered":"Upis entra na Superliga B de olho na elite do v\u00f4lei brasileiro"},"content":{"rendered":"<p>A Superliga B de v\u00f4lei masculino come\u00e7a neste final de semana para a equipe da UPIS. Mais do que uma estreia na competi\u00e7\u00e3o, o pr\u00f3ximo dia 24 pode marcar o renascimento do time, que j\u00e1 frequentou a elite do esporte nacional. O primeiro advers\u00e1rio dos candangos ser\u00e1 a forte equipe do Sesi (SP), em S\u00e3o Paulo.<\/p>\n<p>Apostando na jovialidade e na uni\u00e3o do grupo, o experiente t\u00e9cnico do time candango, Fl\u00e1vio Thiessen, prev\u00ea bons resultados. E, em quest\u00e3o de n\u00fameros, h\u00e1 motivos para o otimismo. No ano de 2014, a Upis participou de competi\u00e7\u00f5es universit\u00e1rias nacionais e sempre chegou entre os primeiros.<\/p>\n<p>Nos campeonatos disputados, destaca-se o JUBs &#8211; Jogos Universit\u00e1rios Brasileiros (JUBs) -, realizados em Aracaj\u00fa (SE). Os meninos de Bras\u00edlia foram vice-campe\u00f5es, perdendo apenas para os representantes de Santa Catarina na final.<\/p>\n<blockquote><p>Na fase classificat\u00f3ria, ser\u00e3o sete rodadas. No primeiro jogo, a Upis espera come\u00e7ar com o p\u00e9 direito no bairro paulista de Vila Leopoldina.<\/p><\/blockquote>\n<p>Se dentro de quadra, Thiessen contar\u00e1 com 12 atletas (entre titulares e reservas), \u00e9 fora dela que se espera a for\u00e7a motriz para os \u00eaxitos nas partidas: a torcida. Tr\u00eas partidas ser\u00e3o disputadas no SESI de Taguatinga (confira o calend\u00e1rio de jogos abaixo).<\/p>\n<p>O campe\u00e3o da Superliga B garante acesso \u00e0 elite do v\u00f4lei nacional no pr\u00f3ximo ano. E, para que a torcida lote as arquibancadas quando os jogos forem em casa, \u00e9 bom conferir o calend\u00e1rio das partidas. Para mais informa\u00e7\u00f5es, entrar em contato com o t\u00e9cnico do time Flavio Thiessen (8173-6883).<\/p>\n<blockquote><p>Tabela de jogos<\/p>\n<p>24\/1\/2015 (S\u00e1b): 17h<\/p>\n<p>S\u00e3o Paulo\/SP &#8211; Vila Leopoldina<\/p>\n<p>Sesi-SP (SP) x Upis\/Bras\u00edlia (DF)<\/p>\n<p>31\/1\/2015 (S\u00e1b): 16h<\/p>\n<p>Bras\u00edlia\/DF &#8211; Sesi Taguatinga<\/p>\n<p>Upis\/Bras\u00edlia (DF) x Bento V\u00f4lei\/Isabela RS)<\/p>\n<p>7\/2\/2015 (S\u00e1b): 17h<\/p>\n<p>Sete Lagoas\/MG &#8211; Unifemm<\/p>\n<p>SadaUnifemm (MG) x Upis\/Bras\u00edlia (DF)<\/p>\n<p>21\/2\/2015 (S\u00e1b): 16h<\/p>\n<p>Bras\u00edlia\/DF &#8211; Sesi Taguatinga<\/p>\n<p>Upis\/Bras\u00edlia (DF) x Unincor\/Tr\u00eas Cora\u00e7\u00f5es (MG)<\/p>\n<p>28\/2\/2015 (S\u00e1b): 16h<\/p>\n<p>Bras\u00edlia\/DF &#8211; Sesi Taguatinga<\/p>\n<p>Upis\/Bras\u00edlia (DF) x Santo Andr\u00e9\/Di\u00e1rio (SP)<\/p>\n<p>7\/3\/2015 (S\u00e1b): 20h<\/p>\n<p>Blumenau\/SC &#8211; Bar\u00e3o Do Rio Branco<\/p>\n<p>Bar\u00e3o\/Blumenau (SC)\u00a0\u00a0 x Upis\/Bras\u00edlia (DF)<\/p>\n<p>14\/3\/2015 (S\u00e1b): 19h30<\/p>\n<p>Foz Do Igua\u00e7u\/RS &#8211; Costa Cavalcanti<\/p>\n<p>Foz Do Igua\u00e7u Voleibol (PR) x Upis\/Bras\u00edlia (DF)<\/p><\/blockquote>\n","protected":false},"excerpt":{"rendered":"<p>A Superliga B de v\u00f4lei masculino come\u00e7a neste final de semana para a equipe da UPIS. Mais do que uma estreia na competi\u00e7\u00e3o, o pr\u00f3ximo dia 24 pode marcar o renascimento do time, que j\u00e1 frequentou a elite do esporte nacional. O primeiro advers\u00e1rio dos candangos ser\u00e1 a forte equipe do Sesi (SP), em S\u00e3o [&hellip;]<\/p>\n","protected":false},"author":2,"featured_media":34746,"comment_status":"open","ping_status":"closed","sticky":false,"template":"","format":"standard","meta":{"_acf_changed":false,"footnotes":""},"categories":[19,30],"tags":[],"class_list":["post-34745","post","type-post","status-publish","format-standard","has-post-thumbnail","hentry","category-esportes","category-volei"],"acf":[],"yoast_head":"<!-- This site is optimized with the Yoast SEO plugin v27.2 - https:\/\/yoast.com\/product\/yoast-seo-wordpress\/ -->\n<title>Upis entra na Superliga B de olho na elite do v\u00f4lei brasileiro - Notibras<\/title>\n<meta name=\"robots\" content=\"index, follow, max-snippet:-1, max-image-preview:large, max-video-preview:-1\" \/>\n<link rel=\"canonical\" href=\"https:\/\/www.notibras.com\/site\/upis-entra-na-superliga-b-de-olho-na-elite-do-volei-brasileiro\/\" \/>\n<meta property=\"og:locale\" content=\"pt_BR\" \/>\n<meta property=\"og:type\" content=\"article\" \/>\n<meta property=\"og:title\" content=\"Upis entra na Superliga B de olho na elite do v\u00f4lei brasileiro - Notibras\" \/>\n<meta property=\"og:description\" content=\"A Superliga B de v\u00f4lei masculino come\u00e7a neste final de semana para a equipe da UPIS. Mais do que uma estreia na competi\u00e7\u00e3o, o pr\u00f3ximo dia 24 pode marcar o renascimento do time, que j\u00e1 frequentou a elite do esporte nacional. O primeiro advers\u00e1rio dos candangos ser\u00e1 a forte equipe do Sesi (SP), em S\u00e3o [&hellip;]\" \/>\n<meta property=\"og:url\" content=\"https:\/\/www.notibras.com\/site\/upis-entra-na-superliga-b-de-olho-na-elite-do-volei-brasileiro\/\" \/>\n<meta property=\"og:site_name\" content=\"Notibras\" \/>\n<meta property=\"article:publisher\" content=\"https:\/\/www.facebook.com\/notibras\/\" \/>\n<meta property=\"article:published_time\" content=\"2015-01-22T23:01:18+00:00\" \/>\n<meta property=\"og:image\" content=\"https:\/\/www.notibras.com\/site\/wp-content\/uploads\/2015\/01\/upi.jpg\" \/>\n\t<meta property=\"og:image:width\" content=\"600\" \/>\n\t<meta property=\"og:image:height\" content=\"401\" \/>\n\t<meta property=\"og:image:type\" content=\"image\/jpeg\" \/>\n<meta name=\"author\" content=\"Reda\u00e7\u00e3o\" \/>\n<meta name=\"twitter:card\" content=\"summary_large_image\" \/>\n<meta name=\"twitter:creator\" content=\"@Notibras\" \/>\n<meta name=\"twitter:site\" content=\"@Notibras\" \/>\n<meta name=\"twitter:label1\" content=\"Escrito por\" \/>\n\t<meta name=\"twitter:data1\" content=\"Reda\u00e7\u00e3o\" \/>\n\t<meta name=\"twitter:label2\" content=\"Est. tempo de leitura\" \/>\n\t<meta name=\"twitter:data2\" content=\"2 minutos\" \/>\n<script type=\"application\/ld+json\" class=\"yoast-schema-graph\">{\"@context\":\"https:\/\/schema.org\",\"@graph\":[{\"@type\":\"Article\",\"@id\":\"https:\/\/www.notibras.com\/site\/upis-entra-na-superliga-b-de-olho-na-elite-do-volei-brasileiro\/#article\",\"isPartOf\":{\"@id\":\"https:\/\/www.notibras.com\/site\/upis-entra-na-superliga-b-de-olho-na-elite-do-volei-brasileiro\/\"},\"author\":{\"name\":\"Reda\u00e7\u00e3o\",\"@id\":\"https:\/\/www.notibras.com\/site\/#\/schema\/person\/36ab0979449956132d3e5b517ea76ac8\"},\"headline\":\"Upis entra na Superliga B de olho na elite do v\u00f4lei brasileiro\",\"datePublished\":\"2015-01-22T23:01:18+00:00\",\"mainEntityOfPage\":{\"@id\":\"https:\/\/www.notibras.com\/site\/upis-entra-na-superliga-b-de-olho-na-elite-do-volei-brasileiro\/\"},\"wordCount\":421,\"commentCount\":0,\"publisher\":{\"@id\":\"https:\/\/www.notibras.com\/site\/#organization\"},\"image\":{\"@id\":\"https:\/\/www.notibras.com\/site\/upis-entra-na-superliga-b-de-olho-na-elite-do-volei-brasileiro\/#primaryimage\"},\"thumbnailUrl\":\"https:\/\/www.notibras.com\/site\/wp-content\/uploads\/2015\/01\/upi.jpg\",\"articleSection\":[\"Esportes\",\"V\u00f4lei\"],\"inLanguage\":\"pt-BR\",\"potentialAction\":[{\"@type\":\"CommentAction\",\"name\":\"Comment\",\"target\":[\"https:\/\/www.notibras.com\/site\/upis-entra-na-superliga-b-de-olho-na-elite-do-volei-brasileiro\/#respond\"]}]},{\"@type\":\"WebPage\",\"@id\":\"https:\/\/www.notibras.com\/site\/upis-entra-na-superliga-b-de-olho-na-elite-do-volei-brasileiro\/\",\"url\":\"https:\/\/www.notibras.com\/site\/upis-entra-na-superliga-b-de-olho-na-elite-do-volei-brasileiro\/\",\"name\":\"Upis entra na Superliga B de olho na elite do v\u00f4lei brasileiro - Notibras\",\"isPartOf\":{\"@id\":\"https:\/\/www.notibras.com\/site\/#website\"},\"primaryImageOfPage\":{\"@id\":\"https:\/\/www.notibras.com\/site\/upis-entra-na-superliga-b-de-olho-na-elite-do-volei-brasileiro\/#primaryimage\"},\"image\":{\"@id\":\"https:\/\/www.notibras.com\/site\/upis-entra-na-superliga-b-de-olho-na-elite-do-volei-brasileiro\/#primaryimage\"},\"thumbnailUrl\":\"https:\/\/www.notibras.com\/site\/wp-content\/uploads\/2015\/01\/upi.jpg\",\"datePublished\":\"2015-01-22T23:01:18+00:00\",\"breadcrumb\":{\"@id\":\"https:\/\/www.notibras.com\/site\/upis-entra-na-superliga-b-de-olho-na-elite-do-volei-brasileiro\/#breadcrumb\"},\"inLanguage\":\"pt-BR\",\"potentialAction\":[{\"@type\":\"ReadAction\",\"target\":[\"https:\/\/www.notibras.com\/site\/upis-entra-na-superliga-b-de-olho-na-elite-do-volei-brasileiro\/\"]}]},{\"@type\":\"ImageObject\",\"inLanguage\":\"pt-BR\",\"@id\":\"https:\/\/www.notibras.com\/site\/upis-entra-na-superliga-b-de-olho-na-elite-do-volei-brasileiro\/#primaryimage\",\"url\":\"https:\/\/www.notibras.com\/site\/wp-content\/uploads\/2015\/01\/upi.jpg\",\"contentUrl\":\"https:\/\/www.notibras.com\/site\/wp-content\/uploads\/2015\/01\/upi.jpg\",\"width\":600,\"height\":401},{\"@type\":\"BreadcrumbList\",\"@id\":\"https:\/\/www.notibras.com\/site\/upis-entra-na-superliga-b-de-olho-na-elite-do-volei-brasileiro\/#breadcrumb\",\"itemListElement\":[{\"@type\":\"ListItem\",\"position\":1,\"name\":\"In\u00edcio\",\"item\":\"https:\/\/www.notibras.com\/site\/\"},{\"@type\":\"ListItem\",\"position\":2,\"name\":\"Upis entra na Superliga B de olho na elite do v\u00f4lei brasileiro\"}]},{\"@type\":\"WebSite\",\"@id\":\"https:\/\/www.notibras.com\/site\/#website\",\"url\":\"https:\/\/www.notibras.com\/site\/\",\"name\":\"Notibras\",\"description\":\"Not\u00edcias de Bras\u00edlia, do Brasil e do Mundo\",\"publisher\":{\"@id\":\"https:\/\/www.notibras.com\/site\/#organization\"},\"potentialAction\":[{\"@type\":\"SearchAction\",\"target\":{\"@type\":\"EntryPoint\",\"urlTemplate\":\"https:\/\/www.notibras.com\/site\/?s={search_term_string}\"},\"query-input\":{\"@type\":\"PropertyValueSpecification\",\"valueRequired\":true,\"valueName\":\"search_term_string\"}}],\"inLanguage\":\"pt-BR\"},{\"@type\":\"Organization\",\"@id\":\"https:\/\/www.notibras.com\/site\/#organization\",\"name\":\"Grupo Notibras de Comunica\u00e7\u00e3o\",\"url\":\"https:\/\/www.notibras.com\/site\/\",\"logo\":{\"@type\":\"ImageObject\",\"inLanguage\":\"pt-BR\",\"@id\":\"https:\/\/www.notibras.com\/site\/#\/schema\/logo\/image\/\",\"url\":\"https:\/\/www.notibras.com\/site\/wp-content\/uploads\/2023\/01\/notibras23.png\",\"contentUrl\":\"https:\/\/www.notibras.com\/site\/wp-content\/uploads\/2023\/01\/notibras23.png\",\"width\":350,\"height\":87,\"caption\":\"Grupo Notibras de Comunica\u00e7\u00e3o\"},\"image\":{\"@id\":\"https:\/\/www.notibras.com\/site\/#\/schema\/logo\/image\/\"},\"sameAs\":[\"https:\/\/www.facebook.com\/notibras\/\",\"https:\/\/x.com\/Notibras\",\"https:\/\/www.instagram.com\/notibras\/\"]},{\"@type\":\"Person\",\"@id\":\"https:\/\/www.notibras.com\/site\/#\/schema\/person\/36ab0979449956132d3e5b517ea76ac8\",\"name\":\"Reda\u00e7\u00e3o\",\"image\":{\"@type\":\"ImageObject\",\"inLanguage\":\"pt-BR\",\"@id\":\"https:\/\/secure.gravatar.com\/avatar\/e0a867bdedb85fd243eadf09663511f96fc81e0720a4a42581f334ad4303aa6b?s=96&d=mm&r=g\",\"url\":\"https:\/\/secure.gravatar.com\/avatar\/e0a867bdedb85fd243eadf09663511f96fc81e0720a4a42581f334ad4303aa6b?s=96&d=mm&r=g\",\"contentUrl\":\"https:\/\/secure.gravatar.com\/avatar\/e0a867bdedb85fd243eadf09663511f96fc81e0720a4a42581f334ad4303aa6b?s=96&d=mm&r=g\",\"caption\":\"Reda\u00e7\u00e3o\"}}]}<\/script>\n<!-- \/ Yoast SEO plugin. -->","yoast_head_json":{"title":"Upis entra na Superliga B de olho na elite do v\u00f4lei brasileiro - Notibras","robots":{"index":"index","follow":"follow","max-snippet":"max-snippet:-1","max-image-preview":"max-image-preview:large","max-video-preview":"max-video-preview:-1"},"canonical":"https:\/\/www.notibras.com\/site\/upis-entra-na-superliga-b-de-olho-na-elite-do-volei-brasileiro\/","og_locale":"pt_BR","og_type":"article","og_title":"Upis entra na Superliga B de olho na elite do v\u00f4lei brasileiro - Notibras","og_description":"A Superliga B de v\u00f4lei masculino come\u00e7a neste final de semana para a equipe da UPIS. Mais do que uma estreia na competi\u00e7\u00e3o, o pr\u00f3ximo dia 24 pode marcar o renascimento do time, que j\u00e1 frequentou a elite do esporte nacional. O primeiro advers\u00e1rio dos candangos ser\u00e1 a forte equipe do Sesi (SP), em S\u00e3o [&hellip;]","og_url":"https:\/\/www.notibras.com\/site\/upis-entra-na-superliga-b-de-olho-na-elite-do-volei-brasileiro\/","og_site_name":"Notibras","article_publisher":"https:\/\/www.facebook.com\/notibras\/","article_published_time":"2015-01-22T23:01:18+00:00","og_image":[{"width":600,"height":401,"url":"https:\/\/www.notibras.com\/site\/wp-content\/uploads\/2015\/01\/upi.jpg","type":"image\/jpeg"}],"author":"Reda\u00e7\u00e3o","twitter_card":"summary_large_image","twitter_creator":"@Notibras","twitter_site":"@Notibras","twitter_misc":{"Escrito por":"Reda\u00e7\u00e3o","Est. tempo de leitura":"2 minutos"},"schema":{"@context":"https:\/\/schema.org","@graph":[{"@type":"Article","@id":"https:\/\/www.notibras.com\/site\/upis-entra-na-superliga-b-de-olho-na-elite-do-volei-brasileiro\/#article","isPartOf":{"@id":"https:\/\/www.notibras.com\/site\/upis-entra-na-superliga-b-de-olho-na-elite-do-volei-brasileiro\/"},"author":{"name":"Reda\u00e7\u00e3o","@id":"https:\/\/www.notibras.com\/site\/#\/schema\/person\/36ab0979449956132d3e5b517ea76ac8"},"headline":"Upis entra na Superliga B de olho na elite do v\u00f4lei brasileiro","datePublished":"2015-01-22T23:01:18+00:00","mainEntityOfPage":{"@id":"https:\/\/www.notibras.com\/site\/upis-entra-na-superliga-b-de-olho-na-elite-do-volei-brasileiro\/"},"wordCount":421,"commentCount":0,"publisher":{"@id":"https:\/\/www.notibras.com\/site\/#organization"},"image":{"@id":"https:\/\/www.notibras.com\/site\/upis-entra-na-superliga-b-de-olho-na-elite-do-volei-brasileiro\/#primaryimage"},"thumbnailUrl":"https:\/\/www.notibras.com\/site\/wp-content\/uploads\/2015\/01\/upi.jpg","articleSection":["Esportes","V\u00f4lei"],"inLanguage":"pt-BR","potentialAction":[{"@type":"CommentAction","name":"Comment","target":["https:\/\/www.notibras.com\/site\/upis-entra-na-superliga-b-de-olho-na-elite-do-volei-brasileiro\/#respond"]}]},{"@type":"WebPage","@id":"https:\/\/www.notibras.com\/site\/upis-entra-na-superliga-b-de-olho-na-elite-do-volei-brasileiro\/","url":"https:\/\/www.notibras.com\/site\/upis-entra-na-superliga-b-de-olho-na-elite-do-volei-brasileiro\/","name":"Upis entra na Superliga B de olho na elite do v\u00f4lei brasileiro - Notibras","isPartOf":{"@id":"https:\/\/www.notibras.com\/site\/#website"},"primaryImageOfPage":{"@id":"https:\/\/www.notibras.com\/site\/upis-entra-na-superliga-b-de-olho-na-elite-do-volei-brasileiro\/#primaryimage"},"image":{"@id":"https:\/\/www.notibras.com\/site\/upis-entra-na-superliga-b-de-olho-na-elite-do-volei-brasileiro\/#primaryimage"},"thumbnailUrl":"https:\/\/www.notibras.com\/site\/wp-content\/uploads\/2015\/01\/upi.jpg","datePublished":"2015-01-22T23:01:18+00:00","breadcrumb":{"@id":"https:\/\/www.notibras.com\/site\/upis-entra-na-superliga-b-de-olho-na-elite-do-volei-brasileiro\/#breadcrumb"},"inLanguage":"pt-BR","potentialAction":[{"@type":"ReadAction","target":["https:\/\/www.notibras.com\/site\/upis-entra-na-superliga-b-de-olho-na-elite-do-volei-brasileiro\/"]}]},{"@type":"ImageObject","inLanguage":"pt-BR","@id":"https:\/\/www.notibras.com\/site\/upis-entra-na-superliga-b-de-olho-na-elite-do-volei-brasileiro\/#primaryimage","url":"https:\/\/www.notibras.com\/site\/wp-content\/uploads\/2015\/01\/upi.jpg","contentUrl":"https:\/\/www.notibras.com\/site\/wp-content\/uploads\/2015\/01\/upi.jpg","width":600,"height":401},{"@type":"BreadcrumbList","@id":"https:\/\/www.notibras.com\/site\/upis-entra-na-superliga-b-de-olho-na-elite-do-volei-brasileiro\/#breadcrumb","itemListElement":[{"@type":"ListItem","position":1,"name":"In\u00edcio","item":"https:\/\/www.notibras.com\/site\/"},{"@type":"ListItem","position":2,"name":"Upis entra na Superliga B de olho na elite do v\u00f4lei brasileiro"}]},{"@type":"WebSite","@id":"https:\/\/www.notibras.com\/site\/#website","url":"https:\/\/www.notibras.com\/site\/","name":"Notibras","description":"Not\u00edcias de Bras\u00edlia, do Brasil e do Mundo","publisher":{"@id":"https:\/\/www.notibras.com\/site\/#organization"},"potentialAction":[{"@type":"SearchAction","target":{"@type":"EntryPoint","urlTemplate":"https:\/\/www.notibras.com\/site\/?s={search_term_string}"},"query-input":{"@type":"PropertyValueSpecification","valueRequired":true,"valueName":"search_term_string"}}],"inLanguage":"pt-BR"},{"@type":"Organization","@id":"https:\/\/www.notibras.com\/site\/#organization","name":"Grupo Notibras de Comunica\u00e7\u00e3o","url":"https:\/\/www.notibras.com\/site\/","logo":{"@type":"ImageObject","inLanguage":"pt-BR","@id":"https:\/\/www.notibras.com\/site\/#\/schema\/logo\/image\/","url":"https:\/\/www.notibras.com\/site\/wp-content\/uploads\/2023\/01\/notibras23.png","contentUrl":"https:\/\/www.notibras.com\/site\/wp-content\/uploads\/2023\/01\/notibras23.png","width":350,"height":87,"caption":"Grupo Notibras de Comunica\u00e7\u00e3o"},"image":{"@id":"https:\/\/www.notibras.com\/site\/#\/schema\/logo\/image\/"},"sameAs":["https:\/\/www.facebook.com\/notibras\/","https:\/\/x.com\/Notibras","https:\/\/www.instagram.com\/notibras\/"]},{"@type":"Person","@id":"https:\/\/www.notibras.com\/site\/#\/schema\/person\/36ab0979449956132d3e5b517ea76ac8","name":"Reda\u00e7\u00e3o","image":{"@type":"ImageObject","inLanguage":"pt-BR","@id":"https:\/\/secure.gravatar.com\/avatar\/e0a867bdedb85fd243eadf09663511f96fc81e0720a4a42581f334ad4303aa6b?s=96&d=mm&r=g","url":"https:\/\/secure.gravatar.com\/avatar\/e0a867bdedb85fd243eadf09663511f96fc81e0720a4a42581f334ad4303aa6b?s=96&d=mm&r=g","contentUrl":"https:\/\/secure.gravatar.com\/avatar\/e0a867bdedb85fd243eadf09663511f96fc81e0720a4a42581f334ad4303aa6b?s=96&d=mm&r=g","caption":"Reda\u00e7\u00e3o"}}]}},"amp_enabled":true,"_links":{"self":[{"href":"https:\/\/www.notibras.com\/site\/wp-json\/wp\/v2\/posts\/34745","targetHints":{"allow":["GET"]}}],"collection":[{"href":"https:\/\/www.notibras.com\/site\/wp-json\/wp\/v2\/posts"}],"about":[{"href":"https:\/\/www.notibras.com\/site\/wp-json\/wp\/v2\/types\/post"}],"author":[{"embeddable":true,"href":"https:\/\/www.notibras.com\/site\/wp-json\/wp\/v2\/users\/2"}],"replies":[{"embeddable":true,"href":"https:\/\/www.notibras.com\/site\/wp-json\/wp\/v2\/comments?post=34745"}],"version-history":[{"count":0,"href":"https:\/\/www.notibras.com\/site\/wp-json\/wp\/v2\/posts\/34745\/revisions"}],"wp:featuredmedia":[{"embeddable":true,"href":"https:\/\/www.notibras.com\/site\/wp-json\/wp\/v2\/media\/34746"}],"wp:attachment":[{"href":"https:\/\/www.notibras.com\/site\/wp-json\/wp\/v2\/media?parent=34745"}],"wp:term":[{"taxonomy":"category","embeddable":true,"href":"https:\/\/www.notibras.com\/site\/wp-json\/wp\/v2\/categories?post=34745"},{"taxonomy":"post_tag","embeddable":true,"href":"https:\/\/www.notibras.com\/site\/wp-json\/wp\/v2\/tags?post=34745"}],"curies":[{"name":"wp","href":"https:\/\/api.w.org\/{rel}","templated":true}]}}