{"id":347450,"date":"2025-02-08T00:00:59","date_gmt":"2025-02-08T03:00:59","guid":{"rendered":"https:\/\/www.notibras.com\/site\/?p=347450"},"modified":"2025-02-08T07:37:08","modified_gmt":"2025-02-08T10:37:08","slug":"volta-as-aulas-na-rede-publica-mobiliza-forcas-de-seguranca","status":"publish","type":"post","link":"https:\/\/www.notibras.com\/site\/volta-as-aulas-na-rede-publica-mobiliza-forcas-de-seguranca\/","title":{"rendered":"Volta \u00e0s aulas na rede p\u00fablica mobiliza for\u00e7as de seguran\u00e7a"},"content":{"rendered":"<p>A rede p\u00fablica de ensino retoma as aulas nesta segunda-feira (10). Para garantir a tranquilidade de estudantes e respons\u00e1veis neste retorno, as for\u00e7as de seguran\u00e7a do Distrito Federal preparam um esquema especial que prev\u00ea, entre outras coisas, refor\u00e7o no policiamento nas imedia\u00e7\u00f5es de escolas e execu\u00e7\u00e3o de a\u00e7\u00f5es educativas.<\/p>\n<p>A comandante do Batalh\u00e3o Escolar da Pol\u00edcia Militar do DF (PMDF), tenente-coronel Renata Cardoso, explica que o p\u00fablico-alvo da a\u00e7\u00e3o \u00e9 de quase 1 milh\u00e3o de pessoas, considerando cerca de 650 mil alunos do ensino b\u00e1sico das redes p\u00fablica, privada e ensino superior, al\u00e9m dos respectivos respons\u00e1veis. Ao todo, s\u00e3o 1.649 estabelecimentos de ensino da capital federal. Os n\u00fameros colocam a Opera\u00e7\u00e3o Volta \u00e0s Aulas como uma das principais da PMDF. \u201cA gente tem o objetivo de fazer esse retorno garantindo a sensa\u00e7\u00e3o de seguran\u00e7a para todo esse p\u00fablico\u201d, aponta.<\/p>\n<p>O efetivo da PMDF participou de uma prepara\u00e7\u00e3o ao longo de janeiro voltada para a preven\u00e7\u00e3o ao bullying e ao cyberbullying e para outros temas relacionados \u00e0 educa\u00e7\u00e3o, como o atendimento de ocorr\u00eancias em ambiente escolar e o Estatuto da Crian\u00e7a e do Adolescente. \u201cQuando se trata de um p\u00fablico t\u00e3o seleto, a gente n\u00e3o pode estar s\u00f3 com o policiamento ordin\u00e1rio. \u00c9 preciso estar com um efetivo especializado\u201d, diz a comandante.<\/p>\n<p>Al\u00e9m de intensificar o policiamento nas \u00e1reas pr\u00f3ximas a unidades, a corpora\u00e7\u00e3o tamb\u00e9m vai promover campanhas educativas em cinco col\u00e9gios de diferentes regi\u00f5es do DF, um em cada dia da semana de 10 a 14 de fevereiro. Haver\u00e1 distribui\u00e7\u00e3o de folders com dicas de seguran\u00e7a e palestras sobre temas como bullying e combate \u00e0s drogas. \u201cSeguran\u00e7a \u00e9 um componente important\u00edssimo para o aproveitamento pedag\u00f3gico\u201d, refor\u00e7a a tenente-coronel.<\/p>\n<p><strong>Mais seguran\u00e7a<\/strong><br \/>\nA opera\u00e7\u00e3o ter\u00e1 in\u00edcio \u00e0s 6h30, em frente \u00e0 entrada principal do Col\u00e9gio C\u00edvico-Militar CED 7 de Ceil\u00e2ndia. Durante a semana, o policiamento intensificado envolver\u00e1 n\u00e3o s\u00f3 a presen\u00e7a ostensiva dos policiais, mas tamb\u00e9m uma s\u00e9rie de a\u00e7\u00f5es educativas e preventivas. Entre elas, destacam-se as opera\u00e7\u00f5es Escola Livre, Varredura, Bloqueio Escolar e Blitz Escolar.<\/p>\n<p>Durante os dias de a\u00e7\u00e3o, os estudantes, professores e demais membros da comunidade escolar ter\u00e3o acesso a palestras sobre seguran\u00e7a p\u00fablica, preven\u00e7\u00e3o da viol\u00eancia e conscientiza\u00e7\u00e3o sobre o tr\u00e2nsito, dicas sobre como evitar o uso de drogas e combater o bullying.<\/p>\n<p>Veja a programa\u00e7\u00e3o da opera\u00e7\u00e3o da PMDF<\/p>\n<p>\u21d2 Segunda-feira (10): Col\u00e9gio C\u00edvico-Militar CED 7 de Ceil\u00e2ndia \u2013 QNN 13, Setor N, Ceil\u00e2ndia, das 6h30 \u00e0s 18h30<\/p>\n<p>\u21d2 Ter\u00e7a (11): Col\u00e9gio C\u00edvico-Militar CED 1 da Estrutural \u2013 AE 3, Pra\u00e7a Central, Cidade Estrutural, das 6h30 \u00e0s 18h30<\/p>\n<p>\u21d2 Quarta (12): Col\u00e9gio C\u00edvico-Militar CED 308 do Recanto das Emas \u2013 Quadra 308, Conjunto 12, Lote 1, AE, Recanto das Emas, das 6h30 \u00e0s 18h30<\/p>\n<p>\u21d2 Quinta (13): Col\u00e9gio C\u00edvico-Militar CEF 507 de Samambaia \u2013 Quadra QR 507, Conjunto 7, Lote 1, Samambaia Sul, das 6h30 \u00e0s 18h30<\/p>\n<p>\u21d2 Sexta (14): Col\u00e9gio C\u00edvico-Militar CEF 19 de Ceil\u00e2ndia \u2013 Quadra EQNN 18\/20, AE, Ceil\u00e2ndia Sul, das 6h30 \u00e0s 18h30.<\/p>\n<p>A iniciativa tamb\u00e9m aposta em um car\u00e1ter l\u00fadico e educativo: mascotes como Daren e o sargento Valente, representando o Programa Educacional de Resist\u00eancia \u00e0s Drogas e \u00e0 Viol\u00eancia (Proerd), e o Lobo-Guar\u00e1 do Batalh\u00e3o de Pol\u00edcia Militar Ambiental (BPMA) far\u00e3o apari\u00e7\u00f5es, acompanhados por personagens do grupo Teatro Rodovia do BPTran e pela Banda de M\u00fasica da PMDF.<\/p>\n<p>Al\u00e9m de refor\u00e7ar a seguran\u00e7a nas vias de acesso e nas faixas de pedestres pr\u00f3ximas aos estabelecimentos, o Batalh\u00e3o de Policiamento Escolar, com o apoio de diversas unidades da PMDF, atuar\u00e1 de forma integrada para inibir atos il\u00edcitos e garantir a tranquilidade durante a entrada e sa\u00edda dos alunos.<\/p>\n<p>A intensifica\u00e7\u00e3o do policiamento ocorrer\u00e1 especialmente nos hor\u00e1rios de maior fluxo, contribuindo para a sensa\u00e7\u00e3o de seguran\u00e7a e para a preven\u00e7\u00e3o de acidentes e comportamentos de risco.<\/p>\n<p><strong>Tr\u00e2nsito<\/strong><br \/>\nA seguran\u00e7a no deslocamento de estudantes e respons\u00e1veis tamb\u00e9m \u00e9 uma preocupa\u00e7\u00e3o. Por isso, o Departamento de Tr\u00e2nsito do DF (Detran-DF) j\u00e1 vem intensificando a\u00e7\u00f5es educativas. Na \u00faltima semana de janeiro, cerca de 6 mil pais e alunos foram abordados por equipes da Diretoria de Educa\u00e7\u00e3o de Tr\u00e2nsito em blitzes preventivas, que contaram com bonecos, conta\u00e7\u00e3o de hist\u00f3ria e outras iniciativas l\u00fadicas para conscientizar o p\u00fablico.<\/p>\n<p>Com o retorno efetivo das aulas, o \u00f3rg\u00e3o far\u00e1 abordagem na porta das escolas e palestras dentro das unidades. \u201cQueremos alcan\u00e7ar, somente agora em fevereiro, com a segunda edi\u00e7\u00e3o do programa Volta \u00e0s Aulas, 10 mil estudantes, dos ensinos fundamental I e II, de 25 institui\u00e7\u00f5es de ensino p\u00fablicas e privadas em todo o DF. Abordamos temas fundamentais como normas de circula\u00e7\u00e3o e cuidados essenciais no trajeto at\u00e9 a escola, seja a p\u00e9, de bicicleta, carro, transporte escolar ou \u00f4nibus, utilizando linguagem acess\u00edvel, a partir de exemplos concretos da realidade de cada um. Nosso objetivo \u00e9 fazer cumprir o que determina o C\u00f3digo de Tr\u00e2nsito Brasileiro (CTB), de que a educa\u00e7\u00e3o para o tr\u00e2nsito \u00e9 um direito de todos\u201d, projeta a diretora de Educa\u00e7\u00e3o de Tr\u00e2nsito do Detran-DF, Ana Moreira.<\/p>\n","protected":false},"excerpt":{"rendered":"<p>A rede p\u00fablica de ensino retoma as aulas nesta segunda-feira (10). Para garantir a tranquilidade de estudantes e respons\u00e1veis neste retorno, as for\u00e7as de seguran\u00e7a do Distrito Federal preparam um esquema especial que prev\u00ea, entre outras coisas, refor\u00e7o no policiamento nas imedia\u00e7\u00f5es de escolas e execu\u00e7\u00e3o de a\u00e7\u00f5es educativas. A comandante do Batalh\u00e3o Escolar da [&hellip;]<\/p>\n","protected":false},"author":2,"featured_media":347451,"comment_status":"closed","ping_status":"closed","sticky":false,"template":"","format":"standard","meta":{"_acf_changed":false,"footnotes":""},"categories":[161],"tags":[],"class_list":["post-347450","post","type-post","status-publish","format-standard","has-post-thumbnail","hentry","category-quadradinho-em-foco"],"acf":[],"_links":{"self":[{"href":"https:\/\/www.notibras.com\/site\/wp-json\/wp\/v2\/posts\/347450","targetHints":{"allow":["GET"]}}],"collection":[{"href":"https:\/\/www.notibras.com\/site\/wp-json\/wp\/v2\/posts"}],"about":[{"href":"https:\/\/www.notibras.com\/site\/wp-json\/wp\/v2\/types\/post"}],"author":[{"embeddable":true,"href":"https:\/\/www.notibras.com\/site\/wp-json\/wp\/v2\/users\/2"}],"replies":[{"embeddable":true,"href":"https:\/\/www.notibras.com\/site\/wp-json\/wp\/v2\/comments?post=347450"}],"version-history":[{"count":1,"href":"https:\/\/www.notibras.com\/site\/wp-json\/wp\/v2\/posts\/347450\/revisions"}],"predecessor-version":[{"id":347452,"href":"https:\/\/www.notibras.com\/site\/wp-json\/wp\/v2\/posts\/347450\/revisions\/347452"}],"wp:featuredmedia":[{"embeddable":true,"href":"https:\/\/www.notibras.com\/site\/wp-json\/wp\/v2\/media\/347451"}],"wp:attachment":[{"href":"https:\/\/www.notibras.com\/site\/wp-json\/wp\/v2\/media?parent=347450"}],"wp:term":[{"taxonomy":"category","embeddable":true,"href":"https:\/\/www.notibras.com\/site\/wp-json\/wp\/v2\/categories?post=347450"},{"taxonomy":"post_tag","embeddable":true,"href":"https:\/\/www.notibras.com\/site\/wp-json\/wp\/v2\/tags?post=347450"}],"curies":[{"name":"wp","href":"https:\/\/api.w.org\/{rel}","templated":true}]}}