{"id":347453,"date":"2025-02-08T00:00:42","date_gmt":"2025-02-08T03:00:42","guid":{"rendered":"https:\/\/www.notibras.com\/site\/?p=347453"},"modified":"2025-02-08T07:42:48","modified_gmt":"2025-02-08T10:42:48","slug":"areas-do-plano-piloto-recebem-acoes-de-limpeza-e-manutencao","status":"publish","type":"post","link":"https:\/\/www.notibras.com\/site\/areas-do-plano-piloto-recebem-acoes-de-limpeza-e-manutencao\/","title":{"rendered":"\u00c1reas do Plano Piloto recebem a\u00e7\u00f5es de limpeza e manuten\u00e7\u00e3o"},"content":{"rendered":"<p>A Administra\u00e7\u00e3o Regional do Plano Piloto, em parceria com o GDF Presente, segue avan\u00e7ando com os servi\u00e7os de limpeza e manuten\u00e7\u00e3o na regi\u00e3o. Desde segunda-feira (3), mais de 40 toneladas de res\u00edduos foram recolhidas e cerca de 500 sacos de folhas, cada um, com capacidade de 100 litros. A a\u00e7\u00e3o tem percorrido quadras e \u00e1reas p\u00fablicas e ir\u00e1 continuar para atender as demandas da popula\u00e7\u00e3o.<\/p>\n<p>As equipes do Mutir\u00e3o da Limpeza seguem um cronograma baseado nas principais demandas dos moradores e realizam a varri\u00e7\u00e3o e recolhimento de materiais e res\u00edduos em diversos pontos da cidade, incluindo entulhos, folhas, galhos, ro\u00e7agem do mato e limpeza manual de bocas de lobo e zeladoria de parquinhos infantis.<\/p>\n<p>O administrador do Plano Piloto, Bruno Ol\u00edmpio, explica que as a\u00e7\u00f5es de manuten\u00e7\u00e3o s\u00e3o di\u00e1rias, al\u00e9m de atender demandas emerg\u00eancias e que o mutir\u00e3o de limpeza tem ajudado a amenizar os problemas de alagamentos e combater poss\u00edveis focos da dengue. \u201cUma cidade mais limpa e organizada est\u00e1 diretamente ligada \u00e0 qualidade de vida dos moradores. Estamos atuando diariamente em a\u00e7\u00f5es de zeladoria e limpeza, com servi\u00e7os como varri\u00e7\u00e3o, ro\u00e7adas e retirada preventiva de res\u00edduos em bocas de lobo de forma manual, j\u00e1 que a desobstru\u00e7\u00e3o pesada \u00e9 feita por maquin\u00e1rio da Novacap\u201d afirma.<\/p>\n<p>Bruno Ol\u00edmpio ressalta que as demandas que n\u00e3o s\u00e3o executadas pela administra\u00e7\u00e3o, como obras, tapa-buraco, cal\u00e7adas, ciclovias, poda de \u00e1rvores e ilumina\u00e7\u00e3o p\u00fablica. Essas s\u00e3o repassadas por meio de relat\u00f3rio para \u00f3rg\u00e3os competentes para a realiza\u00e7\u00e3o dos servi\u00e7os. At\u00e9 o momento, j\u00e1 foram mapeadas por equipes da RA cerca de 800 demandas que j\u00e1 foram destinadas \u00e0s pastas competentes.<\/p>\n<p>Confira as a\u00e7\u00f5es do mutir\u00e3o de servi\u00e7os no Plano Piloto:<\/p>\n<p>\u2013 Capina e coleta de res\u00edduo verde na 712 ,912 e 913 Sul;<br \/>\n\u2013 Limpeza e coleta de res\u00edduo verde na 307, 407, 712 e 912 Norte;<br \/>\n\u2013 Limpeza e coleta de res\u00edduo verde na W5 e W4 Sul;<br \/>\n\u2013 Manuten\u00e7\u00e3o de boca de lobo na 703, 710 e 903 Sul;<br \/>\n\u2013 Manuten\u00e7\u00e3o na rede el\u00e9trica na Telebras\u00edlia \u2013 Neoenergia;<br \/>\n\u2013 Limpeza e coleta de res\u00edduo verde na Pra\u00e7a da Resist\u00eancia Vila Planalto;<br \/>\n\u2013 Limpeza e coleta de inserv\u00edveis na Vila Telebras\u00edlia.<\/p>\n","protected":false},"excerpt":{"rendered":"<p>A Administra\u00e7\u00e3o Regional do Plano Piloto, em parceria com o GDF Presente, segue avan\u00e7ando com os servi\u00e7os de limpeza e manuten\u00e7\u00e3o na regi\u00e3o. Desde segunda-feira (3), mais de 40 toneladas de res\u00edduos foram recolhidas e cerca de 500 sacos de folhas, cada um, com capacidade de 100 litros. A a\u00e7\u00e3o tem percorrido quadras e \u00e1reas [&hellip;]<\/p>\n","protected":false},"author":2,"featured_media":347454,"comment_status":"closed","ping_status":"closed","sticky":false,"template":"","format":"standard","meta":{"_acf_changed":false,"footnotes":""},"categories":[161],"tags":[],"class_list":["post-347453","post","type-post","status-publish","format-standard","has-post-thumbnail","hentry","category-quadradinho-em-foco"],"acf":[],"_links":{"self":[{"href":"https:\/\/www.notibras.com\/site\/wp-json\/wp\/v2\/posts\/347453","targetHints":{"allow":["GET"]}}],"collection":[{"href":"https:\/\/www.notibras.com\/site\/wp-json\/wp\/v2\/posts"}],"about":[{"href":"https:\/\/www.notibras.com\/site\/wp-json\/wp\/v2\/types\/post"}],"author":[{"embeddable":true,"href":"https:\/\/www.notibras.com\/site\/wp-json\/wp\/v2\/users\/2"}],"replies":[{"embeddable":true,"href":"https:\/\/www.notibras.com\/site\/wp-json\/wp\/v2\/comments?post=347453"}],"version-history":[{"count":1,"href":"https:\/\/www.notibras.com\/site\/wp-json\/wp\/v2\/posts\/347453\/revisions"}],"predecessor-version":[{"id":347455,"href":"https:\/\/www.notibras.com\/site\/wp-json\/wp\/v2\/posts\/347453\/revisions\/347455"}],"wp:featuredmedia":[{"embeddable":true,"href":"https:\/\/www.notibras.com\/site\/wp-json\/wp\/v2\/media\/347454"}],"wp:attachment":[{"href":"https:\/\/www.notibras.com\/site\/wp-json\/wp\/v2\/media?parent=347453"}],"wp:term":[{"taxonomy":"category","embeddable":true,"href":"https:\/\/www.notibras.com\/site\/wp-json\/wp\/v2\/categories?post=347453"},{"taxonomy":"post_tag","embeddable":true,"href":"https:\/\/www.notibras.com\/site\/wp-json\/wp\/v2\/tags?post=347453"}],"curies":[{"name":"wp","href":"https:\/\/api.w.org\/{rel}","templated":true}]}}