{"id":347457,"date":"2025-02-08T08:14:43","date_gmt":"2025-02-08T11:14:43","guid":{"rendered":"https:\/\/www.notibras.com\/site\/?p=347457"},"modified":"2025-02-08T08:15:35","modified_gmt":"2025-02-08T11:15:35","slug":"ruth-desembaracada-sabe-separar-bem-o-dia-dos-namorados-do-de-casados","status":"publish","type":"post","link":"https:\/\/www.notibras.com\/site\/ruth-desembaracada-sabe-separar-bem-o-dia-dos-namorados-do-de-casados\/","title":{"rendered":"Ruth, desembara\u00e7ada, sabe separar bem o Dia dos Namorados do de casados"},"content":{"rendered":"<p>Por mais amarras que tentassem colocar na Ruth, ela conseguia se desvencilhar at\u00e9 com certa desenvoltura. \u00c9 verdade que, vez ou outra, a mulher se via em emaranhados repletos de n\u00f3s de marinheiro. Mesmo assim, a danada se contorcia para c\u00e1, se contorcia para l\u00e1, dava um sacolejo e vida que segue.<\/p>\n<p>\u2014 Pior mesmo \u00e9 viver com um n\u00f3 cego, Margarete.<\/p>\n<p>\u2014 Ah, Ruth, s\u00f3 voc\u00ea pra me fazer rir um pouco.<\/p>\n<p>Quem era Margarete? Colega de trabalho da nossa Ruth. Era devidamente casada com Onofre, com quem possu\u00eda quatro filhos.<\/p>\n<p>Ruth e Margarete levavam a vida como caixa de supermercado. Vida ralada, mas que dava para pagar as contas, ainda mais para a primeira, cujo marido, o L\u00facio, era afamado mec\u00e2nico em S\u00e3o Sebasti\u00e3o. O casal possu\u00eda uma penca de sobrinhos, o que afastava qualquer pretens\u00e3o, por mais tentadora que fosse, de ter herdeiros.<\/p>\n<p>\u2014 Mas, Ruth, n\u00e3o \u00e9 poss\u00edvel que voc\u00ea n\u00e3o tenha vontade de ter seus pr\u00f3prios filhos.<\/p>\n<p>\u2014 At\u00e9 tenho, Margarete.<\/p>\n<p>\u2014 Ent\u00e3o?<\/p>\n<p>\u2014 Ent\u00e3o, o qu\u00ea?<\/p>\n<p>\u2014 Ent\u00e3o, j\u00e1 n\u00e3o t\u00e1 na hora de ter filhos?<\/p>\n<p>\u2014 E agora tem hora para ter filhos, Margarete?<\/p>\n<p>\u2014 \u00c9 modo de se falar.<\/p>\n<p>\u2014 Hum!<\/p>\n<p>\u2014 Ent\u00e3o?<\/p>\n<p>\u2014 Margarete, toda vez que essa vontade de ser m\u00e3e acomete o meu ser, convido um dos meus sobrinhos para passar o dia l\u00e1 em casa.<\/p>\n<p>\u2014 E n\u00e3o \u00e9 bom?<\/p>\n<p>\u2014 \u00d3timo, mas fica melhor ainda depois que o moleque vai embora.<\/p>\n<p>Apesar dos pensamentos incongruentes, as duas mulheres eram t\u00e3o chegadas, que at\u00e9 brigaram com o gerente quando ele quis colocar a Alice, outra funcion\u00e1ria, no caixa ao lado da Ruth. Pra qu\u00ea? Margarete e Ruth disseram horrores para o homem, que n\u00e3o teve escolha.<\/p>\n<p>\u2014 T\u00e1 bom, t\u00e1 bom! J\u00e1 entendi! Podem ficar sossegadas, que voc\u00eas duas v\u00e3o continuar trabalhando lado a lado.<\/p>\n<p>Tal imbr\u00f3glio, ali\u00e1s, aconteceu justamente no \u00faltimo Dia dos Namorados. Quest\u00e3o resolvida, l\u00e1 foram as duas amigas para os respectivos caixas, quando um belo exemplar do sexo masculino entrou no recinto. N\u00e3o um esp\u00e9cime qualquer, mas daqueles que facilmente figurariam nas antigas fotonovelas.<\/p>\n<p>\u2014 Voc\u00ea viu aquilo, Margarete?<\/p>\n<p>\u2014 Vi o qu\u00ea, mulher?<\/p>\n<p>\u2014 Hum! Tu vai querer me dizer que n\u00e3o olhou pro bofe?<\/p>\n<p>\u2014 Ruth, sou uma mulher casada.<\/p>\n<p>\u2014 E da\u00ed?<\/p>\n<p>\u2014 E da\u00ed o qu\u00ea?<\/p>\n<p>\u2014 Da\u00ed que hoje \u00e9 Dia dos Namorados, n\u00e3o \u00e9 dos maridos.<\/p>\n<p>&#8230;&#8230;&#8230;&#8230;&#8230;&#8230;&#8230;&#8230;&#8230;&#8230;.<\/p>\n<p><strong>Eduardo Mart\u00ednez \u00e9 autor do livro 157 Contos e Cr\u00f4nicas por um Autor Muito Velho\u2019<\/strong><\/p>\n<p>Compre aqui\u00a0<span class=\"x19la9d6 x1fc57z9 x6ikm8r x10wlt62 x19co3pv x1g5zs5t xfibh0p xiy17q3 x1xsqp64 x1lkfr7t xexx8yu x4uap5 x18d9i69 xkhd6sd\"><span class=\"xrtxmta x1bhl96m\"><img decoding=\"async\" class=\"emoji\" role=\"img\" draggable=\"false\" src=\"https:\/\/s.w.org\/images\/core\/emoji\/15.0.3\/svg\/1f447-1f3ff.svg\" alt=\"&#x1f447;&#x1f3ff;\" \/><\/span><\/span><\/p>\n<p><a href=\"https:\/\/www.joanineditora.com.br\/57-contos-e-cronicas-por-um-autor-muito-velho\">https:\/\/www.joanineditora.com.br\/57-contos-e-cronicas-por-um-autor-muito-velho<\/a><\/p>\n","protected":false},"excerpt":{"rendered":"<p>Por mais amarras que tentassem colocar na Ruth, ela conseguia se desvencilhar at\u00e9 com certa desenvoltura. \u00c9 verdade que, vez ou outra, a mulher se via em emaranhados repletos de n\u00f3s de marinheiro. Mesmo assim, a danada se contorcia para c\u00e1, se contorcia para l\u00e1, dava um sacolejo e vida que segue. \u2014 Pior mesmo [&hellip;]<\/p>\n","protected":false},"author":2,"featured_media":347458,"comment_status":"closed","ping_status":"closed","sticky":false,"template":"","format":"standard","meta":{"_acf_changed":false,"footnotes":""},"categories":[161],"tags":[],"class_list":["post-347457","post","type-post","status-publish","format-standard","has-post-thumbnail","hentry","category-quadradinho-em-foco"],"acf":[],"_links":{"self":[{"href":"https:\/\/www.notibras.com\/site\/wp-json\/wp\/v2\/posts\/347457","targetHints":{"allow":["GET"]}}],"collection":[{"href":"https:\/\/www.notibras.com\/site\/wp-json\/wp\/v2\/posts"}],"about":[{"href":"https:\/\/www.notibras.com\/site\/wp-json\/wp\/v2\/types\/post"}],"author":[{"embeddable":true,"href":"https:\/\/www.notibras.com\/site\/wp-json\/wp\/v2\/users\/2"}],"replies":[{"embeddable":true,"href":"https:\/\/www.notibras.com\/site\/wp-json\/wp\/v2\/comments?post=347457"}],"version-history":[{"count":2,"href":"https:\/\/www.notibras.com\/site\/wp-json\/wp\/v2\/posts\/347457\/revisions"}],"predecessor-version":[{"id":347460,"href":"https:\/\/www.notibras.com\/site\/wp-json\/wp\/v2\/posts\/347457\/revisions\/347460"}],"wp:featuredmedia":[{"embeddable":true,"href":"https:\/\/www.notibras.com\/site\/wp-json\/wp\/v2\/media\/347458"}],"wp:attachment":[{"href":"https:\/\/www.notibras.com\/site\/wp-json\/wp\/v2\/media?parent=347457"}],"wp:term":[{"taxonomy":"category","embeddable":true,"href":"https:\/\/www.notibras.com\/site\/wp-json\/wp\/v2\/categories?post=347457"},{"taxonomy":"post_tag","embeddable":true,"href":"https:\/\/www.notibras.com\/site\/wp-json\/wp\/v2\/tags?post=347457"}],"curies":[{"name":"wp","href":"https:\/\/api.w.org\/{rel}","templated":true}]}}