{"id":347479,"date":"2025-02-09T05:56:22","date_gmt":"2025-02-09T08:56:22","guid":{"rendered":"https:\/\/www.notibras.com\/site\/?p=347479"},"modified":"2025-02-10T07:00:06","modified_gmt":"2025-02-10T10:00:06","slug":"exposicao-une-arte-e-acessibilidade-no-espaco-cultural-renato-russo","status":"publish","type":"post","link":"https:\/\/www.notibras.com\/site\/exposicao-une-arte-e-acessibilidade-no-espaco-cultural-renato-russo\/","title":{"rendered":"Exposi\u00e7\u00e3o une arte e acessibilidade no Espa\u00e7o Cultural Renato Russo"},"content":{"rendered":"<p>Bras\u00edlia recebe de 13 de fevereiro a 13 de mar\u00e7o, a exposi\u00e7\u00e3o Al\u00e9m da Ataxia, no Espa\u00e7o Cultural Renato Russo. Com autorretratos impactantes e interven\u00e7\u00f5es urbanas que ocupam as ruas, o projeto, idealizado pela fot\u00f3grafa Pollyana Silveira, lan\u00e7a um olhar profundo sobre a acessibilidade e o combate ao capacitismo, convidando o p\u00fablico a refletir sobre inclus\u00e3o e mobilidade.<\/p>\n<p>Al\u00e9m da Ataxia apresenta os autorretratos de Pollyana Silveira, diagnosticada com Ataxia de Friedreich, uma doen\u00e7a neurodegenerativa que compromete a mobilidade. Suas fotografias capturam n\u00e3o apenas sua viv\u00eancia com a defici\u00eancia, mas tamb\u00e9m a for\u00e7a e a beleza de corpos que desafiam padr\u00f5es e barreiras sociais. Todas as imagens possuem audiodescri\u00e7\u00e3o disponibilizada para o p\u00fablico por meio de QR Codes. Al\u00e9m das fotos da artista, a exposi\u00e7\u00e3o conta com relatos de outras mulheres com defici\u00eancia, cujas hist\u00f3rias conectam o p\u00fablico \u00e0s experi\u00eancias de exclus\u00e3o e resili\u00eancia.<\/p>\n<p>O projeto vai al\u00e9m da galeria e ocupa os espa\u00e7os urbanos de Bras\u00edlia e Samambaia com oito interven\u00e7\u00f5es urbanas, realizadas em parceria com o Coletivo Transverso. Em Samambaia, paradas de \u00f4nibus pr\u00f3ximas ao Instituto Federal de Bras\u00edlia v\u00e3o receber autorretratos de Pollyana Silveira e lambes criados em uma oficina de arte com estudantes e pessoas com defici\u00eancia. Em Bras\u00edlia, interven\u00e7\u00f5es nos arredores do Espa\u00e7o Renato Russo v\u00e3o exibir imagens de mulheres com defici\u00eancia, acompanhadas de relatos que denunciam a falta de acessibilidade nos espa\u00e7os urbanos.<\/p>\n<p>De acordo com Pollyana Silveira, o projeto fala das viv\u00eancias de uma pessoa com uma doen\u00e7a rara, mostrando o cotidiano, as quest\u00f5es de acessibilidade, a normaliza\u00e7\u00e3o desses corpos e os desafios encontrados por eles. &#8220;O interessante \u00e9 que escolhemos trazer esse assunto ao p\u00fablico n\u00e3o s\u00f3 sobre a minha \u00f3tica, mas tamb\u00e9m sobre a perspectiva de outras pessoas que vivem com algum tipo de defici\u00eancia. A proposta \u00e9 falar al\u00e9m da minha quest\u00e3o pessoal, mas tamb\u00e9m alertar o p\u00fablico sobre uma doen\u00e7a rara, que \u00e9 pouco conhecida pelas pessoas&#8221;, destaca a fot\u00f3grafa.<\/p>\n<p>Pollyana, que j\u00e1 vive com o diagn\u00f3stico da doen\u00e7a h\u00e1 18 anos, traz para a exposi\u00e7\u00e3o tamb\u00e9m um pouco desse sentimento de espera. &#8220;Ataxia \u00e9 uma doen\u00e7a que n\u00e3o tem cura, e eu t\u00f4 na expectativa de conseguir um tratamento, que j\u00e1 \u00e9 utilizado em outros pa\u00edses como Estados Unidos e Alemanha, e algumas regi\u00f5es da Uni\u00e3o Europeia. As minhas fotos transmitem muito essa sensa\u00e7\u00e3o de que o tempo est\u00e1 passando&#8221;, relata.<\/p>\n<p>Para a curadora da exposi\u00e7\u00e3o, Luiza Mader, os registros em preto e branco que v\u00e3o ocupar o p\u00e1tio central do Centro Cultural Renato Russo traduzem, em parte, como a artista tem convivido desde os seus quinze anos com esse diagn\u00f3stico que afeta todo o sistema nervoso, impactando, sobretudo a sua coordena\u00e7\u00e3o motora. &#8220;As obras que comp\u00f5em a exposi\u00e7\u00e3o contribuem para alterar os lugares de subordina\u00e7\u00e3o e patologiza\u00e7\u00e3o que a sociedade endere\u00e7a \u00e0s mulheres com defici\u00eancia, recriando um outro mundo poss\u00edvel onde esses corpos s\u00e3o plenos para gozar de autonomia e liberdade inventiva&#8221;, destaca.<\/p>\n<p>O projeto vai promover uma mesa redonda durante a abertura oficial da exposi\u00e7\u00e3o, no dia 13 de fevereiro, \u00e0s 19h30, com o tema Arte e Acessibilidade \u2013 Desafios e Perspectivas. O bate-papo ser\u00e1 mediado pela artista idealizadora do projeto Pollyana Silveira, e ter\u00e1 como convidadas a curadora Luiza Mader, a representante do Coletivo Transverso, Patr\u00edcia Del Rey e a especialista em acessibilidade M\u00f4nica Pereira. O evento \u00e9 gratuito e aberto para comunidade.<\/p>\n","protected":false},"excerpt":{"rendered":"<p>Bras\u00edlia recebe de 13 de fevereiro a 13 de mar\u00e7o, a exposi\u00e7\u00e3o Al\u00e9m da Ataxia, no Espa\u00e7o Cultural Renato Russo. Com autorretratos impactantes e interven\u00e7\u00f5es urbanas que ocupam as ruas, o projeto, idealizado pela fot\u00f3grafa Pollyana Silveira, lan\u00e7a um olhar profundo sobre a acessibilidade e o combate ao capacitismo, convidando o p\u00fablico a refletir sobre [&hellip;]<\/p>\n","protected":false},"author":2,"featured_media":347480,"comment_status":"closed","ping_status":"closed","sticky":false,"template":"","format":"standard","meta":{"_acf_changed":false,"footnotes":""},"categories":[161],"tags":[],"class_list":["post-347479","post","type-post","status-publish","format-standard","has-post-thumbnail","hentry","category-quadradinho-em-foco"],"acf":[],"_links":{"self":[{"href":"https:\/\/www.notibras.com\/site\/wp-json\/wp\/v2\/posts\/347479","targetHints":{"allow":["GET"]}}],"collection":[{"href":"https:\/\/www.notibras.com\/site\/wp-json\/wp\/v2\/posts"}],"about":[{"href":"https:\/\/www.notibras.com\/site\/wp-json\/wp\/v2\/types\/post"}],"author":[{"embeddable":true,"href":"https:\/\/www.notibras.com\/site\/wp-json\/wp\/v2\/users\/2"}],"replies":[{"embeddable":true,"href":"https:\/\/www.notibras.com\/site\/wp-json\/wp\/v2\/comments?post=347479"}],"version-history":[{"count":1,"href":"https:\/\/www.notibras.com\/site\/wp-json\/wp\/v2\/posts\/347479\/revisions"}],"predecessor-version":[{"id":347481,"href":"https:\/\/www.notibras.com\/site\/wp-json\/wp\/v2\/posts\/347479\/revisions\/347481"}],"wp:featuredmedia":[{"embeddable":true,"href":"https:\/\/www.notibras.com\/site\/wp-json\/wp\/v2\/media\/347480"}],"wp:attachment":[{"href":"https:\/\/www.notibras.com\/site\/wp-json\/wp\/v2\/media?parent=347479"}],"wp:term":[{"taxonomy":"category","embeddable":true,"href":"https:\/\/www.notibras.com\/site\/wp-json\/wp\/v2\/categories?post=347479"},{"taxonomy":"post_tag","embeddable":true,"href":"https:\/\/www.notibras.com\/site\/wp-json\/wp\/v2\/tags?post=347479"}],"curies":[{"name":"wp","href":"https:\/\/api.w.org\/{rel}","templated":true}]}}