{"id":347482,"date":"2025-02-09T01:10:07","date_gmt":"2025-02-09T04:10:07","guid":{"rendered":"https:\/\/www.notibras.com\/site\/?p=347482"},"modified":"2025-02-09T01:10:07","modified_gmt":"2025-02-09T04:10:07","slug":"crime-silencioso-reviravolta-na-investigacao-e-justica-amadurecendo","status":"publish","type":"post","link":"https:\/\/www.notibras.com\/site\/crime-silencioso-reviravolta-na-investigacao-e-justica-amadurecendo\/","title":{"rendered":"Crime silencioso, reviravolta na investiga\u00e7\u00e3o e justi\u00e7a amadurecendo"},"content":{"rendered":"<p>O caso de envenenamento que abalou o estado do Piau\u00ed e o Brasil como um todo envolve uma s\u00e9rie de eventos tr\u00e1gicos e complexos. Dessa hist\u00f3ria, uma fam\u00edlia foi destru\u00edda, com pessoas mortas, vizinha envenenada, suspeita solta e verdadeiros culpados presos, ap\u00f3s tentarem reduzir despesas em casa tirando a vida de vulner\u00e1veis.<\/p>\n<p>A triste hist\u00f3ria come\u00e7a em agosto de 2024. Naquela \u00e9poca, os irm\u00e3os Ulisses Gabriel da Silva, de 8 anos, e Jo\u00e3o Miguel da Silva, de 7 anos, faleceram ap\u00f3s apresentarem sintomas de envenenamento. Inicialmente, uma vizinha, chamada Luc\u00e9lia Maria da Concei\u00e7\u00e3o, foi acusada de oferecer cajus envenenados \u00e0s crian\u00e7as.<\/p>\n<p>Ap\u00f3s algumas provas serem verificadas, essa senhora foi presa e sua resid\u00eancia destru\u00edda por populares indignados. Luc\u00e9lia ficou detida por cinco meses, at\u00e9 que novas evid\u00eancias surgiram, indicando sua inoc\u00eancia.<\/p>\n<p><strong>Almo\u00e7o de Ano Novo<\/strong><br \/>\nQuando o caso parecia que j\u00e1 tinha tido um desfecho de justi\u00e7a realizada e tristeza por parte de quem perdeu os garotos, eis que surge um novo crime na fam\u00edlia. Em 1\u00ba de janeiro de 2025, nove pessoas passaram mal ap\u00f3s consumirem um bai\u00e3o de dois no almo\u00e7o da casa em que os meninos mortos em agosto moraram.<\/p>\n<p>Desta vez, a fam\u00edlia perdeu Maria Gabriela (4 anos, filha de Francisca e neta de Maria dos Aflitos), Manoel da Silva (18 anos, enteado de Francisco, irm\u00e3o de Francisca e filho de Maria dos Aflitos), Igno Davi da Silva (1 ano e 8 meses, filho de Francisca e neto de Maria dos Aflitos), Maria Lauane (3 anos, filha de Francisca e Neta de Maria dos Aflitos) e Francisca Maria (32 anos, enteada de Francisco, irm\u00e3 de Manoel e filha de Maria dos Aflitos).<\/p>\n<p>Todos vieram a \u00f3bito nos primeiros dias do ano. As investiga\u00e7\u00f5es revelaram que o alimento estava contaminado com terbuf\u00f3s, um pesticida altamente t\u00f3xico.<\/p>\n<p><strong>Pris\u00e3o de Francisco<\/strong><br \/>\nO casal, que inicialmente passaram um semblante de tristeza, pela perda dos familiares, entram na mira da justi\u00e7a. Ap\u00f3s entrevistas, em diversos ve\u00edculos de imprensa, Maria, principalmente, se coloca como uma pessoa pobre, que perdeu muitos entes queridos e que necessitava de ajuda.<\/p>\n<p>Mas, ap\u00f3s a pol\u00edcia investigar as atitudes e onde estava o veneno, Francisco de Assis Pereira da Costa foi preso em 8 de janeiro de 2025, sob suspeita de envenenar a fam\u00edlia. Durante as investiga\u00e7\u00f5es, descobriu-se que ele nutria sentimentos de \u00f3dio e desprezo por seus enteados, referindo-se a eles de forma pejorativa.<br \/>\nA Reviravolta nas Investiga\u00e7\u00f5es e a Libera\u00e7\u00e3o de Luc\u00e9lia Maria<\/p>\n<p>O quebra-cabe\u00e7a do crime come\u00e7ou a ser revelado. Ap\u00f3s a pris\u00e3o de Francisco, outra pessoa que estava envolvida na hist\u00f3ria conseguiu um novo desfecho. Novas evid\u00eancias deixaram claro que Luc\u00e9lia Maria da Concei\u00e7\u00e3o havia sido injustamente acusada e presa pelo envenenamento dos irm\u00e3os Ulisses e Jo\u00e3o Miguel, em agosto.<\/p>\n<p>Ela foi liberada em 13 de janeiro de 2025, ap\u00f3s a conclus\u00e3o de que n\u00e3o havia participado dos crimes. Este caso ressalta a import\u00e2ncia de investiga\u00e7\u00f5es aprofundadas e imparciais para evitar senten\u00e7as equivocadas.<\/p>\n<p><strong>Outra vizinha<\/strong><br \/>\nAo ter Francisco preso e a pol\u00edcia seguindo as investiga\u00e7\u00f5es para esclarecer todos os fatos, uma nova pessoa morre, v\u00edtima de envenenamento. Maria Jocilene da Silva, que faleceu no dia 24 de janeiro. Ela havia sido hospitalizada logo ap\u00f3s ingerir o bai\u00e3o de dois, no dia 1\u00ba de janeiro, mas recebeu alta no dia seguinte.<\/p>\n<p>No entanto, seu quadro de sa\u00fade se agravou e Maria Jocilene foi novamente internada, no dia 23, falecendo pouco depois. Ela era ex-nora de Maria dos Aflitos.<\/p>\n<p>A morte de Maria Jocilene tamb\u00e9m \u00e9 investigada. Quando voltou a ser internada, ela visitou a casa onde o crime aconteceu, e passou mal momentos depois.<\/p>\n<p><strong>Confiss\u00e3o<\/strong><br \/>\nSe Luc\u00e9lia j\u00e1 tinha sido solta e comprovado sua inoc\u00eancia, Francisco estava na cadeia, mas as mortes seguem acontecendo naquele local, o que mais poderia-se concluir? A reviravolta total e confiss\u00e3o daquela que sempre se mostrou triste pela situa\u00e7\u00e3o.<\/p>\n<p>Em depoimento \u00e0 pol\u00edcia, Maria dos Aflitos confessou ter matado a vizinha com um caf\u00e9 envenenado. Essa foi uma tentativa desesperada da mulher em simular que Jocilene ingeriu veneno para se suicidar. Assim, seu entendimento era que a justi\u00e7a entenderia que esta mulher era a principal culpada e que assumiu o risco de morrer para n\u00e3o ser descoberta, culminando com a soltura de Francisco.<\/p>\n<p>Mas o desfecho foi criminalizar Maria dos Aflitos, na qual a justi\u00e7a conseguiu mostrar todas as evid\u00eancias concretas, deixando ela sem sa\u00edda. Dessa forma, n\u00e3o houve outra justificativa: a mulher confessou todos os crimes, dizendo que a inten\u00e7\u00e3o era ela viver apenas com Francisco e reduzir as despesas da casa.<\/p>\n<p><strong>Implica\u00e7\u00f5es Jur\u00eddicas<\/strong><br \/>\nEste caso evidencia algumas falhas no sistema investigativo e judici\u00e1rio, onde uma pessoa inocente foi privada de sua liberdade com base em evid\u00eancias insuficientes. O advogado Jo\u00e3o Valen\u00e7a, da VLV advogados, destaca que a justi\u00e7a necessita n\u00e3o ser t\u00e3o falha. \u201c\u00c9 necess\u00e1rio investigar a fundo sempre, em todos os casos. Reviravoltas como essa mostram que a justi\u00e7a pode tardar, mas nunca falhar\u201d.<\/p>\n<p>Por isso, \u00e9 imperativo que as autoridades conduzam investiga\u00e7\u00f5es detalhadas, garantindo que todos os \u00e2ngulos sejam explorados antes de qualquer acusa\u00e7\u00e3o formal.<\/p>\n","protected":false},"excerpt":{"rendered":"<p>O caso de envenenamento que abalou o estado do Piau\u00ed e o Brasil como um todo envolve uma s\u00e9rie de eventos tr\u00e1gicos e complexos. Dessa hist\u00f3ria, uma fam\u00edlia foi destru\u00edda, com pessoas mortas, vizinha envenenada, suspeita solta e verdadeiros culpados presos, ap\u00f3s tentarem reduzir despesas em casa tirando a vida de vulner\u00e1veis. A triste hist\u00f3ria [&hellip;]<\/p>\n","protected":false},"author":2,"featured_media":347483,"comment_status":"closed","ping_status":"closed","sticky":false,"template":"","format":"standard","meta":{"_acf_changed":false,"footnotes":""},"categories":[165],"tags":[],"class_list":["post-347482","post","type-post","status-publish","format-standard","has-post-thumbnail","hentry","category-nordeste"],"acf":[],"yoast_head":"<!-- This site is optimized with the Yoast SEO plugin v27.2 - https:\/\/yoast.com\/product\/yoast-seo-wordpress\/ -->\n<title>Crime silencioso, reviravolta na investiga\u00e7\u00e3o e justi\u00e7a amadurecendo - Notibras<\/title>\n<meta name=\"robots\" content=\"index, follow, max-snippet:-1, max-image-preview:large, max-video-preview:-1\" \/>\n<link rel=\"canonical\" href=\"https:\/\/www.notibras.com\/site\/crime-silencioso-reviravolta-na-investigacao-e-justica-amadurecendo\/\" \/>\n<meta property=\"og:locale\" content=\"pt_BR\" \/>\n<meta property=\"og:type\" content=\"article\" \/>\n<meta property=\"og:title\" content=\"Crime silencioso, reviravolta na investiga\u00e7\u00e3o e justi\u00e7a amadurecendo - Notibras\" \/>\n<meta property=\"og:description\" content=\"O caso de envenenamento que abalou o estado do Piau\u00ed e o Brasil como um todo envolve uma s\u00e9rie de eventos tr\u00e1gicos e complexos. Dessa hist\u00f3ria, uma fam\u00edlia foi destru\u00edda, com pessoas mortas, vizinha envenenada, suspeita solta e verdadeiros culpados presos, ap\u00f3s tentarem reduzir despesas em casa tirando a vida de vulner\u00e1veis. A triste hist\u00f3ria [&hellip;]\" \/>\n<meta property=\"og:url\" content=\"https:\/\/www.notibras.com\/site\/crime-silencioso-reviravolta-na-investigacao-e-justica-amadurecendo\/\" \/>\n<meta property=\"og:site_name\" content=\"Notibras\" \/>\n<meta property=\"article:publisher\" content=\"https:\/\/www.facebook.com\/notibras\/\" \/>\n<meta property=\"article:published_time\" content=\"2025-02-09T04:10:07+00:00\" \/>\n<meta property=\"og:image\" content=\"https:\/\/www.notibras.com\/site\/wp-content\/uploads\/2025\/02\/pi.mortos.jpg\" \/>\n\t<meta property=\"og:image:width\" content=\"1920\" \/>\n\t<meta property=\"og:image:height\" content=\"1080\" \/>\n\t<meta property=\"og:image:type\" content=\"image\/jpeg\" \/>\n<meta name=\"author\" content=\"Reda\u00e7\u00e3o\" \/>\n<meta name=\"twitter:card\" content=\"summary_large_image\" \/>\n<meta name=\"twitter:creator\" content=\"@Notibras\" \/>\n<meta name=\"twitter:site\" content=\"@Notibras\" \/>\n<meta name=\"twitter:label1\" content=\"Escrito por\" \/>\n\t<meta name=\"twitter:data1\" content=\"Reda\u00e7\u00e3o\" \/>\n\t<meta name=\"twitter:label2\" content=\"Est. tempo de leitura\" \/>\n\t<meta name=\"twitter:data2\" content=\"5 minutos\" \/>\n<script type=\"application\/ld+json\" class=\"yoast-schema-graph\">{\"@context\":\"https:\/\/schema.org\",\"@graph\":[{\"@type\":\"Article\",\"@id\":\"https:\/\/www.notibras.com\/site\/crime-silencioso-reviravolta-na-investigacao-e-justica-amadurecendo\/#article\",\"isPartOf\":{\"@id\":\"https:\/\/www.notibras.com\/site\/crime-silencioso-reviravolta-na-investigacao-e-justica-amadurecendo\/\"},\"author\":{\"name\":\"Reda\u00e7\u00e3o\",\"@id\":\"https:\/\/www.notibras.com\/site\/#\/schema\/person\/36ab0979449956132d3e5b517ea76ac8\"},\"headline\":\"Crime silencioso, reviravolta na investiga\u00e7\u00e3o e justi\u00e7a amadurecendo\",\"datePublished\":\"2025-02-09T04:10:07+00:00\",\"mainEntityOfPage\":{\"@id\":\"https:\/\/www.notibras.com\/site\/crime-silencioso-reviravolta-na-investigacao-e-justica-amadurecendo\/\"},\"wordCount\":920,\"publisher\":{\"@id\":\"https:\/\/www.notibras.com\/site\/#organization\"},\"image\":{\"@id\":\"https:\/\/www.notibras.com\/site\/crime-silencioso-reviravolta-na-investigacao-e-justica-amadurecendo\/#primaryimage\"},\"thumbnailUrl\":\"https:\/\/www.notibras.com\/site\/wp-content\/uploads\/2025\/02\/pi.mortos.jpg\",\"articleSection\":[\"Nordeste\"],\"inLanguage\":\"pt-BR\"},{\"@type\":\"WebPage\",\"@id\":\"https:\/\/www.notibras.com\/site\/crime-silencioso-reviravolta-na-investigacao-e-justica-amadurecendo\/\",\"url\":\"https:\/\/www.notibras.com\/site\/crime-silencioso-reviravolta-na-investigacao-e-justica-amadurecendo\/\",\"name\":\"Crime silencioso, reviravolta na investiga\u00e7\u00e3o e justi\u00e7a amadurecendo - Notibras\",\"isPartOf\":{\"@id\":\"https:\/\/www.notibras.com\/site\/#website\"},\"primaryImageOfPage\":{\"@id\":\"https:\/\/www.notibras.com\/site\/crime-silencioso-reviravolta-na-investigacao-e-justica-amadurecendo\/#primaryimage\"},\"image\":{\"@id\":\"https:\/\/www.notibras.com\/site\/crime-silencioso-reviravolta-na-investigacao-e-justica-amadurecendo\/#primaryimage\"},\"thumbnailUrl\":\"https:\/\/www.notibras.com\/site\/wp-content\/uploads\/2025\/02\/pi.mortos.jpg\",\"datePublished\":\"2025-02-09T04:10:07+00:00\",\"breadcrumb\":{\"@id\":\"https:\/\/www.notibras.com\/site\/crime-silencioso-reviravolta-na-investigacao-e-justica-amadurecendo\/#breadcrumb\"},\"inLanguage\":\"pt-BR\",\"potentialAction\":[{\"@type\":\"ReadAction\",\"target\":[\"https:\/\/www.notibras.com\/site\/crime-silencioso-reviravolta-na-investigacao-e-justica-amadurecendo\/\"]}]},{\"@type\":\"ImageObject\",\"inLanguage\":\"pt-BR\",\"@id\":\"https:\/\/www.notibras.com\/site\/crime-silencioso-reviravolta-na-investigacao-e-justica-amadurecendo\/#primaryimage\",\"url\":\"https:\/\/www.notibras.com\/site\/wp-content\/uploads\/2025\/02\/pi.mortos.jpg\",\"contentUrl\":\"https:\/\/www.notibras.com\/site\/wp-content\/uploads\/2025\/02\/pi.mortos.jpg\",\"width\":1920,\"height\":1080},{\"@type\":\"BreadcrumbList\",\"@id\":\"https:\/\/www.notibras.com\/site\/crime-silencioso-reviravolta-na-investigacao-e-justica-amadurecendo\/#breadcrumb\",\"itemListElement\":[{\"@type\":\"ListItem\",\"position\":1,\"name\":\"In\u00edcio\",\"item\":\"https:\/\/www.notibras.com\/site\/\"},{\"@type\":\"ListItem\",\"position\":2,\"name\":\"Crime silencioso, reviravolta na investiga\u00e7\u00e3o e justi\u00e7a amadurecendo\"}]},{\"@type\":\"WebSite\",\"@id\":\"https:\/\/www.notibras.com\/site\/#website\",\"url\":\"https:\/\/www.notibras.com\/site\/\",\"name\":\"Notibras\",\"description\":\"Not\u00edcias de Bras\u00edlia, do Brasil e do Mundo\",\"publisher\":{\"@id\":\"https:\/\/www.notibras.com\/site\/#organization\"},\"potentialAction\":[{\"@type\":\"SearchAction\",\"target\":{\"@type\":\"EntryPoint\",\"urlTemplate\":\"https:\/\/www.notibras.com\/site\/?s={search_term_string}\"},\"query-input\":{\"@type\":\"PropertyValueSpecification\",\"valueRequired\":true,\"valueName\":\"search_term_string\"}}],\"inLanguage\":\"pt-BR\"},{\"@type\":\"Organization\",\"@id\":\"https:\/\/www.notibras.com\/site\/#organization\",\"name\":\"Grupo Notibras de Comunica\u00e7\u00e3o\",\"url\":\"https:\/\/www.notibras.com\/site\/\",\"logo\":{\"@type\":\"ImageObject\",\"inLanguage\":\"pt-BR\",\"@id\":\"https:\/\/www.notibras.com\/site\/#\/schema\/logo\/image\/\",\"url\":\"https:\/\/www.notibras.com\/site\/wp-content\/uploads\/2023\/01\/notibras23.png\",\"contentUrl\":\"https:\/\/www.notibras.com\/site\/wp-content\/uploads\/2023\/01\/notibras23.png\",\"width\":350,\"height\":87,\"caption\":\"Grupo Notibras de Comunica\u00e7\u00e3o\"},\"image\":{\"@id\":\"https:\/\/www.notibras.com\/site\/#\/schema\/logo\/image\/\"},\"sameAs\":[\"https:\/\/www.facebook.com\/notibras\/\",\"https:\/\/x.com\/Notibras\",\"https:\/\/www.instagram.com\/notibras\/\"]},{\"@type\":\"Person\",\"@id\":\"https:\/\/www.notibras.com\/site\/#\/schema\/person\/36ab0979449956132d3e5b517ea76ac8\",\"name\":\"Reda\u00e7\u00e3o\",\"image\":{\"@type\":\"ImageObject\",\"inLanguage\":\"pt-BR\",\"@id\":\"https:\/\/secure.gravatar.com\/avatar\/e0a867bdedb85fd243eadf09663511f96fc81e0720a4a42581f334ad4303aa6b?s=96&d=mm&r=g\",\"url\":\"https:\/\/secure.gravatar.com\/avatar\/e0a867bdedb85fd243eadf09663511f96fc81e0720a4a42581f334ad4303aa6b?s=96&d=mm&r=g\",\"contentUrl\":\"https:\/\/secure.gravatar.com\/avatar\/e0a867bdedb85fd243eadf09663511f96fc81e0720a4a42581f334ad4303aa6b?s=96&d=mm&r=g\",\"caption\":\"Reda\u00e7\u00e3o\"}}]}<\/script>\n<!-- \/ Yoast SEO plugin. -->","yoast_head_json":{"title":"Crime silencioso, reviravolta na investiga\u00e7\u00e3o e justi\u00e7a amadurecendo - Notibras","robots":{"index":"index","follow":"follow","max-snippet":"max-snippet:-1","max-image-preview":"max-image-preview:large","max-video-preview":"max-video-preview:-1"},"canonical":"https:\/\/www.notibras.com\/site\/crime-silencioso-reviravolta-na-investigacao-e-justica-amadurecendo\/","og_locale":"pt_BR","og_type":"article","og_title":"Crime silencioso, reviravolta na investiga\u00e7\u00e3o e justi\u00e7a amadurecendo - Notibras","og_description":"O caso de envenenamento que abalou o estado do Piau\u00ed e o Brasil como um todo envolve uma s\u00e9rie de eventos tr\u00e1gicos e complexos. Dessa hist\u00f3ria, uma fam\u00edlia foi destru\u00edda, com pessoas mortas, vizinha envenenada, suspeita solta e verdadeiros culpados presos, ap\u00f3s tentarem reduzir despesas em casa tirando a vida de vulner\u00e1veis. A triste hist\u00f3ria [&hellip;]","og_url":"https:\/\/www.notibras.com\/site\/crime-silencioso-reviravolta-na-investigacao-e-justica-amadurecendo\/","og_site_name":"Notibras","article_publisher":"https:\/\/www.facebook.com\/notibras\/","article_published_time":"2025-02-09T04:10:07+00:00","og_image":[{"width":1920,"height":1080,"url":"https:\/\/www.notibras.com\/site\/wp-content\/uploads\/2025\/02\/pi.mortos.jpg","type":"image\/jpeg"}],"author":"Reda\u00e7\u00e3o","twitter_card":"summary_large_image","twitter_creator":"@Notibras","twitter_site":"@Notibras","twitter_misc":{"Escrito por":"Reda\u00e7\u00e3o","Est. tempo de leitura":"5 minutos"},"schema":{"@context":"https:\/\/schema.org","@graph":[{"@type":"Article","@id":"https:\/\/www.notibras.com\/site\/crime-silencioso-reviravolta-na-investigacao-e-justica-amadurecendo\/#article","isPartOf":{"@id":"https:\/\/www.notibras.com\/site\/crime-silencioso-reviravolta-na-investigacao-e-justica-amadurecendo\/"},"author":{"name":"Reda\u00e7\u00e3o","@id":"https:\/\/www.notibras.com\/site\/#\/schema\/person\/36ab0979449956132d3e5b517ea76ac8"},"headline":"Crime silencioso, reviravolta na investiga\u00e7\u00e3o e justi\u00e7a amadurecendo","datePublished":"2025-02-09T04:10:07+00:00","mainEntityOfPage":{"@id":"https:\/\/www.notibras.com\/site\/crime-silencioso-reviravolta-na-investigacao-e-justica-amadurecendo\/"},"wordCount":920,"publisher":{"@id":"https:\/\/www.notibras.com\/site\/#organization"},"image":{"@id":"https:\/\/www.notibras.com\/site\/crime-silencioso-reviravolta-na-investigacao-e-justica-amadurecendo\/#primaryimage"},"thumbnailUrl":"https:\/\/www.notibras.com\/site\/wp-content\/uploads\/2025\/02\/pi.mortos.jpg","articleSection":["Nordeste"],"inLanguage":"pt-BR"},{"@type":"WebPage","@id":"https:\/\/www.notibras.com\/site\/crime-silencioso-reviravolta-na-investigacao-e-justica-amadurecendo\/","url":"https:\/\/www.notibras.com\/site\/crime-silencioso-reviravolta-na-investigacao-e-justica-amadurecendo\/","name":"Crime silencioso, reviravolta na investiga\u00e7\u00e3o e justi\u00e7a amadurecendo - Notibras","isPartOf":{"@id":"https:\/\/www.notibras.com\/site\/#website"},"primaryImageOfPage":{"@id":"https:\/\/www.notibras.com\/site\/crime-silencioso-reviravolta-na-investigacao-e-justica-amadurecendo\/#primaryimage"},"image":{"@id":"https:\/\/www.notibras.com\/site\/crime-silencioso-reviravolta-na-investigacao-e-justica-amadurecendo\/#primaryimage"},"thumbnailUrl":"https:\/\/www.notibras.com\/site\/wp-content\/uploads\/2025\/02\/pi.mortos.jpg","datePublished":"2025-02-09T04:10:07+00:00","breadcrumb":{"@id":"https:\/\/www.notibras.com\/site\/crime-silencioso-reviravolta-na-investigacao-e-justica-amadurecendo\/#breadcrumb"},"inLanguage":"pt-BR","potentialAction":[{"@type":"ReadAction","target":["https:\/\/www.notibras.com\/site\/crime-silencioso-reviravolta-na-investigacao-e-justica-amadurecendo\/"]}]},{"@type":"ImageObject","inLanguage":"pt-BR","@id":"https:\/\/www.notibras.com\/site\/crime-silencioso-reviravolta-na-investigacao-e-justica-amadurecendo\/#primaryimage","url":"https:\/\/www.notibras.com\/site\/wp-content\/uploads\/2025\/02\/pi.mortos.jpg","contentUrl":"https:\/\/www.notibras.com\/site\/wp-content\/uploads\/2025\/02\/pi.mortos.jpg","width":1920,"height":1080},{"@type":"BreadcrumbList","@id":"https:\/\/www.notibras.com\/site\/crime-silencioso-reviravolta-na-investigacao-e-justica-amadurecendo\/#breadcrumb","itemListElement":[{"@type":"ListItem","position":1,"name":"In\u00edcio","item":"https:\/\/www.notibras.com\/site\/"},{"@type":"ListItem","position":2,"name":"Crime silencioso, reviravolta na investiga\u00e7\u00e3o e justi\u00e7a amadurecendo"}]},{"@type":"WebSite","@id":"https:\/\/www.notibras.com\/site\/#website","url":"https:\/\/www.notibras.com\/site\/","name":"Notibras","description":"Not\u00edcias de Bras\u00edlia, do Brasil e do Mundo","publisher":{"@id":"https:\/\/www.notibras.com\/site\/#organization"},"potentialAction":[{"@type":"SearchAction","target":{"@type":"EntryPoint","urlTemplate":"https:\/\/www.notibras.com\/site\/?s={search_term_string}"},"query-input":{"@type":"PropertyValueSpecification","valueRequired":true,"valueName":"search_term_string"}}],"inLanguage":"pt-BR"},{"@type":"Organization","@id":"https:\/\/www.notibras.com\/site\/#organization","name":"Grupo Notibras de Comunica\u00e7\u00e3o","url":"https:\/\/www.notibras.com\/site\/","logo":{"@type":"ImageObject","inLanguage":"pt-BR","@id":"https:\/\/www.notibras.com\/site\/#\/schema\/logo\/image\/","url":"https:\/\/www.notibras.com\/site\/wp-content\/uploads\/2023\/01\/notibras23.png","contentUrl":"https:\/\/www.notibras.com\/site\/wp-content\/uploads\/2023\/01\/notibras23.png","width":350,"height":87,"caption":"Grupo Notibras de Comunica\u00e7\u00e3o"},"image":{"@id":"https:\/\/www.notibras.com\/site\/#\/schema\/logo\/image\/"},"sameAs":["https:\/\/www.facebook.com\/notibras\/","https:\/\/x.com\/Notibras","https:\/\/www.instagram.com\/notibras\/"]},{"@type":"Person","@id":"https:\/\/www.notibras.com\/site\/#\/schema\/person\/36ab0979449956132d3e5b517ea76ac8","name":"Reda\u00e7\u00e3o","image":{"@type":"ImageObject","inLanguage":"pt-BR","@id":"https:\/\/secure.gravatar.com\/avatar\/e0a867bdedb85fd243eadf09663511f96fc81e0720a4a42581f334ad4303aa6b?s=96&d=mm&r=g","url":"https:\/\/secure.gravatar.com\/avatar\/e0a867bdedb85fd243eadf09663511f96fc81e0720a4a42581f334ad4303aa6b?s=96&d=mm&r=g","contentUrl":"https:\/\/secure.gravatar.com\/avatar\/e0a867bdedb85fd243eadf09663511f96fc81e0720a4a42581f334ad4303aa6b?s=96&d=mm&r=g","caption":"Reda\u00e7\u00e3o"}}]}},"amp_enabled":true,"_links":{"self":[{"href":"https:\/\/www.notibras.com\/site\/wp-json\/wp\/v2\/posts\/347482","targetHints":{"allow":["GET"]}}],"collection":[{"href":"https:\/\/www.notibras.com\/site\/wp-json\/wp\/v2\/posts"}],"about":[{"href":"https:\/\/www.notibras.com\/site\/wp-json\/wp\/v2\/types\/post"}],"author":[{"embeddable":true,"href":"https:\/\/www.notibras.com\/site\/wp-json\/wp\/v2\/users\/2"}],"replies":[{"embeddable":true,"href":"https:\/\/www.notibras.com\/site\/wp-json\/wp\/v2\/comments?post=347482"}],"version-history":[{"count":1,"href":"https:\/\/www.notibras.com\/site\/wp-json\/wp\/v2\/posts\/347482\/revisions"}],"predecessor-version":[{"id":347484,"href":"https:\/\/www.notibras.com\/site\/wp-json\/wp\/v2\/posts\/347482\/revisions\/347484"}],"wp:featuredmedia":[{"embeddable":true,"href":"https:\/\/www.notibras.com\/site\/wp-json\/wp\/v2\/media\/347483"}],"wp:attachment":[{"href":"https:\/\/www.notibras.com\/site\/wp-json\/wp\/v2\/media?parent=347482"}],"wp:term":[{"taxonomy":"category","embeddable":true,"href":"https:\/\/www.notibras.com\/site\/wp-json\/wp\/v2\/categories?post=347482"},{"taxonomy":"post_tag","embeddable":true,"href":"https:\/\/www.notibras.com\/site\/wp-json\/wp\/v2\/tags?post=347482"}],"curies":[{"name":"wp","href":"https:\/\/api.w.org\/{rel}","templated":true}]}}