{"id":347512,"date":"2025-02-09T00:01:57","date_gmt":"2025-02-09T03:01:57","guid":{"rendered":"https:\/\/www.notibras.com\/site\/?p=347512"},"modified":"2025-02-09T09:03:16","modified_gmt":"2025-02-09T12:03:16","slug":"ceara-bate-fortaleza-e-segue-com-aproveitamento-de-100","status":"publish","type":"post","link":"https:\/\/www.notibras.com\/site\/ceara-bate-fortaleza-e-segue-com-aproveitamento-de-100\/","title":{"rendered":"Cear\u00e1 bate Fortaleza e segue com aproveitamento de 100%"},"content":{"rendered":"<p>O Cear\u00e1 venceu o Fortaleza por 2 a 1 pela quinta rodada do Campeonato Cearense de Futebol. A partida foi disputada nesta tarde na Arena Castel\u00e3o e teve a transmiss\u00e3o ao vivo da TV Brasil.<\/p>\n<p>Os gols do Voz\u00e3o sa\u00edram ainda na primeira etapa. Lucas Mugni, aos 16 minutos da etapa inicial, cobrou com perfei\u00e7\u00e3o uma falta da lateral direita de ataque e surpreendeu o goleiro Jo\u00e3o Ricardo, do Fortaleza. Na sequ\u00eancia, aos 25, Mugni novamente fez excelente jogada pela esquerda e cruzou na \u00e1rea.<\/p>\n<p>Aylon n\u00e3o conseguiu concluir, mas Pedro Henrique apareceu para ampliar o placar. Apenas aos 27 minutos da etapa final o Le\u00e3o do Pici conseguiu reagir. Lucero aproveitou a marca\u00e7\u00e3o da penalidade e deslocou o goleiro do Cear\u00e1, Bruno Ferreira, para diminuir.<\/p>\n<p>Com a vit\u00f3ria, o Cear\u00e1 quebrou a invencibilidade do rival e seguiu 100% no torneio. Na lideran\u00e7a do Grupo A, o Voz\u00e3o alcan\u00e7ou os 15 pontos. No Grupo B, o Fortaleza continua com 12 pontos, mas ainda com folga na lideran\u00e7a da chave.<\/p>\n<p>Dez clubes participam da edi\u00e7\u00e3o deste ano do Campeonato Cearense. S\u00e3o eles: Associa\u00e7\u00e3o Desportiva Iguatu, Barbalha Futebol Clube, Cear\u00e1 Sporting Club, Cariri Football Club, Centro de Forma\u00e7\u00e3o de Atletas do Tirol, Ferrovi\u00e1rio Atl\u00e9tico Clube, Floresta Esporte Clube, Fortaleza Esporte Clube, Horizonte Futebol Clube e Maracan\u00e3 Esporte Clube.<\/p>\n<p>Regulamento do campeonato ser\u00e1 mantido como na temporada de 2024. Os dez times foram divididos em dois grupos de cinco. Avan\u00e7am diretamente para as semifinais os primeiros colocados de cada grupo. Os segundos e terceiros colocados disputam as quartas de final. Quartos e quintos lugares participam do chamado Quadrangular da Perman\u00eancia.<\/p>\n","protected":false},"excerpt":{"rendered":"<p>O Cear\u00e1 venceu o Fortaleza por 2 a 1 pela quinta rodada do Campeonato Cearense de Futebol. A partida foi disputada nesta tarde na Arena Castel\u00e3o e teve a transmiss\u00e3o ao vivo da TV Brasil. Os gols do Voz\u00e3o sa\u00edram ainda na primeira etapa. Lucas Mugni, aos 16 minutos da etapa inicial, cobrou com perfei\u00e7\u00e3o [&hellip;]<\/p>\n","protected":false},"author":2,"featured_media":347513,"comment_status":"closed","ping_status":"closed","sticky":false,"template":"","format":"standard","meta":{"_acf_changed":false,"footnotes":""},"categories":[165],"tags":[],"class_list":["post-347512","post","type-post","status-publish","format-standard","has-post-thumbnail","hentry","category-nordeste"],"acf":[],"_links":{"self":[{"href":"https:\/\/www.notibras.com\/site\/wp-json\/wp\/v2\/posts\/347512","targetHints":{"allow":["GET"]}}],"collection":[{"href":"https:\/\/www.notibras.com\/site\/wp-json\/wp\/v2\/posts"}],"about":[{"href":"https:\/\/www.notibras.com\/site\/wp-json\/wp\/v2\/types\/post"}],"author":[{"embeddable":true,"href":"https:\/\/www.notibras.com\/site\/wp-json\/wp\/v2\/users\/2"}],"replies":[{"embeddable":true,"href":"https:\/\/www.notibras.com\/site\/wp-json\/wp\/v2\/comments?post=347512"}],"version-history":[{"count":2,"href":"https:\/\/www.notibras.com\/site\/wp-json\/wp\/v2\/posts\/347512\/revisions"}],"predecessor-version":[{"id":347515,"href":"https:\/\/www.notibras.com\/site\/wp-json\/wp\/v2\/posts\/347512\/revisions\/347515"}],"wp:featuredmedia":[{"embeddable":true,"href":"https:\/\/www.notibras.com\/site\/wp-json\/wp\/v2\/media\/347513"}],"wp:attachment":[{"href":"https:\/\/www.notibras.com\/site\/wp-json\/wp\/v2\/media?parent=347512"}],"wp:term":[{"taxonomy":"category","embeddable":true,"href":"https:\/\/www.notibras.com\/site\/wp-json\/wp\/v2\/categories?post=347512"},{"taxonomy":"post_tag","embeddable":true,"href":"https:\/\/www.notibras.com\/site\/wp-json\/wp\/v2\/tags?post=347512"}],"curies":[{"name":"wp","href":"https:\/\/api.w.org\/{rel}","templated":true}]}}