{"id":347516,"date":"2025-02-09T00:00:52","date_gmt":"2025-02-09T03:00:52","guid":{"rendered":"https:\/\/www.notibras.com\/site\/?p=347516"},"modified":"2025-02-09T09:09:53","modified_gmt":"2025-02-09T12:09:53","slug":"chegada-para-o-classico-tem-briga-e-prisoes-de-torcedores","status":"publish","type":"post","link":"https:\/\/www.notibras.com\/site\/chegada-para-o-classico-tem-briga-e-prisoes-de-torcedores\/","title":{"rendered":"Chegada para o cl\u00e1ssico tem briga e pris\u00f5es de torcedores"},"content":{"rendered":"<p>Torcedores de Fortaleza e Cear\u00e1 promoveram uma briga generalizada no come\u00e7o da tarde deste s\u00e1bado (8) nos arredores do est\u00e1dio do Castel\u00e3o, na capital cearense. O confronto teve pedras e roj\u00f5es atirados de ambos os lados e acabou complicando bastante a chegada do p\u00fablico. Em nota, a Secretaria da Seguran\u00e7a P\u00fablica e Defesa Social do Cear\u00e1 informa que a Pol\u00edcia Militar conduziu 108 envolvidos para a Delegacia de Combate \u00e0s A\u00e7\u00f5es Criminosas Organizadas (Draco) e sete para o 13\u00ba Distrito Policial.<\/p>\n<p>Apesar dos atritos, os dois rivais se enfrentam neste momento no local pela 5\u00aa rodada do Estadual.<\/p>\n<p>Brigas entre as duas torcidas s\u00e3o recorrentes no Cear\u00e1. Inclusive, confrontos dentro das pr\u00f3prias torcidas tamb\u00e9m s\u00e3o comuns. Autoridades municipais e estaduais estudam a\u00e7\u00f5es para aumentar o controle do acesso \u00e0s pra\u00e7as esportivas do estado e aumentar a seguran\u00e7a do p\u00fablico.<\/p>\n<p>&#8220;Os trabalhos ostensivos fazem parte do Plano Operacional de Seguran\u00e7a, coordenado pela Coordenadoria de Planejamento Operacional (Copol\/SSPDS) para o Cl\u00e1ssico-Rei. Os suspeitos foram detidos horas antes do in\u00edcio da partida e encontram-se nas unidades da PCCE [Pol\u00edcia Civil do Estado do Cear\u00e1], onde ser\u00e3o realizados os procedimentos cab\u00edveis&#8221;, acrescentou a Secretaria de Seguran\u00e7a.<\/p>\n<p>Na nota, o \u00f3rg\u00e3o destaca ainda a atua\u00e7\u00e3o, no \u00e2mbito da Opera\u00e7\u00e3o Est\u00e1dio Seguro, para capturar foragidos da Justi\u00e7a que tentam adentrar nas depend\u00eancias do est\u00e1dio. At\u00e9 o momento, foram capturadas tr\u00eas pessoas com mandados de pris\u00e3o em aberto por crimes de homic\u00eddio, roubo e les\u00e3o corporal grave.<\/p>\n<p>Tamb\u00e9m foi preso um quarto alvo, presidente de uma torcida organizada, que estava com ordem de pris\u00e3o em aberto. O homem foi encontrado no Porto das Dunas, em Aquiraz. &#8220;Al\u00e9m do cumprimento de mandado, ele tamb\u00e9m foi preso em flagrante por uso de documento falso. As For\u00e7as de Seguran\u00e7a continuam com os trabalhos com intuito de localizar e prender outros suspeitos&#8221;, conclui a nota.<\/p>\n","protected":false},"excerpt":{"rendered":"<p>Torcedores de Fortaleza e Cear\u00e1 promoveram uma briga generalizada no come\u00e7o da tarde deste s\u00e1bado (8) nos arredores do est\u00e1dio do Castel\u00e3o, na capital cearense. O confronto teve pedras e roj\u00f5es atirados de ambos os lados e acabou complicando bastante a chegada do p\u00fablico. Em nota, a Secretaria da Seguran\u00e7a P\u00fablica e Defesa Social do [&hellip;]<\/p>\n","protected":false},"author":2,"featured_media":347517,"comment_status":"closed","ping_status":"closed","sticky":false,"template":"","format":"standard","meta":{"_acf_changed":false,"footnotes":""},"categories":[165],"tags":[],"class_list":["post-347516","post","type-post","status-publish","format-standard","has-post-thumbnail","hentry","category-nordeste"],"acf":[],"yoast_head":"<!-- This site is optimized with the Yoast SEO plugin v27.2 - https:\/\/yoast.com\/product\/yoast-seo-wordpress\/ -->\n<title>Chegada para o cl\u00e1ssico tem briga e pris\u00f5es de torcedores - Notibras<\/title>\n<meta name=\"robots\" content=\"index, follow, max-snippet:-1, max-image-preview:large, max-video-preview:-1\" \/>\n<link rel=\"canonical\" href=\"https:\/\/www.notibras.com\/site\/chegada-para-o-classico-tem-briga-e-prisoes-de-torcedores\/\" \/>\n<meta property=\"og:locale\" content=\"pt_BR\" \/>\n<meta property=\"og:type\" content=\"article\" \/>\n<meta property=\"og:title\" content=\"Chegada para o cl\u00e1ssico tem briga e pris\u00f5es de torcedores - Notibras\" \/>\n<meta property=\"og:description\" content=\"Torcedores de Fortaleza e Cear\u00e1 promoveram uma briga generalizada no come\u00e7o da tarde deste s\u00e1bado (8) nos arredores do est\u00e1dio do Castel\u00e3o, na capital cearense. O confronto teve pedras e roj\u00f5es atirados de ambos os lados e acabou complicando bastante a chegada do p\u00fablico. Em nota, a Secretaria da Seguran\u00e7a P\u00fablica e Defesa Social do [&hellip;]\" \/>\n<meta property=\"og:url\" content=\"https:\/\/www.notibras.com\/site\/chegada-para-o-classico-tem-briga-e-prisoes-de-torcedores\/\" \/>\n<meta property=\"og:site_name\" content=\"Notibras\" \/>\n<meta property=\"article:publisher\" content=\"https:\/\/www.facebook.com\/notibras\/\" \/>\n<meta property=\"article:published_time\" content=\"2025-02-09T03:00:52+00:00\" \/>\n<meta property=\"article:modified_time\" content=\"2025-02-09T12:09:53+00:00\" \/>\n<meta property=\"og:image\" content=\"https:\/\/www.notibras.com\/site\/wp-content\/uploads\/2025\/02\/brigatorcidas.ce_.webp\" \/>\n\t<meta property=\"og:image:width\" content=\"1170\" \/>\n\t<meta property=\"og:image:height\" content=\"700\" \/>\n\t<meta property=\"og:image:type\" content=\"image\/webp\" \/>\n<meta name=\"author\" content=\"Reda\u00e7\u00e3o\" \/>\n<meta name=\"twitter:card\" content=\"summary_large_image\" \/>\n<meta name=\"twitter:creator\" content=\"@Notibras\" \/>\n<meta name=\"twitter:site\" content=\"@Notibras\" \/>\n<meta name=\"twitter:label1\" content=\"Escrito por\" \/>\n\t<meta name=\"twitter:data1\" content=\"Reda\u00e7\u00e3o\" \/>\n\t<meta name=\"twitter:label2\" content=\"Est. tempo de leitura\" \/>\n\t<meta name=\"twitter:data2\" content=\"2 minutos\" \/>\n<script type=\"application\/ld+json\" class=\"yoast-schema-graph\">{\"@context\":\"https:\/\/schema.org\",\"@graph\":[{\"@type\":\"Article\",\"@id\":\"https:\/\/www.notibras.com\/site\/chegada-para-o-classico-tem-briga-e-prisoes-de-torcedores\/#article\",\"isPartOf\":{\"@id\":\"https:\/\/www.notibras.com\/site\/chegada-para-o-classico-tem-briga-e-prisoes-de-torcedores\/\"},\"author\":{\"name\":\"Reda\u00e7\u00e3o\",\"@id\":\"https:\/\/www.notibras.com\/site\/#\/schema\/person\/36ab0979449956132d3e5b517ea76ac8\"},\"headline\":\"Chegada para o cl\u00e1ssico tem briga e pris\u00f5es de torcedores\",\"datePublished\":\"2025-02-09T03:00:52+00:00\",\"dateModified\":\"2025-02-09T12:09:53+00:00\",\"mainEntityOfPage\":{\"@id\":\"https:\/\/www.notibras.com\/site\/chegada-para-o-classico-tem-briga-e-prisoes-de-torcedores\/\"},\"wordCount\":355,\"publisher\":{\"@id\":\"https:\/\/www.notibras.com\/site\/#organization\"},\"image\":{\"@id\":\"https:\/\/www.notibras.com\/site\/chegada-para-o-classico-tem-briga-e-prisoes-de-torcedores\/#primaryimage\"},\"thumbnailUrl\":\"https:\/\/www.notibras.com\/site\/wp-content\/uploads\/2025\/02\/brigatorcidas.ce_.webp\",\"articleSection\":[\"Nordeste\"],\"inLanguage\":\"pt-BR\"},{\"@type\":\"WebPage\",\"@id\":\"https:\/\/www.notibras.com\/site\/chegada-para-o-classico-tem-briga-e-prisoes-de-torcedores\/\",\"url\":\"https:\/\/www.notibras.com\/site\/chegada-para-o-classico-tem-briga-e-prisoes-de-torcedores\/\",\"name\":\"Chegada para o cl\u00e1ssico tem briga e pris\u00f5es de torcedores - Notibras\",\"isPartOf\":{\"@id\":\"https:\/\/www.notibras.com\/site\/#website\"},\"primaryImageOfPage\":{\"@id\":\"https:\/\/www.notibras.com\/site\/chegada-para-o-classico-tem-briga-e-prisoes-de-torcedores\/#primaryimage\"},\"image\":{\"@id\":\"https:\/\/www.notibras.com\/site\/chegada-para-o-classico-tem-briga-e-prisoes-de-torcedores\/#primaryimage\"},\"thumbnailUrl\":\"https:\/\/www.notibras.com\/site\/wp-content\/uploads\/2025\/02\/brigatorcidas.ce_.webp\",\"datePublished\":\"2025-02-09T03:00:52+00:00\",\"dateModified\":\"2025-02-09T12:09:53+00:00\",\"breadcrumb\":{\"@id\":\"https:\/\/www.notibras.com\/site\/chegada-para-o-classico-tem-briga-e-prisoes-de-torcedores\/#breadcrumb\"},\"inLanguage\":\"pt-BR\",\"potentialAction\":[{\"@type\":\"ReadAction\",\"target\":[\"https:\/\/www.notibras.com\/site\/chegada-para-o-classico-tem-briga-e-prisoes-de-torcedores\/\"]}]},{\"@type\":\"ImageObject\",\"inLanguage\":\"pt-BR\",\"@id\":\"https:\/\/www.notibras.com\/site\/chegada-para-o-classico-tem-briga-e-prisoes-de-torcedores\/#primaryimage\",\"url\":\"https:\/\/www.notibras.com\/site\/wp-content\/uploads\/2025\/02\/brigatorcidas.ce_.webp\",\"contentUrl\":\"https:\/\/www.notibras.com\/site\/wp-content\/uploads\/2025\/02\/brigatorcidas.ce_.webp\",\"width\":1170,\"height\":700},{\"@type\":\"BreadcrumbList\",\"@id\":\"https:\/\/www.notibras.com\/site\/chegada-para-o-classico-tem-briga-e-prisoes-de-torcedores\/#breadcrumb\",\"itemListElement\":[{\"@type\":\"ListItem\",\"position\":1,\"name\":\"In\u00edcio\",\"item\":\"https:\/\/www.notibras.com\/site\/\"},{\"@type\":\"ListItem\",\"position\":2,\"name\":\"Chegada para o cl\u00e1ssico tem briga e pris\u00f5es de torcedores\"}]},{\"@type\":\"WebSite\",\"@id\":\"https:\/\/www.notibras.com\/site\/#website\",\"url\":\"https:\/\/www.notibras.com\/site\/\",\"name\":\"Notibras\",\"description\":\"Not\u00edcias de Bras\u00edlia, do Brasil e do Mundo\",\"publisher\":{\"@id\":\"https:\/\/www.notibras.com\/site\/#organization\"},\"potentialAction\":[{\"@type\":\"SearchAction\",\"target\":{\"@type\":\"EntryPoint\",\"urlTemplate\":\"https:\/\/www.notibras.com\/site\/?s={search_term_string}\"},\"query-input\":{\"@type\":\"PropertyValueSpecification\",\"valueRequired\":true,\"valueName\":\"search_term_string\"}}],\"inLanguage\":\"pt-BR\"},{\"@type\":\"Organization\",\"@id\":\"https:\/\/www.notibras.com\/site\/#organization\",\"name\":\"Grupo Notibras de Comunica\u00e7\u00e3o\",\"url\":\"https:\/\/www.notibras.com\/site\/\",\"logo\":{\"@type\":\"ImageObject\",\"inLanguage\":\"pt-BR\",\"@id\":\"https:\/\/www.notibras.com\/site\/#\/schema\/logo\/image\/\",\"url\":\"https:\/\/www.notibras.com\/site\/wp-content\/uploads\/2023\/01\/notibras23.png\",\"contentUrl\":\"https:\/\/www.notibras.com\/site\/wp-content\/uploads\/2023\/01\/notibras23.png\",\"width\":350,\"height\":87,\"caption\":\"Grupo Notibras de Comunica\u00e7\u00e3o\"},\"image\":{\"@id\":\"https:\/\/www.notibras.com\/site\/#\/schema\/logo\/image\/\"},\"sameAs\":[\"https:\/\/www.facebook.com\/notibras\/\",\"https:\/\/x.com\/Notibras\",\"https:\/\/www.instagram.com\/notibras\/\"]},{\"@type\":\"Person\",\"@id\":\"https:\/\/www.notibras.com\/site\/#\/schema\/person\/36ab0979449956132d3e5b517ea76ac8\",\"name\":\"Reda\u00e7\u00e3o\",\"image\":{\"@type\":\"ImageObject\",\"inLanguage\":\"pt-BR\",\"@id\":\"https:\/\/secure.gravatar.com\/avatar\/e0a867bdedb85fd243eadf09663511f96fc81e0720a4a42581f334ad4303aa6b?s=96&d=mm&r=g\",\"url\":\"https:\/\/secure.gravatar.com\/avatar\/e0a867bdedb85fd243eadf09663511f96fc81e0720a4a42581f334ad4303aa6b?s=96&d=mm&r=g\",\"contentUrl\":\"https:\/\/secure.gravatar.com\/avatar\/e0a867bdedb85fd243eadf09663511f96fc81e0720a4a42581f334ad4303aa6b?s=96&d=mm&r=g\",\"caption\":\"Reda\u00e7\u00e3o\"}}]}<\/script>\n<!-- \/ Yoast SEO plugin. -->","yoast_head_json":{"title":"Chegada para o cl\u00e1ssico tem briga e pris\u00f5es de torcedores - Notibras","robots":{"index":"index","follow":"follow","max-snippet":"max-snippet:-1","max-image-preview":"max-image-preview:large","max-video-preview":"max-video-preview:-1"},"canonical":"https:\/\/www.notibras.com\/site\/chegada-para-o-classico-tem-briga-e-prisoes-de-torcedores\/","og_locale":"pt_BR","og_type":"article","og_title":"Chegada para o cl\u00e1ssico tem briga e pris\u00f5es de torcedores - Notibras","og_description":"Torcedores de Fortaleza e Cear\u00e1 promoveram uma briga generalizada no come\u00e7o da tarde deste s\u00e1bado (8) nos arredores do est\u00e1dio do Castel\u00e3o, na capital cearense. O confronto teve pedras e roj\u00f5es atirados de ambos os lados e acabou complicando bastante a chegada do p\u00fablico. Em nota, a Secretaria da Seguran\u00e7a P\u00fablica e Defesa Social do [&hellip;]","og_url":"https:\/\/www.notibras.com\/site\/chegada-para-o-classico-tem-briga-e-prisoes-de-torcedores\/","og_site_name":"Notibras","article_publisher":"https:\/\/www.facebook.com\/notibras\/","article_published_time":"2025-02-09T03:00:52+00:00","article_modified_time":"2025-02-09T12:09:53+00:00","og_image":[{"width":1170,"height":700,"url":"https:\/\/www.notibras.com\/site\/wp-content\/uploads\/2025\/02\/brigatorcidas.ce_.webp","type":"image\/webp"}],"author":"Reda\u00e7\u00e3o","twitter_card":"summary_large_image","twitter_creator":"@Notibras","twitter_site":"@Notibras","twitter_misc":{"Escrito por":"Reda\u00e7\u00e3o","Est. tempo de leitura":"2 minutos"},"schema":{"@context":"https:\/\/schema.org","@graph":[{"@type":"Article","@id":"https:\/\/www.notibras.com\/site\/chegada-para-o-classico-tem-briga-e-prisoes-de-torcedores\/#article","isPartOf":{"@id":"https:\/\/www.notibras.com\/site\/chegada-para-o-classico-tem-briga-e-prisoes-de-torcedores\/"},"author":{"name":"Reda\u00e7\u00e3o","@id":"https:\/\/www.notibras.com\/site\/#\/schema\/person\/36ab0979449956132d3e5b517ea76ac8"},"headline":"Chegada para o cl\u00e1ssico tem briga e pris\u00f5es de torcedores","datePublished":"2025-02-09T03:00:52+00:00","dateModified":"2025-02-09T12:09:53+00:00","mainEntityOfPage":{"@id":"https:\/\/www.notibras.com\/site\/chegada-para-o-classico-tem-briga-e-prisoes-de-torcedores\/"},"wordCount":355,"publisher":{"@id":"https:\/\/www.notibras.com\/site\/#organization"},"image":{"@id":"https:\/\/www.notibras.com\/site\/chegada-para-o-classico-tem-briga-e-prisoes-de-torcedores\/#primaryimage"},"thumbnailUrl":"https:\/\/www.notibras.com\/site\/wp-content\/uploads\/2025\/02\/brigatorcidas.ce_.webp","articleSection":["Nordeste"],"inLanguage":"pt-BR"},{"@type":"WebPage","@id":"https:\/\/www.notibras.com\/site\/chegada-para-o-classico-tem-briga-e-prisoes-de-torcedores\/","url":"https:\/\/www.notibras.com\/site\/chegada-para-o-classico-tem-briga-e-prisoes-de-torcedores\/","name":"Chegada para o cl\u00e1ssico tem briga e pris\u00f5es de torcedores - Notibras","isPartOf":{"@id":"https:\/\/www.notibras.com\/site\/#website"},"primaryImageOfPage":{"@id":"https:\/\/www.notibras.com\/site\/chegada-para-o-classico-tem-briga-e-prisoes-de-torcedores\/#primaryimage"},"image":{"@id":"https:\/\/www.notibras.com\/site\/chegada-para-o-classico-tem-briga-e-prisoes-de-torcedores\/#primaryimage"},"thumbnailUrl":"https:\/\/www.notibras.com\/site\/wp-content\/uploads\/2025\/02\/brigatorcidas.ce_.webp","datePublished":"2025-02-09T03:00:52+00:00","dateModified":"2025-02-09T12:09:53+00:00","breadcrumb":{"@id":"https:\/\/www.notibras.com\/site\/chegada-para-o-classico-tem-briga-e-prisoes-de-torcedores\/#breadcrumb"},"inLanguage":"pt-BR","potentialAction":[{"@type":"ReadAction","target":["https:\/\/www.notibras.com\/site\/chegada-para-o-classico-tem-briga-e-prisoes-de-torcedores\/"]}]},{"@type":"ImageObject","inLanguage":"pt-BR","@id":"https:\/\/www.notibras.com\/site\/chegada-para-o-classico-tem-briga-e-prisoes-de-torcedores\/#primaryimage","url":"https:\/\/www.notibras.com\/site\/wp-content\/uploads\/2025\/02\/brigatorcidas.ce_.webp","contentUrl":"https:\/\/www.notibras.com\/site\/wp-content\/uploads\/2025\/02\/brigatorcidas.ce_.webp","width":1170,"height":700},{"@type":"BreadcrumbList","@id":"https:\/\/www.notibras.com\/site\/chegada-para-o-classico-tem-briga-e-prisoes-de-torcedores\/#breadcrumb","itemListElement":[{"@type":"ListItem","position":1,"name":"In\u00edcio","item":"https:\/\/www.notibras.com\/site\/"},{"@type":"ListItem","position":2,"name":"Chegada para o cl\u00e1ssico tem briga e pris\u00f5es de torcedores"}]},{"@type":"WebSite","@id":"https:\/\/www.notibras.com\/site\/#website","url":"https:\/\/www.notibras.com\/site\/","name":"Notibras","description":"Not\u00edcias de Bras\u00edlia, do Brasil e do Mundo","publisher":{"@id":"https:\/\/www.notibras.com\/site\/#organization"},"potentialAction":[{"@type":"SearchAction","target":{"@type":"EntryPoint","urlTemplate":"https:\/\/www.notibras.com\/site\/?s={search_term_string}"},"query-input":{"@type":"PropertyValueSpecification","valueRequired":true,"valueName":"search_term_string"}}],"inLanguage":"pt-BR"},{"@type":"Organization","@id":"https:\/\/www.notibras.com\/site\/#organization","name":"Grupo Notibras de Comunica\u00e7\u00e3o","url":"https:\/\/www.notibras.com\/site\/","logo":{"@type":"ImageObject","inLanguage":"pt-BR","@id":"https:\/\/www.notibras.com\/site\/#\/schema\/logo\/image\/","url":"https:\/\/www.notibras.com\/site\/wp-content\/uploads\/2023\/01\/notibras23.png","contentUrl":"https:\/\/www.notibras.com\/site\/wp-content\/uploads\/2023\/01\/notibras23.png","width":350,"height":87,"caption":"Grupo Notibras de Comunica\u00e7\u00e3o"},"image":{"@id":"https:\/\/www.notibras.com\/site\/#\/schema\/logo\/image\/"},"sameAs":["https:\/\/www.facebook.com\/notibras\/","https:\/\/x.com\/Notibras","https:\/\/www.instagram.com\/notibras\/"]},{"@type":"Person","@id":"https:\/\/www.notibras.com\/site\/#\/schema\/person\/36ab0979449956132d3e5b517ea76ac8","name":"Reda\u00e7\u00e3o","image":{"@type":"ImageObject","inLanguage":"pt-BR","@id":"https:\/\/secure.gravatar.com\/avatar\/e0a867bdedb85fd243eadf09663511f96fc81e0720a4a42581f334ad4303aa6b?s=96&d=mm&r=g","url":"https:\/\/secure.gravatar.com\/avatar\/e0a867bdedb85fd243eadf09663511f96fc81e0720a4a42581f334ad4303aa6b?s=96&d=mm&r=g","contentUrl":"https:\/\/secure.gravatar.com\/avatar\/e0a867bdedb85fd243eadf09663511f96fc81e0720a4a42581f334ad4303aa6b?s=96&d=mm&r=g","caption":"Reda\u00e7\u00e3o"}}]}},"amp_enabled":true,"_links":{"self":[{"href":"https:\/\/www.notibras.com\/site\/wp-json\/wp\/v2\/posts\/347516","targetHints":{"allow":["GET"]}}],"collection":[{"href":"https:\/\/www.notibras.com\/site\/wp-json\/wp\/v2\/posts"}],"about":[{"href":"https:\/\/www.notibras.com\/site\/wp-json\/wp\/v2\/types\/post"}],"author":[{"embeddable":true,"href":"https:\/\/www.notibras.com\/site\/wp-json\/wp\/v2\/users\/2"}],"replies":[{"embeddable":true,"href":"https:\/\/www.notibras.com\/site\/wp-json\/wp\/v2\/comments?post=347516"}],"version-history":[{"count":1,"href":"https:\/\/www.notibras.com\/site\/wp-json\/wp\/v2\/posts\/347516\/revisions"}],"predecessor-version":[{"id":347518,"href":"https:\/\/www.notibras.com\/site\/wp-json\/wp\/v2\/posts\/347516\/revisions\/347518"}],"wp:featuredmedia":[{"embeddable":true,"href":"https:\/\/www.notibras.com\/site\/wp-json\/wp\/v2\/media\/347517"}],"wp:attachment":[{"href":"https:\/\/www.notibras.com\/site\/wp-json\/wp\/v2\/media?parent=347516"}],"wp:term":[{"taxonomy":"category","embeddable":true,"href":"https:\/\/www.notibras.com\/site\/wp-json\/wp\/v2\/categories?post=347516"},{"taxonomy":"post_tag","embeddable":true,"href":"https:\/\/www.notibras.com\/site\/wp-json\/wp\/v2\/tags?post=347516"}],"curies":[{"name":"wp","href":"https:\/\/api.w.org\/{rel}","templated":true}]}}