{"id":347531,"date":"2025-02-09T00:00:45","date_gmt":"2025-02-09T03:00:45","guid":{"rendered":"https:\/\/www.notibras.com\/site\/?p=347531"},"modified":"2025-02-09T10:05:27","modified_gmt":"2025-02-09T13:05:27","slug":"melhora-genetica-de-gado-aumenta-produtividade-e-da-sustentabilidade","status":"publish","type":"post","link":"https:\/\/www.notibras.com\/site\/melhora-genetica-de-gado-aumenta-produtividade-e-da-sustentabilidade\/","title":{"rendered":"Melhora gen\u00e9tica de gado aumenta produtividade e d\u00e1 sustentabilidade"},"content":{"rendered":"<p>\u00c0 frente de uma propriedade no N\u00facleo Rural Jardim, no Parano\u00e1, Valdeci de Castro \u00e9 um dos 65 produtores do Distrito Federal beneficiados pelo programa +Pecu\u00e1ria Brasil, iniciativa que promove gratuitamente o melhoramento gen\u00e9tico de rebanhos bovinos de corte e de leite por meio da utiliza\u00e7\u00e3o da biotecnologia reprodutiva.<\/p>\n<p>O projeto \u00e9 uma parceria entre a Empresa de Assist\u00eancia T\u00e9cnica e Extens\u00e3o Rural do Distrito Federal (Emater-DF) e a Confedera\u00e7\u00e3o Nacional dos Agricultores Familiares e Empreendedores Familiares do Brasil (Conafer) firmada em maio de 2022 e executada desde janeiro de 2023. O objetivo \u00e9 impulsionar a produ\u00e7\u00e3o agropecu\u00e1ria dos pequenos produtores.<\/p>\n<p>\u201cH\u00e1 um ano e meio entraram em contato comigo para me explicar o programa. Aceitei porque o melhoramento gen\u00e9tico \u00e9 algo muito bom\u201d, afirma. Com isso, todas as 21 vacas do pequeno produtor t\u00eam passado pela t\u00e9cnica da insemina\u00e7\u00e3o artificial em tempo fixo (IATF) com s\u00eamens de touros premiados, dando \u00e0 luz bezerros geneticamente melhorados. \u201cO grande diferencial \u00e9 a qualidade dos bezerros. S\u00e3o maiores e t\u00eam uma gen\u00e9tica melhor\u201d, explica. Atualmente, a propriedade produz 180 litros de leite. Com o programa, a previs\u00e3o \u00e9 dobrar a produ\u00e7\u00e3o.<\/p>\n<p>Cabe \u00e0 Emater selecionar os produtores e orient\u00e1-los em rela\u00e7\u00e3o \u00e0 sanidade, ao manejo e \u00e0 nutri\u00e7\u00e3o dos animais. A Conafer \u00e9 respons\u00e1vel pelo servi\u00e7o veterin\u00e1rio e materiais, bem como por todos os custos hormonais. J\u00e1 os produtores t\u00eam como contrapartida identificar e garantir o cuidado aos animais.<\/p>\n<p>\u201cNosso objetivo \u00e9 melhorar a qualidade gen\u00e9tica dos animais, melhorando as matrizes leiteiras e de corte com os bezerros. \u00c9 um conv\u00eanio que tem v\u00e1rias etapas e v\u00e1rias m\u00e3os. J\u00e1 s\u00e3o dois anos de atividades pr\u00e1ticas e quase 500 bezerros nascidos s\u00f3 no DF\u201d, comenta o t\u00e9cnico da Emater Douglas Mariz.<\/p>\n<p>Inicialmente, os profissionais fazem um trabalho para igualar o cio de todas as vacas da propriedade. Na sequ\u00eancia, levam o material gen\u00e9tico melhorado ao local e concluem a insemina\u00e7\u00e3o. Depois, seguem acompanhando o processo, com direito at\u00e9 a ultrassonografia nos animais.<\/p>\n<p><strong>Produtividade e sustentabilidade<\/strong><br \/>\nO principal resultado do melhoramento gen\u00e9tico \u00e9 o aumento da produtividade das propriedades. \u201cNo caso da produ\u00e7\u00e3o de leite, uma vaca sem muita gen\u00e9tica produz de oito a dez litros por dia, enquanto uma vaca modificada geneticamente pode produzir at\u00e9 20 litros por dia. Ent\u00e3o, nosso objetivo \u00e9 dobrar a produtividade com a mesma quantidade de animais\u201d, explica o coordenador t\u00e9cnico regional de Goi\u00e1s e do Distrito Federal da Conafer, o veterin\u00e1rio Rafael Rodrigues.<\/p>\n<p>Al\u00e9m de possibilitar mais rentabilidade \u00e0s propriedades, o programa tamb\u00e9m tem um olhar para a quest\u00e3o sustent\u00e1vel da pecu\u00e1ria brasileira. \u201cTem o contexto do cr\u00e9dito de carbono. Se temos animais mais produtivos, dilu\u00edmos a produtividade de carbono na propriedade, dando mais sustentabilidade e qualidade de vida\u201d, acrescenta Rodrigues.<\/p>\n<p>Desde o in\u00edcio das atividades at\u00e9 dezembro de 2024, o programa inseminou 858 vacas, resultando em 489 prenhezes e 486 nascimentos. A taxa de prenhez no DF \u00e9 de 57%, valor acima da m\u00e9dia nacional que fica entre 40% e 45%. \u201cFalamos que a reprodu\u00e7\u00e3o \u00e9 a ponta da pir\u00e2mide. Para um resultado como esse, \u00e9 preciso toda uma base bem-feita, com nutri\u00e7\u00e3o, sanidade, manejo e estrutura\u201d, comenta o coordenador t\u00e9cnico regional de Goi\u00e1s e do Distrito Federal da Conafer.<\/p>\n","protected":false},"excerpt":{"rendered":"<p>\u00c0 frente de uma propriedade no N\u00facleo Rural Jardim, no Parano\u00e1, Valdeci de Castro \u00e9 um dos 65 produtores do Distrito Federal beneficiados pelo programa +Pecu\u00e1ria Brasil, iniciativa que promove gratuitamente o melhoramento gen\u00e9tico de rebanhos bovinos de corte e de leite por meio da utiliza\u00e7\u00e3o da biotecnologia reprodutiva. O projeto \u00e9 uma parceria entre [&hellip;]<\/p>\n","protected":false},"author":2,"featured_media":347532,"comment_status":"closed","ping_status":"closed","sticky":false,"template":"","format":"standard","meta":{"_acf_changed":false,"footnotes":""},"categories":[161],"tags":[],"class_list":["post-347531","post","type-post","status-publish","format-standard","has-post-thumbnail","hentry","category-quadradinho-em-foco"],"acf":[],"_links":{"self":[{"href":"https:\/\/www.notibras.com\/site\/wp-json\/wp\/v2\/posts\/347531","targetHints":{"allow":["GET"]}}],"collection":[{"href":"https:\/\/www.notibras.com\/site\/wp-json\/wp\/v2\/posts"}],"about":[{"href":"https:\/\/www.notibras.com\/site\/wp-json\/wp\/v2\/types\/post"}],"author":[{"embeddable":true,"href":"https:\/\/www.notibras.com\/site\/wp-json\/wp\/v2\/users\/2"}],"replies":[{"embeddable":true,"href":"https:\/\/www.notibras.com\/site\/wp-json\/wp\/v2\/comments?post=347531"}],"version-history":[{"count":1,"href":"https:\/\/www.notibras.com\/site\/wp-json\/wp\/v2\/posts\/347531\/revisions"}],"predecessor-version":[{"id":347533,"href":"https:\/\/www.notibras.com\/site\/wp-json\/wp\/v2\/posts\/347531\/revisions\/347533"}],"wp:featuredmedia":[{"embeddable":true,"href":"https:\/\/www.notibras.com\/site\/wp-json\/wp\/v2\/media\/347532"}],"wp:attachment":[{"href":"https:\/\/www.notibras.com\/site\/wp-json\/wp\/v2\/media?parent=347531"}],"wp:term":[{"taxonomy":"category","embeddable":true,"href":"https:\/\/www.notibras.com\/site\/wp-json\/wp\/v2\/categories?post=347531"},{"taxonomy":"post_tag","embeddable":true,"href":"https:\/\/www.notibras.com\/site\/wp-json\/wp\/v2\/tags?post=347531"}],"curies":[{"name":"wp","href":"https:\/\/api.w.org\/{rel}","templated":true}]}}