{"id":347534,"date":"2025-02-09T00:00:00","date_gmt":"2025-02-09T03:00:00","guid":{"rendered":"https:\/\/www.notibras.com\/site\/?p=347534"},"modified":"2025-02-09T10:09:56","modified_gmt":"2025-02-09T13:09:56","slug":"alerta-medico-para-sazonalidade-das-doencas-respiratorias","status":"publish","type":"post","link":"https:\/\/www.notibras.com\/site\/alerta-medico-para-sazonalidade-das-doencas-respiratorias\/","title":{"rendered":"Alerta m\u00e9dico para sazonalidade das doen\u00e7as respirat\u00f3rias"},"content":{"rendered":"<p>A sazonalidade dos v\u00edrus respirat\u00f3rios normalmente ocorre no Brasil entre janeiro e junho, acometendo, principalmente, crian\u00e7as, idosos e pessoas com a imunidade mais baixa. A bronquiolite viral aguda (BVA) \u00e9 a principal preocupa\u00e7\u00e3o da \u00e1rea pedi\u00e1trica, pois atinge crian\u00e7as de at\u00e9 dois anos e \u00e9 respons\u00e1vel pela maioria das interna\u00e7\u00f5es deste per\u00edodo.<\/p>\n<p>A bronquiolite viral aguda \u00e9 uma infec\u00e7\u00e3o viral que acomete a parte mais delicada do pulm\u00e3o dos beb\u00eas, os bronqu\u00edolos. Essas estruturas do organismo s\u00e3o a continuidade dos br\u00f4nquios, que distribuem o ar para dentro dos pulm\u00f5es.<\/p>\n<p>O infectologista pedi\u00e1trico do Hospital Regional de Santa Maria (HRSM), Pedro Ribeiro Bianchini, lembra que \u00e9 poss\u00edvel ter uma varia\u00e7\u00e3o nos v\u00edrus circulantes, mas os principais s\u00e3o o v\u00edrus sincicial respirat\u00f3rio (VSR), o coronav\u00edrus SARS-CoV-2, rinov\u00edrus e metapneumov\u00edrus, al\u00e9m do v\u00edrus da influenza.<\/p>\n<p><strong>Sintomas<\/strong><br \/>\n\u201cEsses v\u00edrus t\u00eam uma distin\u00e7\u00e3o cl\u00ednica muito dif\u00edcil, pois apresentam sintomas semelhantes, e s\u00f3 \u00e9 poss\u00edvel identific\u00e1-los com a realiza\u00e7\u00e3o de exames espec\u00edficos, mas a condu\u00e7\u00e3o cl\u00ednica \u00e9 semelhante, e em sua maioria sintom\u00e1tica, com medica\u00e7\u00e3o para febre e limpeza nasal\u201d, orienta o m\u00e9dico. \u201cA necessidade de outras medica\u00e7\u00f5es e at\u00e9 de interna\u00e7\u00e3o e outros procedimentos, eventualmente necess\u00e1rios, \u00e9 determinada apenas pelo pediatra, durante a avalia\u00e7\u00e3o cl\u00ednica.\u201d<\/p>\n<p>Tratando-se de doen\u00e7a causada por v\u00edrus respirat\u00f3rios, o quadro come\u00e7a com um resfriado, obstru\u00e7\u00e3o nasal, coriza clara, tosse, febre, recusa nas mamadas e irritabilidade de intensidade vari\u00e1vel. Em um ou dois dias, esses sintomas evoluem para tosse mais intensa, dificuldade para respirar, respira\u00e7\u00e3o r\u00e1pida e sibil\u00e2ncia (chiado\/chio de peito). Por vezes, pode haver sinais e sintomas mais graves, como sonol\u00eancia, gem\u00eancia, cianose (arroxeamento dos l\u00e1bios e extremidades) e pausas respirat\u00f3rias.<\/p>\n<p>A orienta\u00e7\u00e3o \u00e9 que a fam\u00edlia fique atenta aos sinais, principalmente nos beb\u00eas; e, em caso de evolu\u00e7\u00e3o dos sintomas, busque imediatamente atendimento m\u00e9dico. \u201cA crian\u00e7a pequena tem o seu sistema imunol\u00f3gico ainda em processo de amadurecimento, o que torna essa faixa et\u00e1ria, principalmente as crian\u00e7as abaixo de 6 anos, mais predispostas ao adoecimento\u201d, ressalta Bianchini.<\/p>\n<p><strong>Volta \u00e0s aulas<\/strong><br \/>\nO fato de a transmiss\u00e3o dos v\u00edrus respirat\u00f3rios ser facilitada pela aglomera\u00e7\u00e3o de pessoas faz com que o retorno \u00e0s aulas seja um momento de maior prolifera\u00e7\u00e3o de doen\u00e7as respirat\u00f3rias, pois as crian\u00e7as se juntam em um mesmo ambiente.<\/p>\n<p>\u201cAs principais medidas para diminuir a chance de adoecimento incluem a atualiza\u00e7\u00e3o do cart\u00e3o vacinal, e ressalto tamb\u00e9m a import\u00e2ncia das vacinas contra covid-19 e coqueluche\u201d, afirma o infectologista pedi\u00e1trico. O profissional recomenda manter o h\u00e1bito de fazer a higieniza\u00e7\u00e3o nasal di\u00e1ria e incentivar a crian\u00e7a a lavar as m\u00e3os com frequ\u00eancia, al\u00e9m de proporcionar uma alimenta\u00e7\u00e3o equilibrada, sono saud\u00e1vel e fazer um acompanhamento regular com o pediatra.<\/p>\n","protected":false},"excerpt":{"rendered":"<p>A sazonalidade dos v\u00edrus respirat\u00f3rios normalmente ocorre no Brasil entre janeiro e junho, acometendo, principalmente, crian\u00e7as, idosos e pessoas com a imunidade mais baixa. A bronquiolite viral aguda (BVA) \u00e9 a principal preocupa\u00e7\u00e3o da \u00e1rea pedi\u00e1trica, pois atinge crian\u00e7as de at\u00e9 dois anos e \u00e9 respons\u00e1vel pela maioria das interna\u00e7\u00f5es deste per\u00edodo. A bronquiolite viral [&hellip;]<\/p>\n","protected":false},"author":2,"featured_media":347535,"comment_status":"closed","ping_status":"closed","sticky":false,"template":"","format":"standard","meta":{"_acf_changed":false,"footnotes":""},"categories":[161],"tags":[],"class_list":["post-347534","post","type-post","status-publish","format-standard","has-post-thumbnail","hentry","category-quadradinho-em-foco"],"acf":[],"_links":{"self":[{"href":"https:\/\/www.notibras.com\/site\/wp-json\/wp\/v2\/posts\/347534","targetHints":{"allow":["GET"]}}],"collection":[{"href":"https:\/\/www.notibras.com\/site\/wp-json\/wp\/v2\/posts"}],"about":[{"href":"https:\/\/www.notibras.com\/site\/wp-json\/wp\/v2\/types\/post"}],"author":[{"embeddable":true,"href":"https:\/\/www.notibras.com\/site\/wp-json\/wp\/v2\/users\/2"}],"replies":[{"embeddable":true,"href":"https:\/\/www.notibras.com\/site\/wp-json\/wp\/v2\/comments?post=347534"}],"version-history":[{"count":1,"href":"https:\/\/www.notibras.com\/site\/wp-json\/wp\/v2\/posts\/347534\/revisions"}],"predecessor-version":[{"id":347536,"href":"https:\/\/www.notibras.com\/site\/wp-json\/wp\/v2\/posts\/347534\/revisions\/347536"}],"wp:featuredmedia":[{"embeddable":true,"href":"https:\/\/www.notibras.com\/site\/wp-json\/wp\/v2\/media\/347535"}],"wp:attachment":[{"href":"https:\/\/www.notibras.com\/site\/wp-json\/wp\/v2\/media?parent=347534"}],"wp:term":[{"taxonomy":"category","embeddable":true,"href":"https:\/\/www.notibras.com\/site\/wp-json\/wp\/v2\/categories?post=347534"},{"taxonomy":"post_tag","embeddable":true,"href":"https:\/\/www.notibras.com\/site\/wp-json\/wp\/v2\/tags?post=347534"}],"curies":[{"name":"wp","href":"https:\/\/api.w.org\/{rel}","templated":true}]}}