{"id":347537,"date":"2025-02-09T00:00:21","date_gmt":"2025-02-09T03:00:21","guid":{"rendered":"https:\/\/www.notibras.com\/site\/?p=347537"},"modified":"2025-02-09T10:16:13","modified_gmt":"2025-02-09T13:16:13","slug":"novas-calcadas-levam-mais-acessibilidade-e-conforto-ao-guara","status":"publish","type":"post","link":"https:\/\/www.notibras.com\/site\/novas-calcadas-levam-mais-acessibilidade-e-conforto-ao-guara\/","title":{"rendered":"Novas cal\u00e7adas levam mais acessibilidade e conforto ao Guar\u00e1"},"content":{"rendered":"<p>Cerca de 4 mil metros quadrados de cal\u00e7adas est\u00e3o sendo constru\u00eddos na EQ 30\/32 do Guar\u00e1. As obras s\u00e3o executadas pela Companhia Urbanizadora da Nova Capital (Novacap), com investimento de R$ 1,5 milh\u00e3o, atendendo a um pedido antigo da comunidade. As passagens foram erguidas em concreto usinado, oferecendo maior durabilidade e resist\u00eancia, al\u00e9m de manuten\u00e7\u00e3o mais em conta, e seguem as normas t\u00e9cnicas de acessibilidade, com largura m\u00ednima de dois metros e superf\u00edcie regular.<\/p>\n<p>Segundo o administrador regional do Guar\u00e1, Artur Nogueira, ap\u00f3s a constru\u00e7\u00e3o dos passeios, ser\u00e3o executados servi\u00e7os de drenagem e paisagismo. A execu\u00e7\u00e3o das travessias come\u00e7ou no final de dezembro e, conforme Nogueira, deve ser finalizada ainda neste m\u00eas. \u201c\u00c9 uma obra que traz mais mobilidade, conforto, seguran\u00e7a e qualidade de vida para a popula\u00e7\u00e3o guaraense. H\u00e1 mais de 20 anos as pessoas pedem essas cal\u00e7adas, principalmente os idosos, que desejam passear entre os jardins\u201d, ressalta.<\/p>\n<p>Moradora da regi\u00e3o desde 1978, a aposentada Inad de Oliveira, 86 anos, conta que as estruturas anteriores estavam deterioradas e tinham rachaduras. Agora, ela acredita que esse problema chegou ao fim e os cidad\u00e3os poder\u00e3o caminhar, correr ou pedalar com mais tranquilidade. \u201cComo n\u00e3o tenho carro, s\u00f3 ando a p\u00e9. E agora est\u00e1 \u00f3timo para caminhar, sem perigo de cair, est\u00e1 tudo lisinho\u201d, diz.<\/p>\n<p>O empres\u00e1rio Lu\u00eds Felipe Machado, 27, tamb\u00e9m destaca os benef\u00edcios das novas travessias. \u201cMoro aqui perto h\u00e1 dois anos e passeio todo dia com minha filha, meu cachorro e, \u00e0s vezes, com minha esposa, pelo menos cinco vezes por dia. Aqui ficou \u00f3timo para isso, d\u00e1 para passar com o carrinho da beb\u00ea sem nenhum problema. Tivemos o transtorno inicial, mas agora est\u00e1 bem confort\u00e1vel\u201d, aponta.<\/p>\n<p>Com 134 mil habitantes, o Guar\u00e1 tem recebido investimentos do GDF em diversas a\u00e7\u00f5es. No quesito moderniza\u00e7\u00e3o, s\u00e3o mais de R$ 354 milh\u00f5es em constru\u00e7\u00f5es em andamento, como o Hospital Cl\u00ednico Ortop\u00e9dico (HCO), a duplica\u00e7\u00e3o da via de liga\u00e7\u00e3o entre a Avenida Contorno e a Estrada Parque N\u00facleo Bandeirante (EPNB) e a urbaniza\u00e7\u00e3o do Park Sul.<\/p>\n<p>Al\u00e9m disso, em 2024, o GDF concluiu as obras de infraestrutura urbana das oito novas quadras do Guar\u00e1 II: as QEs 38, 44, 48, 50, 52, 54, 56 e 58. Com investimento de R$ 17 milh\u00f5es, foram feitos os servi\u00e7os de drenagem pluvial ,com a constru\u00e7\u00e3o de mais de 11 mil metros de rede e de 116 bocas de lobo, de pavimenta\u00e7\u00e3o de 8,6 km, de implanta\u00e7\u00e3o de mais de 70 vagas de estacionamentos e de assentamento de 24,9 mil metros meios-fiso, al\u00e9m da sinaliza\u00e7\u00e3o.<\/p>\n","protected":false},"excerpt":{"rendered":"<p>Cerca de 4 mil metros quadrados de cal\u00e7adas est\u00e3o sendo constru\u00eddos na EQ 30\/32 do Guar\u00e1. As obras s\u00e3o executadas pela Companhia Urbanizadora da Nova Capital (Novacap), com investimento de R$ 1,5 milh\u00e3o, atendendo a um pedido antigo da comunidade. As passagens foram erguidas em concreto usinado, oferecendo maior durabilidade e resist\u00eancia, al\u00e9m de manuten\u00e7\u00e3o [&hellip;]<\/p>\n","protected":false},"author":2,"featured_media":347538,"comment_status":"closed","ping_status":"closed","sticky":false,"template":"","format":"standard","meta":{"_acf_changed":false,"footnotes":""},"categories":[161],"tags":[],"class_list":["post-347537","post","type-post","status-publish","format-standard","has-post-thumbnail","hentry","category-quadradinho-em-foco"],"acf":[],"_links":{"self":[{"href":"https:\/\/www.notibras.com\/site\/wp-json\/wp\/v2\/posts\/347537","targetHints":{"allow":["GET"]}}],"collection":[{"href":"https:\/\/www.notibras.com\/site\/wp-json\/wp\/v2\/posts"}],"about":[{"href":"https:\/\/www.notibras.com\/site\/wp-json\/wp\/v2\/types\/post"}],"author":[{"embeddable":true,"href":"https:\/\/www.notibras.com\/site\/wp-json\/wp\/v2\/users\/2"}],"replies":[{"embeddable":true,"href":"https:\/\/www.notibras.com\/site\/wp-json\/wp\/v2\/comments?post=347537"}],"version-history":[{"count":1,"href":"https:\/\/www.notibras.com\/site\/wp-json\/wp\/v2\/posts\/347537\/revisions"}],"predecessor-version":[{"id":347539,"href":"https:\/\/www.notibras.com\/site\/wp-json\/wp\/v2\/posts\/347537\/revisions\/347539"}],"wp:featuredmedia":[{"embeddable":true,"href":"https:\/\/www.notibras.com\/site\/wp-json\/wp\/v2\/media\/347538"}],"wp:attachment":[{"href":"https:\/\/www.notibras.com\/site\/wp-json\/wp\/v2\/media?parent=347537"}],"wp:term":[{"taxonomy":"category","embeddable":true,"href":"https:\/\/www.notibras.com\/site\/wp-json\/wp\/v2\/categories?post=347537"},{"taxonomy":"post_tag","embeddable":true,"href":"https:\/\/www.notibras.com\/site\/wp-json\/wp\/v2\/tags?post=347537"}],"curies":[{"name":"wp","href":"https:\/\/api.w.org\/{rel}","templated":true}]}}