{"id":347541,"date":"2025-02-10T05:26:16","date_gmt":"2025-02-10T08:26:16","guid":{"rendered":"https:\/\/www.notibras.com\/site\/?p=347541"},"modified":"2025-02-10T07:30:04","modified_gmt":"2025-02-10T10:30:04","slug":"com-credito-imobiliario-mais-baixo-brb-se-espalha-pelo-brasil-tijolo-por-tijolo","status":"publish","type":"post","link":"https:\/\/www.notibras.com\/site\/com-credito-imobiliario-mais-baixo-brb-se-espalha-pelo-brasil-tijolo-por-tijolo\/","title":{"rendered":"Com cr\u00e9dito imobili\u00e1rio mais baixo, BRB cresce no pa\u00eds tijolo por tijolo"},"content":{"rendered":"<p>Houve \u00e9poca em que os neg\u00f3cios do Banco BRB se restringiam ao eixo Bras\u00edlia-Rio-S\u00e3o Paulo. Mais recentemente, numa dessas viagens que exigiu uma escala t\u00e9cnica em Goi\u00e2nia, observou-se de uma janela a oeste do Sal\u00e3o Nobre do Pal\u00e1cio das Esmeraldas, que havia um fil\u00e3o a ser explorada na regi\u00e3o do Pantanal. E o banco desembarcou por l\u00e1, investindo e atraindo investidores para o Distrito Federal.<\/p>\n<p>Aos poucos, as ra\u00edzes do Banco BRB foram se espalhando. Fincadas no Tocantins, logo as palmas se espalharam e ganharam forma na maioria dos estados nordestinos. Um dos pr\u00f3ximos portos \u00e9 Pernambuco, onde Paulo Henrique Costa, presidente da institui\u00e7\u00e3o, projeta inaugurar uma ag\u00eancia no Recife at\u00e9 meados de junho. Fecha, assim, um leque de sucesso. Como j\u00e1 conta com um ponto no Sul, logo o conglomerado ser\u00e1 conhecido como o banco do Oiapoque ao Chu\u00ed, segundo interpreta\u00e7\u00e3o do mercado financeiro.<\/p>\n<p>Ainda no primeiro mandato de Ibaneis Rocha no Pal\u00e1cio do Buriti, Paulo Henrique Costa, que est\u00e1 \u00e0 frente do Banco BRB desde a posse do governador do Distrito Federal, abriu os jornais numa manh\u00e3 chuvosa e percebeu, entre as manchetes econ\u00f4micas, um padr\u00e3o curioso: bancos privados estavam se retraindo, abandonando regi\u00f5es inteiras, cortando linhas de cr\u00e9dito para pequenos neg\u00f3cios e deixando popula\u00e7\u00f5es inteiras \u00e0 deriva financeira. O espa\u00e7o vazio era vis\u00edvel, mas a quest\u00e3o era como ocup\u00e1-lo de forma inteligente.<\/p>\n<p>Enquanto girava lentamente a x\u00edcara de caf\u00e9, o CEO do BRB refletia sobre os desafios. Um banco p\u00fablico n\u00e3o pode operar como um privado, obcecado por margens de lucro e metas trimestrais. Seu papel vai al\u00e9m: \u00e9 um agente de desenvolvimento. Mas como equilibrar sustentabilidade financeira e impacto social? A resposta parecia \u00f3bvia, mas sua execu\u00e7\u00e3o, complexa.<\/p>\n<p>Primeiro, era necess\u00e1rio mapear os nichos negligenciados. Microempreendedores, agricultores familiares, pequenas ind\u00fastrias regionais, trabalhadores informais&#8230; A economia pulsava nesses espa\u00e7os, mas sem cr\u00e9dito, sem servi\u00e7os banc\u00e1rios acess\u00edveis, tudo emperrava. A solu\u00e7\u00e3o? Criar produtos financeiros personalizados, com taxas justas e prazos adaptados \u00e0 realidade de quem mais precisava.<\/p>\n<p>O segundo passo era tecnologia. Se os grandes bancos estavam fechando ag\u00eancias em cidades pequenas, a digitaliza\u00e7\u00e3o deveria ser uma ponte, n\u00e3o uma barreira. Aplicativos intuitivos, atendimento h\u00edbrido (digital e presencial), parcerias com fintechs e cooperativas poderiam garantir a inclus\u00e3o financeira sem os altos custos de manuten\u00e7\u00e3o de ag\u00eancias f\u00edsicas.<\/p>\n<p>Por fim, havia um desafio menos tang\u00edvel, mas talvez o mais importante: confian\u00e7a. Bancos p\u00fablicos, muitas vezes, carregam o estigma de burocracia e inefici\u00eancia. Era necess\u00e1rio mudar essa percep\u00e7\u00e3o, modernizando processos, reduzindo a papelada e investindo em atendimento humanizado. Um banco p\u00fablico eficiente n\u00e3o precisa ser frio e impessoal como os privados \u2013 poderia ser \u00e1gil, mas pr\u00f3ximo da realidade dos clientes.<\/p>\n<p>O CEO do Banco BRB tomou o \u00faltimo gole do caf\u00e9 e abriu o laptop. Era hora de agir. Afinal, mercados vazios n\u00e3o ficam vazios por muito tempo. Se um banco p\u00fablico n\u00e3o ocupar esse espa\u00e7o com intelig\u00eancia, outros o far\u00e3o \u2013 e nem sempre com as melhores inten\u00e7\u00f5es.<\/p>\n<p>As consequ\u00eancias dessas acertadas decis\u00f5es logo foram sentidas. Oferecendo a melhor taxa de juros do mercado imobili\u00e1rio, o BRB vem crescendo bem alicer\u00e7ado tijolo por tijolo. Os n\u00fameros causam inveja a outras grandes institui\u00e7\u00f5es financeiras. Afinal, como bem lembra Ibaneis Rocha, uma s\u00e9rie de dados demonstram a boa condu\u00e7\u00e3o de Paulo Henrique Costa \u00e0 frente do banco.<\/p>\n<p>Como exemplos, o governador cita aumento do n\u00famero de clientes, que passou de 650 mil para quase 9 milh\u00f5es; presen\u00e7a do BRB em 95% do territ\u00f3rio nacional; crescimento dos ativos totais, de R$ 15 bilh\u00f5es para R$ 60 bilh\u00f5es; aumento da carteira de cr\u00e9dito de R$ 9 bilh\u00f5es para R$ 40 bilh\u00f5es; e repasse de dividendos na ordem de R$ 1 bilh\u00e3o para o Distrito Federal. E tudo isso sem falar do lado social do Banco BRB. Mas isso \u00e9 outra hist\u00f3ria, a ser contada mais pra frente.<\/p>\n<p>&#8230;&#8230;&#8230;&#8230;&#8230;&#8230;&#8230;&#8230;&#8230;&#8230;&#8230;&#8230;&#8230;&#8230;&#8230;&#8230;&#8230;<\/p>\n<p><strong>Jos\u00e9 Seabra \u00e9 diretor da Sucursal Regional Nordeste de Notibras.<\/strong><\/p>\n","protected":false},"excerpt":{"rendered":"<p>Houve \u00e9poca em que os neg\u00f3cios do Banco BRB se restringiam ao eixo Bras\u00edlia-Rio-S\u00e3o Paulo. Mais recentemente, numa dessas viagens que exigiu uma escala t\u00e9cnica em Goi\u00e2nia, observou-se de uma janela a oeste do Sal\u00e3o Nobre do Pal\u00e1cio das Esmeraldas, que havia um fil\u00e3o a ser explorada na regi\u00e3o do Pantanal. E o banco desembarcou [&hellip;]<\/p>\n","protected":false},"author":2,"featured_media":347593,"comment_status":"closed","ping_status":"closed","sticky":false,"template":"","format":"standard","meta":{"_acf_changed":false,"footnotes":""},"categories":[165],"tags":[95],"class_list":["post-347541","post","type-post","status-publish","format-standard","has-post-thumbnail","hentry","category-nordeste","tag-capa"],"acf":[],"yoast_head":"<!-- This site is optimized with the Yoast SEO plugin v27.2 - https:\/\/yoast.com\/product\/yoast-seo-wordpress\/ -->\n<title>Com cr\u00e9dito imobili\u00e1rio mais baixo, BRB cresce no pa\u00eds tijolo por tijolo - Notibras<\/title>\n<meta name=\"robots\" content=\"index, follow, max-snippet:-1, max-image-preview:large, max-video-preview:-1\" \/>\n<link rel=\"canonical\" href=\"https:\/\/www.notibras.com\/site\/com-credito-imobiliario-mais-baixo-brb-se-espalha-pelo-brasil-tijolo-por-tijolo\/\" \/>\n<meta property=\"og:locale\" content=\"pt_BR\" \/>\n<meta property=\"og:type\" content=\"article\" \/>\n<meta property=\"og:title\" content=\"Com cr\u00e9dito imobili\u00e1rio mais baixo, BRB cresce no pa\u00eds tijolo por tijolo - Notibras\" \/>\n<meta property=\"og:description\" content=\"Houve \u00e9poca em que os neg\u00f3cios do Banco BRB se restringiam ao eixo Bras\u00edlia-Rio-S\u00e3o Paulo. Mais recentemente, numa dessas viagens que exigiu uma escala t\u00e9cnica em Goi\u00e2nia, observou-se de uma janela a oeste do Sal\u00e3o Nobre do Pal\u00e1cio das Esmeraldas, que havia um fil\u00e3o a ser explorada na regi\u00e3o do Pantanal. E o banco desembarcou [&hellip;]\" \/>\n<meta property=\"og:url\" content=\"https:\/\/www.notibras.com\/site\/com-credito-imobiliario-mais-baixo-brb-se-espalha-pelo-brasil-tijolo-por-tijolo\/\" \/>\n<meta property=\"og:site_name\" content=\"Notibras\" \/>\n<meta property=\"article:publisher\" content=\"https:\/\/www.facebook.com\/notibras\/\" \/>\n<meta property=\"article:published_time\" content=\"2025-02-10T08:26:16+00:00\" \/>\n<meta property=\"article:modified_time\" content=\"2025-02-10T10:30:04+00:00\" \/>\n<meta property=\"og:image\" content=\"https:\/\/www.notibras.com\/site\/wp-content\/uploads\/2025\/02\/obras_construcao_noreste_mcajr_abr2807221062.webp\" \/>\n\t<meta property=\"og:image:width\" content=\"770\" \/>\n\t<meta property=\"og:image:height\" content=\"513\" \/>\n\t<meta property=\"og:image:type\" content=\"image\/webp\" \/>\n<meta name=\"author\" content=\"Reda\u00e7\u00e3o\" \/>\n<meta name=\"twitter:card\" content=\"summary_large_image\" \/>\n<meta name=\"twitter:creator\" content=\"@Notibras\" \/>\n<meta name=\"twitter:site\" content=\"@Notibras\" \/>\n<meta name=\"twitter:label1\" content=\"Escrito por\" \/>\n\t<meta name=\"twitter:data1\" content=\"Reda\u00e7\u00e3o\" \/>\n\t<meta name=\"twitter:label2\" content=\"Est. tempo de leitura\" \/>\n\t<meta name=\"twitter:data2\" content=\"4 minutos\" \/>\n<script type=\"application\/ld+json\" class=\"yoast-schema-graph\">{\"@context\":\"https:\/\/schema.org\",\"@graph\":[{\"@type\":\"Article\",\"@id\":\"https:\/\/www.notibras.com\/site\/com-credito-imobiliario-mais-baixo-brb-se-espalha-pelo-brasil-tijolo-por-tijolo\/#article\",\"isPartOf\":{\"@id\":\"https:\/\/www.notibras.com\/site\/com-credito-imobiliario-mais-baixo-brb-se-espalha-pelo-brasil-tijolo-por-tijolo\/\"},\"author\":{\"name\":\"Reda\u00e7\u00e3o\",\"@id\":\"https:\/\/www.notibras.com\/site\/#\/schema\/person\/36ab0979449956132d3e5b517ea76ac8\"},\"headline\":\"Com cr\u00e9dito imobili\u00e1rio mais baixo, BRB cresce no pa\u00eds tijolo por tijolo\",\"datePublished\":\"2025-02-10T08:26:16+00:00\",\"dateModified\":\"2025-02-10T10:30:04+00:00\",\"mainEntityOfPage\":{\"@id\":\"https:\/\/www.notibras.com\/site\/com-credito-imobiliario-mais-baixo-brb-se-espalha-pelo-brasil-tijolo-por-tijolo\/\"},\"wordCount\":723,\"publisher\":{\"@id\":\"https:\/\/www.notibras.com\/site\/#organization\"},\"image\":{\"@id\":\"https:\/\/www.notibras.com\/site\/com-credito-imobiliario-mais-baixo-brb-se-espalha-pelo-brasil-tijolo-por-tijolo\/#primaryimage\"},\"thumbnailUrl\":\"https:\/\/www.notibras.com\/site\/wp-content\/uploads\/2025\/02\/obras_construcao_noreste_mcajr_abr2807221062.webp\",\"keywords\":[\"capa\"],\"articleSection\":[\"Nordeste\"],\"inLanguage\":\"pt-BR\"},{\"@type\":\"WebPage\",\"@id\":\"https:\/\/www.notibras.com\/site\/com-credito-imobiliario-mais-baixo-brb-se-espalha-pelo-brasil-tijolo-por-tijolo\/\",\"url\":\"https:\/\/www.notibras.com\/site\/com-credito-imobiliario-mais-baixo-brb-se-espalha-pelo-brasil-tijolo-por-tijolo\/\",\"name\":\"Com cr\u00e9dito imobili\u00e1rio mais baixo, BRB cresce no pa\u00eds tijolo por tijolo - Notibras\",\"isPartOf\":{\"@id\":\"https:\/\/www.notibras.com\/site\/#website\"},\"primaryImageOfPage\":{\"@id\":\"https:\/\/www.notibras.com\/site\/com-credito-imobiliario-mais-baixo-brb-se-espalha-pelo-brasil-tijolo-por-tijolo\/#primaryimage\"},\"image\":{\"@id\":\"https:\/\/www.notibras.com\/site\/com-credito-imobiliario-mais-baixo-brb-se-espalha-pelo-brasil-tijolo-por-tijolo\/#primaryimage\"},\"thumbnailUrl\":\"https:\/\/www.notibras.com\/site\/wp-content\/uploads\/2025\/02\/obras_construcao_noreste_mcajr_abr2807221062.webp\",\"datePublished\":\"2025-02-10T08:26:16+00:00\",\"dateModified\":\"2025-02-10T10:30:04+00:00\",\"breadcrumb\":{\"@id\":\"https:\/\/www.notibras.com\/site\/com-credito-imobiliario-mais-baixo-brb-se-espalha-pelo-brasil-tijolo-por-tijolo\/#breadcrumb\"},\"inLanguage\":\"pt-BR\",\"potentialAction\":[{\"@type\":\"ReadAction\",\"target\":[\"https:\/\/www.notibras.com\/site\/com-credito-imobiliario-mais-baixo-brb-se-espalha-pelo-brasil-tijolo-por-tijolo\/\"]}]},{\"@type\":\"ImageObject\",\"inLanguage\":\"pt-BR\",\"@id\":\"https:\/\/www.notibras.com\/site\/com-credito-imobiliario-mais-baixo-brb-se-espalha-pelo-brasil-tijolo-por-tijolo\/#primaryimage\",\"url\":\"https:\/\/www.notibras.com\/site\/wp-content\/uploads\/2025\/02\/obras_construcao_noreste_mcajr_abr2807221062.webp\",\"contentUrl\":\"https:\/\/www.notibras.com\/site\/wp-content\/uploads\/2025\/02\/obras_construcao_noreste_mcajr_abr2807221062.webp\",\"width\":770,\"height\":513},{\"@type\":\"BreadcrumbList\",\"@id\":\"https:\/\/www.notibras.com\/site\/com-credito-imobiliario-mais-baixo-brb-se-espalha-pelo-brasil-tijolo-por-tijolo\/#breadcrumb\",\"itemListElement\":[{\"@type\":\"ListItem\",\"position\":1,\"name\":\"In\u00edcio\",\"item\":\"https:\/\/www.notibras.com\/site\/\"},{\"@type\":\"ListItem\",\"position\":2,\"name\":\"Com cr\u00e9dito imobili\u00e1rio mais baixo, BRB cresce no pa\u00eds tijolo por tijolo\"}]},{\"@type\":\"WebSite\",\"@id\":\"https:\/\/www.notibras.com\/site\/#website\",\"url\":\"https:\/\/www.notibras.com\/site\/\",\"name\":\"Notibras\",\"description\":\"Not\u00edcias de Bras\u00edlia, do Brasil e do Mundo\",\"publisher\":{\"@id\":\"https:\/\/www.notibras.com\/site\/#organization\"},\"potentialAction\":[{\"@type\":\"SearchAction\",\"target\":{\"@type\":\"EntryPoint\",\"urlTemplate\":\"https:\/\/www.notibras.com\/site\/?s={search_term_string}\"},\"query-input\":{\"@type\":\"PropertyValueSpecification\",\"valueRequired\":true,\"valueName\":\"search_term_string\"}}],\"inLanguage\":\"pt-BR\"},{\"@type\":\"Organization\",\"@id\":\"https:\/\/www.notibras.com\/site\/#organization\",\"name\":\"Grupo Notibras de Comunica\u00e7\u00e3o\",\"url\":\"https:\/\/www.notibras.com\/site\/\",\"logo\":{\"@type\":\"ImageObject\",\"inLanguage\":\"pt-BR\",\"@id\":\"https:\/\/www.notibras.com\/site\/#\/schema\/logo\/image\/\",\"url\":\"https:\/\/www.notibras.com\/site\/wp-content\/uploads\/2023\/01\/notibras23.png\",\"contentUrl\":\"https:\/\/www.notibras.com\/site\/wp-content\/uploads\/2023\/01\/notibras23.png\",\"width\":350,\"height\":87,\"caption\":\"Grupo Notibras de Comunica\u00e7\u00e3o\"},\"image\":{\"@id\":\"https:\/\/www.notibras.com\/site\/#\/schema\/logo\/image\/\"},\"sameAs\":[\"https:\/\/www.facebook.com\/notibras\/\",\"https:\/\/x.com\/Notibras\",\"https:\/\/www.instagram.com\/notibras\/\"]},{\"@type\":\"Person\",\"@id\":\"https:\/\/www.notibras.com\/site\/#\/schema\/person\/36ab0979449956132d3e5b517ea76ac8\",\"name\":\"Reda\u00e7\u00e3o\",\"image\":{\"@type\":\"ImageObject\",\"inLanguage\":\"pt-BR\",\"@id\":\"https:\/\/secure.gravatar.com\/avatar\/e0a867bdedb85fd243eadf09663511f96fc81e0720a4a42581f334ad4303aa6b?s=96&d=mm&r=g\",\"url\":\"https:\/\/secure.gravatar.com\/avatar\/e0a867bdedb85fd243eadf09663511f96fc81e0720a4a42581f334ad4303aa6b?s=96&d=mm&r=g\",\"contentUrl\":\"https:\/\/secure.gravatar.com\/avatar\/e0a867bdedb85fd243eadf09663511f96fc81e0720a4a42581f334ad4303aa6b?s=96&d=mm&r=g\",\"caption\":\"Reda\u00e7\u00e3o\"}}]}<\/script>\n<!-- \/ Yoast SEO plugin. -->","yoast_head_json":{"title":"Com cr\u00e9dito imobili\u00e1rio mais baixo, BRB cresce no pa\u00eds tijolo por tijolo - Notibras","robots":{"index":"index","follow":"follow","max-snippet":"max-snippet:-1","max-image-preview":"max-image-preview:large","max-video-preview":"max-video-preview:-1"},"canonical":"https:\/\/www.notibras.com\/site\/com-credito-imobiliario-mais-baixo-brb-se-espalha-pelo-brasil-tijolo-por-tijolo\/","og_locale":"pt_BR","og_type":"article","og_title":"Com cr\u00e9dito imobili\u00e1rio mais baixo, BRB cresce no pa\u00eds tijolo por tijolo - Notibras","og_description":"Houve \u00e9poca em que os neg\u00f3cios do Banco BRB se restringiam ao eixo Bras\u00edlia-Rio-S\u00e3o Paulo. Mais recentemente, numa dessas viagens que exigiu uma escala t\u00e9cnica em Goi\u00e2nia, observou-se de uma janela a oeste do Sal\u00e3o Nobre do Pal\u00e1cio das Esmeraldas, que havia um fil\u00e3o a ser explorada na regi\u00e3o do Pantanal. E o banco desembarcou [&hellip;]","og_url":"https:\/\/www.notibras.com\/site\/com-credito-imobiliario-mais-baixo-brb-se-espalha-pelo-brasil-tijolo-por-tijolo\/","og_site_name":"Notibras","article_publisher":"https:\/\/www.facebook.com\/notibras\/","article_published_time":"2025-02-10T08:26:16+00:00","article_modified_time":"2025-02-10T10:30:04+00:00","og_image":[{"width":770,"height":513,"url":"https:\/\/www.notibras.com\/site\/wp-content\/uploads\/2025\/02\/obras_construcao_noreste_mcajr_abr2807221062.webp","type":"image\/webp"}],"author":"Reda\u00e7\u00e3o","twitter_card":"summary_large_image","twitter_creator":"@Notibras","twitter_site":"@Notibras","twitter_misc":{"Escrito por":"Reda\u00e7\u00e3o","Est. tempo de leitura":"4 minutos"},"schema":{"@context":"https:\/\/schema.org","@graph":[{"@type":"Article","@id":"https:\/\/www.notibras.com\/site\/com-credito-imobiliario-mais-baixo-brb-se-espalha-pelo-brasil-tijolo-por-tijolo\/#article","isPartOf":{"@id":"https:\/\/www.notibras.com\/site\/com-credito-imobiliario-mais-baixo-brb-se-espalha-pelo-brasil-tijolo-por-tijolo\/"},"author":{"name":"Reda\u00e7\u00e3o","@id":"https:\/\/www.notibras.com\/site\/#\/schema\/person\/36ab0979449956132d3e5b517ea76ac8"},"headline":"Com cr\u00e9dito imobili\u00e1rio mais baixo, BRB cresce no pa\u00eds tijolo por tijolo","datePublished":"2025-02-10T08:26:16+00:00","dateModified":"2025-02-10T10:30:04+00:00","mainEntityOfPage":{"@id":"https:\/\/www.notibras.com\/site\/com-credito-imobiliario-mais-baixo-brb-se-espalha-pelo-brasil-tijolo-por-tijolo\/"},"wordCount":723,"publisher":{"@id":"https:\/\/www.notibras.com\/site\/#organization"},"image":{"@id":"https:\/\/www.notibras.com\/site\/com-credito-imobiliario-mais-baixo-brb-se-espalha-pelo-brasil-tijolo-por-tijolo\/#primaryimage"},"thumbnailUrl":"https:\/\/www.notibras.com\/site\/wp-content\/uploads\/2025\/02\/obras_construcao_noreste_mcajr_abr2807221062.webp","keywords":["capa"],"articleSection":["Nordeste"],"inLanguage":"pt-BR"},{"@type":"WebPage","@id":"https:\/\/www.notibras.com\/site\/com-credito-imobiliario-mais-baixo-brb-se-espalha-pelo-brasil-tijolo-por-tijolo\/","url":"https:\/\/www.notibras.com\/site\/com-credito-imobiliario-mais-baixo-brb-se-espalha-pelo-brasil-tijolo-por-tijolo\/","name":"Com cr\u00e9dito imobili\u00e1rio mais baixo, BRB cresce no pa\u00eds tijolo por tijolo - Notibras","isPartOf":{"@id":"https:\/\/www.notibras.com\/site\/#website"},"primaryImageOfPage":{"@id":"https:\/\/www.notibras.com\/site\/com-credito-imobiliario-mais-baixo-brb-se-espalha-pelo-brasil-tijolo-por-tijolo\/#primaryimage"},"image":{"@id":"https:\/\/www.notibras.com\/site\/com-credito-imobiliario-mais-baixo-brb-se-espalha-pelo-brasil-tijolo-por-tijolo\/#primaryimage"},"thumbnailUrl":"https:\/\/www.notibras.com\/site\/wp-content\/uploads\/2025\/02\/obras_construcao_noreste_mcajr_abr2807221062.webp","datePublished":"2025-02-10T08:26:16+00:00","dateModified":"2025-02-10T10:30:04+00:00","breadcrumb":{"@id":"https:\/\/www.notibras.com\/site\/com-credito-imobiliario-mais-baixo-brb-se-espalha-pelo-brasil-tijolo-por-tijolo\/#breadcrumb"},"inLanguage":"pt-BR","potentialAction":[{"@type":"ReadAction","target":["https:\/\/www.notibras.com\/site\/com-credito-imobiliario-mais-baixo-brb-se-espalha-pelo-brasil-tijolo-por-tijolo\/"]}]},{"@type":"ImageObject","inLanguage":"pt-BR","@id":"https:\/\/www.notibras.com\/site\/com-credito-imobiliario-mais-baixo-brb-se-espalha-pelo-brasil-tijolo-por-tijolo\/#primaryimage","url":"https:\/\/www.notibras.com\/site\/wp-content\/uploads\/2025\/02\/obras_construcao_noreste_mcajr_abr2807221062.webp","contentUrl":"https:\/\/www.notibras.com\/site\/wp-content\/uploads\/2025\/02\/obras_construcao_noreste_mcajr_abr2807221062.webp","width":770,"height":513},{"@type":"BreadcrumbList","@id":"https:\/\/www.notibras.com\/site\/com-credito-imobiliario-mais-baixo-brb-se-espalha-pelo-brasil-tijolo-por-tijolo\/#breadcrumb","itemListElement":[{"@type":"ListItem","position":1,"name":"In\u00edcio","item":"https:\/\/www.notibras.com\/site\/"},{"@type":"ListItem","position":2,"name":"Com cr\u00e9dito imobili\u00e1rio mais baixo, BRB cresce no pa\u00eds tijolo por tijolo"}]},{"@type":"WebSite","@id":"https:\/\/www.notibras.com\/site\/#website","url":"https:\/\/www.notibras.com\/site\/","name":"Notibras","description":"Not\u00edcias de Bras\u00edlia, do Brasil e do Mundo","publisher":{"@id":"https:\/\/www.notibras.com\/site\/#organization"},"potentialAction":[{"@type":"SearchAction","target":{"@type":"EntryPoint","urlTemplate":"https:\/\/www.notibras.com\/site\/?s={search_term_string}"},"query-input":{"@type":"PropertyValueSpecification","valueRequired":true,"valueName":"search_term_string"}}],"inLanguage":"pt-BR"},{"@type":"Organization","@id":"https:\/\/www.notibras.com\/site\/#organization","name":"Grupo Notibras de Comunica\u00e7\u00e3o","url":"https:\/\/www.notibras.com\/site\/","logo":{"@type":"ImageObject","inLanguage":"pt-BR","@id":"https:\/\/www.notibras.com\/site\/#\/schema\/logo\/image\/","url":"https:\/\/www.notibras.com\/site\/wp-content\/uploads\/2023\/01\/notibras23.png","contentUrl":"https:\/\/www.notibras.com\/site\/wp-content\/uploads\/2023\/01\/notibras23.png","width":350,"height":87,"caption":"Grupo Notibras de Comunica\u00e7\u00e3o"},"image":{"@id":"https:\/\/www.notibras.com\/site\/#\/schema\/logo\/image\/"},"sameAs":["https:\/\/www.facebook.com\/notibras\/","https:\/\/x.com\/Notibras","https:\/\/www.instagram.com\/notibras\/"]},{"@type":"Person","@id":"https:\/\/www.notibras.com\/site\/#\/schema\/person\/36ab0979449956132d3e5b517ea76ac8","name":"Reda\u00e7\u00e3o","image":{"@type":"ImageObject","inLanguage":"pt-BR","@id":"https:\/\/secure.gravatar.com\/avatar\/e0a867bdedb85fd243eadf09663511f96fc81e0720a4a42581f334ad4303aa6b?s=96&d=mm&r=g","url":"https:\/\/secure.gravatar.com\/avatar\/e0a867bdedb85fd243eadf09663511f96fc81e0720a4a42581f334ad4303aa6b?s=96&d=mm&r=g","contentUrl":"https:\/\/secure.gravatar.com\/avatar\/e0a867bdedb85fd243eadf09663511f96fc81e0720a4a42581f334ad4303aa6b?s=96&d=mm&r=g","caption":"Reda\u00e7\u00e3o"}}]}},"amp_enabled":true,"_links":{"self":[{"href":"https:\/\/www.notibras.com\/site\/wp-json\/wp\/v2\/posts\/347541","targetHints":{"allow":["GET"]}}],"collection":[{"href":"https:\/\/www.notibras.com\/site\/wp-json\/wp\/v2\/posts"}],"about":[{"href":"https:\/\/www.notibras.com\/site\/wp-json\/wp\/v2\/types\/post"}],"author":[{"embeddable":true,"href":"https:\/\/www.notibras.com\/site\/wp-json\/wp\/v2\/users\/2"}],"replies":[{"embeddable":true,"href":"https:\/\/www.notibras.com\/site\/wp-json\/wp\/v2\/comments?post=347541"}],"version-history":[{"count":6,"href":"https:\/\/www.notibras.com\/site\/wp-json\/wp\/v2\/posts\/347541\/revisions"}],"predecessor-version":[{"id":347552,"href":"https:\/\/www.notibras.com\/site\/wp-json\/wp\/v2\/posts\/347541\/revisions\/347552"}],"wp:featuredmedia":[{"embeddable":true,"href":"https:\/\/www.notibras.com\/site\/wp-json\/wp\/v2\/media\/347593"}],"wp:attachment":[{"href":"https:\/\/www.notibras.com\/site\/wp-json\/wp\/v2\/media?parent=347541"}],"wp:term":[{"taxonomy":"category","embeddable":true,"href":"https:\/\/www.notibras.com\/site\/wp-json\/wp\/v2\/categories?post=347541"},{"taxonomy":"post_tag","embeddable":true,"href":"https:\/\/www.notibras.com\/site\/wp-json\/wp\/v2\/tags?post=347541"}],"curies":[{"name":"wp","href":"https:\/\/api.w.org\/{rel}","templated":true}]}}