{"id":347587,"date":"2025-02-10T00:00:16","date_gmt":"2025-02-10T03:00:16","guid":{"rendered":"https:\/\/www.notibras.com\/site\/?p=347587"},"modified":"2025-02-10T07:06:43","modified_gmt":"2025-02-10T10:06:43","slug":"museu-de-arte-tem-programacao-especial-para-criancas-em-fevereiro","status":"publish","type":"post","link":"https:\/\/www.notibras.com\/site\/museu-de-arte-tem-programacao-especial-para-criancas-em-fevereiro\/","title":{"rendered":"Museu de Arte tem programa\u00e7\u00e3o especial para crian\u00e7as em fevereiro"},"content":{"rendered":"<p>O Museu de Arte de Bras\u00edlia (MAB), por meio de seu Programa Educativo, lan\u00e7ou uma programa\u00e7\u00e3o especial para o m\u00eas de fevereiro, com atividades para crian\u00e7as que v\u00e3o de oficinas de fotografia a bailinho de carnaval. As a\u00e7\u00f5es, que ocorrem nos fins de semana, s\u00e3o gratuitas.<\/p>\n<p>\u201cAqui no MAB, a nossa programa\u00e7\u00e3o est\u00e1 sempre conversando com acervo e tamb\u00e9m com as exposi\u00e7\u00f5es tempor\u00e1rias. De fevereiro a maio a gente est\u00e1 recebendo a Bras\u00edlia Photo Show, que \u00e9 uma exposi\u00e7\u00e3o incr\u00edvel, cheia de conte\u00fado interessante, e a gente faz a programa\u00e7\u00e3o tanto para as escolas quanto para p\u00fablico espont\u00e2neo no fim de semana. As escolas realizam oficinas durante as visitas que eles fazem aqui no museu e, para o p\u00fablico espont\u00e2neo, n\u00f3s temos atividades como a conta\u00e7\u00e3o de hist\u00f3rias, que \u00e9 para crian\u00e7as mais jovens. Durante a tarde [\u00e0s 14h30], a gente tem as visitas mediadas ao acervo, tem visitas bil\u00edngues em ingl\u00eas, e a gente tamb\u00e9m tem as oficinas como c\u00e2mara escura e oficina de colagem\u201d, explicou a coordenadora pedag\u00f3gica do MAB Educativo, Isabela Formiga.<\/p>\n<p>Ela ainda refor\u00e7ou a import\u00e2ncia do aporte do FAC para a execu\u00e7\u00e3o do projeto. \u201cO apoio do FAC \u00e9 important\u00edssimo, sem ele a gente n\u00e3o conseguiria estar aqui fazendo esse projeto t\u00e3o bonito. As oficinas exigem uma demanda de verba para que a gente possa comprar esses materiais, executar o treinamento dos mediadores. \u00c9 muito importante\u201d, disse Isabela, acrescentando o convite: \u201cA gente convida todo mundo a vir\u201d.<\/p>\n<p>Na manh\u00e3 deste domingo (9), pais e crian\u00e7as acompanharam uma apresenta\u00e7\u00e3o de teatro de luz e sombra. \u201cA gente tem um contato muito grande com a arte, eu gosto muito de arte, essa \u00e9 minha \u00e1rea de estudo, de pesquisa, e na escola ela est\u00e1 vendo sombras e luz agora nesse in\u00edcio de ano. A\u00ed a gente achou que seria uma oportunidade de juntar as duas coisas: a arte, que \u00e9 uma coisa muito importante para a nossa fam\u00edlia, e o que ela est\u00e1 estudando na escola\u201d, contou a psic\u00f3loga Aline Farias, que levou a filha, Cora Linda, de 5 anos, para a apresenta\u00e7\u00e3o. \u201cConcretiza o que ela est\u00e1 aprendendo, traz de uma forma pr\u00e1tica para ela introjetar isso no conhecimento e n\u00e3o esquecer mais\u201d, emendou o pai, o servidor p\u00fablico Saulo Pereira.<\/p>\n<p>J\u00e1 Ana Claudia Reis avaliou que \u201cqualquer est\u00edmulo \u00e0 sensibilidade art\u00edstica \u00e9 uma possibilidade de linguagem\u201d para a filha, Mariana Reis, 3. \u201cHoje com tanta imagem de celular, eu acho que \u00e9 uma alternativa para vivenciar no corpo a arte.\u201d A terapeuta ocupacional tamb\u00e9m exaltou as novas instala\u00e7\u00f5es do MAB: \u201cH\u00e1 muito tempo que eu n\u00e3o vinha, n\u00e3o tinha vindo ainda depois que ele reformou e fiquei super feliz de estar deste tamanho. Estou impressionada com o acervo e estou feliz demais\u201d.<\/p>\n<p>Ap\u00f3s ter ficado fechado por 14 anos, o MAB foi reaberto no anivers\u00e1rio de Bras\u00edlia em 2021. Localizado no Setor de Hot\u00e9is e Turismo Norte, entre a Concha Ac\u00fastica e o Pal\u00e1cio da Alvorada, o espa\u00e7o foi reformado por este Governo do Distrito Federal (GDF), que investiu R$ 9 milh\u00f5es para recuperar e modernizar o equipamento p\u00fablico. Em 2024, o governo tamb\u00e9m incrementou a \u00e1rea ao redor do MAB, com a constru\u00e7\u00e3o de novas cal\u00e7adas, estacionamentos, paisagismo e uma pra\u00e7a, com investimento de R$ 8 milh\u00f5es.<\/p>\n","protected":false},"excerpt":{"rendered":"<p>O Museu de Arte de Bras\u00edlia (MAB), por meio de seu Programa Educativo, lan\u00e7ou uma programa\u00e7\u00e3o especial para o m\u00eas de fevereiro, com atividades para crian\u00e7as que v\u00e3o de oficinas de fotografia a bailinho de carnaval. As a\u00e7\u00f5es, que ocorrem nos fins de semana, s\u00e3o gratuitas. \u201cAqui no MAB, a nossa programa\u00e7\u00e3o est\u00e1 sempre conversando [&hellip;]<\/p>\n","protected":false},"author":2,"featured_media":347588,"comment_status":"closed","ping_status":"closed","sticky":false,"template":"","format":"standard","meta":{"_acf_changed":false,"footnotes":""},"categories":[161],"tags":[],"class_list":["post-347587","post","type-post","status-publish","format-standard","has-post-thumbnail","hentry","category-quadradinho-em-foco"],"acf":[],"_links":{"self":[{"href":"https:\/\/www.notibras.com\/site\/wp-json\/wp\/v2\/posts\/347587","targetHints":{"allow":["GET"]}}],"collection":[{"href":"https:\/\/www.notibras.com\/site\/wp-json\/wp\/v2\/posts"}],"about":[{"href":"https:\/\/www.notibras.com\/site\/wp-json\/wp\/v2\/types\/post"}],"author":[{"embeddable":true,"href":"https:\/\/www.notibras.com\/site\/wp-json\/wp\/v2\/users\/2"}],"replies":[{"embeddable":true,"href":"https:\/\/www.notibras.com\/site\/wp-json\/wp\/v2\/comments?post=347587"}],"version-history":[{"count":1,"href":"https:\/\/www.notibras.com\/site\/wp-json\/wp\/v2\/posts\/347587\/revisions"}],"predecessor-version":[{"id":347589,"href":"https:\/\/www.notibras.com\/site\/wp-json\/wp\/v2\/posts\/347587\/revisions\/347589"}],"wp:featuredmedia":[{"embeddable":true,"href":"https:\/\/www.notibras.com\/site\/wp-json\/wp\/v2\/media\/347588"}],"wp:attachment":[{"href":"https:\/\/www.notibras.com\/site\/wp-json\/wp\/v2\/media?parent=347587"}],"wp:term":[{"taxonomy":"category","embeddable":true,"href":"https:\/\/www.notibras.com\/site\/wp-json\/wp\/v2\/categories?post=347587"},{"taxonomy":"post_tag","embeddable":true,"href":"https:\/\/www.notibras.com\/site\/wp-json\/wp\/v2\/tags?post=347587"}],"curies":[{"name":"wp","href":"https:\/\/api.w.org\/{rel}","templated":true}]}}