{"id":347594,"date":"2025-02-10T00:39:58","date_gmt":"2025-02-10T03:39:58","guid":{"rendered":"https:\/\/www.notibras.com\/site\/?p=347594"},"modified":"2025-02-10T07:42:22","modified_gmt":"2025-02-10T10:42:22","slug":"familias-nordestinas-estao-segurando-mais-os-gastos","status":"publish","type":"post","link":"https:\/\/www.notibras.com\/site\/familias-nordestinas-estao-segurando-mais-os-gastos\/","title":{"rendered":"Fam\u00edlias nordestinas est\u00e3o segurando mais os gastos"},"content":{"rendered":"<p>Uma pesquisa conduzida a pedido da Confedera\u00e7\u00e3o Nacional do Com\u00e9rcio de Bens, Servi\u00e7os e Turismo (CNC) percebeu melhoria no total de fam\u00edlias endividadas no pa\u00eds, com diminui\u00e7\u00e3o para 76,1% em janeiro. O resultado representa uma queda de 0,6 ponto percentual em rela\u00e7\u00e3o a dezembro e de 2 pontos percentuais no comparativo com o mesmo per\u00edodo em 2024.<\/p>\n<p>No Nordeste, por\u00e9m, esse quadro destoa. \u00c9 onde est\u00e3o as fam\u00edlias mais vulner\u00e1veis, que recebem at\u00e9 3 sal\u00e1rios m\u00ednimos, representando o \u00fanico grupo pesquisado que teve aumento em suas d\u00edvidas,cujo percentual de endividamento aumentou, na compara\u00e7\u00e3o com janeiro de 2024 (79,2%) e 18,4% n\u00e3o ter\u00e3o como quitar suas d\u00edvidas. O estudo tamb\u00e9m percebeu que um quinto de todas as fam\u00edlias com d\u00edvidas tem mais da metade de sua renda comprometida.<\/p>\n<p>Uma das brasileiras que conseguiu sair da situa\u00e7\u00e3o de endividamento foi a professora Danieli Silveira. Para isso, ela diminuiu bastante os gastos, evitou parcelas e buscou fazer compras somente \u00e0 vista. &#8220;\u00c9 assim que estou me policiando e conscientizando que o consumo saud\u00e1vel \u00e9 a melhor sa\u00edda&#8221;, explica a docente. Ela se percebe, hoje, como algu\u00e9m que tem suas d\u00edvidas controladas, e \u00e9 certeira ao afirmar: &#8220;N\u00e3o quero passar por isso novamente&#8221;.<\/p>\n<p>O que ocasionou a situa\u00e7\u00e3o do tipo &#8220;bola de neve&#8221; foi o desemprego da professora. \u201cO primeiro vil\u00e3o foi o cheque especial. Como n\u00e3o tive renda, ele estruturou o pagamento das contas. Quando voltei a ter renda, o rombo negativo nunca dava pra cobrir. Ent\u00e3o vieram os cart\u00f5es de cr\u00e9dito para poder suprir o consumo das necessidades b\u00e1sicas. Um cart\u00e3o pra pagar outro&#8221;, contou \u00e0 Ag\u00eancia Brasil.<\/p>\n<p>O cart\u00e3o de cr\u00e9dito continua sendo a principal modalidade de cr\u00e9dito utilizada pelos consumidores, atingindo 83,9% do total de devedores, valor 3% menor do que o auferido no come\u00e7o de janeiro. O t\u00e9cnico em log\u00edstica Cesar (nome fict\u00edcio) \u00e9 parte destes endividados, e um dos que n\u00e3o conseguir\u00e1 pagar suas d\u00edvidas. A fam\u00edlia teve as contas comprometidas ap\u00f3s o afastamento de sua companheira do trabalho para tratamento de um c\u00e2ncer desde o final de 2023. Ela parou de trabalhar como enfermeira no turno da noite, quando recebia um adicional.<\/p>\n<p>Eles j\u00e1 tinham financiamento imobili\u00e1rio e empr\u00e9stimos, mas come\u00e7aram a acumular d\u00edvidas no cart\u00e3o de cr\u00e9dito, que foram aumentando. Cesar recorreu ao Procon paulista para negociar os juros, e deve conseguir condi\u00e7\u00f5es melhores de pagamento j\u00e1 nas pr\u00f3ximas semanas. &#8220;Vou ser sincero, estou mais preocupado com a sa\u00fade mental da minha esposa e da fam\u00edlia em geral&#8221;, conta o t\u00e9cnico, que espera reorganizar as finan\u00e7as ap\u00f3s a renegocia\u00e7\u00e3o.<\/p>\n<p><strong>Pesquisa <\/strong><br \/>\nA Pesquisa de Endividamento e Inadimpl\u00eancia do Consumidor (Peic), tamb\u00e9m apurou se as pessoas conseguir\u00e3o pagar suas d\u00edvidas. Em janeiro deste ano 29,1% das fam\u00edlias t\u00eam d\u00edvidas em atraso e 12,7% n\u00e3o conseguir\u00e3o pag\u00e1-las. Em dezembro eram 29,3% e 13%, respectivamente, e em janeiro de 2024 eram 28,3% e 12%. Foi o primeiro recuo na inadimpl\u00eancia desde julho de 2024.<\/p>\n<p>As d\u00edvidas comprometem, em m\u00e9dia, 30% da renda das fam\u00edlias ouvidas. Segundo o estudo este dado \u00e9 subjetivo, o que indica que as pessoas podem estar menos propensas a realizar gastos,com perspectivas mais conservadoras para o consumo.<\/p>\n<p>Mesmo com o resultado positivo dos \u00edndices de endividamento e inadimpl\u00eancia a CNC estima que o endividamento das fam\u00edlias voltar\u00e1 a crescer durante este ano. Segundo o estudo os percentuais devem come\u00e7ar a subir a partir de mar\u00e7o, fechando o ano com 77,5% das fam\u00edlias brasileiras endividadas e 29,8% inadimplentes.<\/p>\n","protected":false},"excerpt":{"rendered":"<p>Uma pesquisa conduzida a pedido da Confedera\u00e7\u00e3o Nacional do Com\u00e9rcio de Bens, Servi\u00e7os e Turismo (CNC) percebeu melhoria no total de fam\u00edlias endividadas no pa\u00eds, com diminui\u00e7\u00e3o para 76,1% em janeiro. O resultado representa uma queda de 0,6 ponto percentual em rela\u00e7\u00e3o a dezembro e de 2 pontos percentuais no comparativo com o mesmo per\u00edodo [&hellip;]<\/p>\n","protected":false},"author":2,"featured_media":347595,"comment_status":"closed","ping_status":"closed","sticky":false,"template":"","format":"standard","meta":{"_acf_changed":false,"footnotes":""},"categories":[165],"tags":[],"class_list":["post-347594","post","type-post","status-publish","format-standard","has-post-thumbnail","hentry","category-nordeste"],"acf":[],"yoast_head":"<!-- This site is optimized with the Yoast SEO plugin v27.2 - https:\/\/yoast.com\/product\/yoast-seo-wordpress\/ -->\n<title>Fam\u00edlias nordestinas est\u00e3o segurando mais os gastos - Notibras<\/title>\n<meta name=\"robots\" content=\"index, follow, max-snippet:-1, max-image-preview:large, max-video-preview:-1\" \/>\n<link rel=\"canonical\" href=\"https:\/\/www.notibras.com\/site\/familias-nordestinas-estao-segurando-mais-os-gastos\/\" \/>\n<meta property=\"og:locale\" content=\"pt_BR\" \/>\n<meta property=\"og:type\" content=\"article\" \/>\n<meta property=\"og:title\" content=\"Fam\u00edlias nordestinas est\u00e3o segurando mais os gastos - Notibras\" \/>\n<meta property=\"og:description\" content=\"Uma pesquisa conduzida a pedido da Confedera\u00e7\u00e3o Nacional do Com\u00e9rcio de Bens, Servi\u00e7os e Turismo (CNC) percebeu melhoria no total de fam\u00edlias endividadas no pa\u00eds, com diminui\u00e7\u00e3o para 76,1% em janeiro. O resultado representa uma queda de 0,6 ponto percentual em rela\u00e7\u00e3o a dezembro e de 2 pontos percentuais no comparativo com o mesmo per\u00edodo [&hellip;]\" \/>\n<meta property=\"og:url\" content=\"https:\/\/www.notibras.com\/site\/familias-nordestinas-estao-segurando-mais-os-gastos\/\" \/>\n<meta property=\"og:site_name\" content=\"Notibras\" \/>\n<meta property=\"article:publisher\" content=\"https:\/\/www.facebook.com\/notibras\/\" \/>\n<meta property=\"article:published_time\" content=\"2025-02-10T03:39:58+00:00\" \/>\n<meta property=\"article:modified_time\" content=\"2025-02-10T10:42:22+00:00\" \/>\n<meta property=\"og:image\" content=\"https:\/\/www.notibras.com\/site\/wp-content\/uploads\/2025\/02\/familias.gastos.webp\" \/>\n\t<meta property=\"og:image:width\" content=\"1170\" \/>\n\t<meta property=\"og:image:height\" content=\"700\" \/>\n\t<meta property=\"og:image:type\" content=\"image\/webp\" \/>\n<meta name=\"author\" content=\"Reda\u00e7\u00e3o\" \/>\n<meta name=\"twitter:card\" content=\"summary_large_image\" \/>\n<meta name=\"twitter:creator\" content=\"@Notibras\" \/>\n<meta name=\"twitter:site\" content=\"@Notibras\" \/>\n<meta name=\"twitter:label1\" content=\"Escrito por\" \/>\n\t<meta name=\"twitter:data1\" content=\"Reda\u00e7\u00e3o\" \/>\n\t<meta name=\"twitter:label2\" content=\"Est. tempo de leitura\" \/>\n\t<meta name=\"twitter:data2\" content=\"4 minutos\" \/>\n<script type=\"application\/ld+json\" class=\"yoast-schema-graph\">{\"@context\":\"https:\/\/schema.org\",\"@graph\":[{\"@type\":\"Article\",\"@id\":\"https:\/\/www.notibras.com\/site\/familias-nordestinas-estao-segurando-mais-os-gastos\/#article\",\"isPartOf\":{\"@id\":\"https:\/\/www.notibras.com\/site\/familias-nordestinas-estao-segurando-mais-os-gastos\/\"},\"author\":{\"name\":\"Reda\u00e7\u00e3o\",\"@id\":\"https:\/\/www.notibras.com\/site\/#\/schema\/person\/36ab0979449956132d3e5b517ea76ac8\"},\"headline\":\"Fam\u00edlias nordestinas est\u00e3o segurando mais os gastos\",\"datePublished\":\"2025-02-10T03:39:58+00:00\",\"dateModified\":\"2025-02-10T10:42:22+00:00\",\"mainEntityOfPage\":{\"@id\":\"https:\/\/www.notibras.com\/site\/familias-nordestinas-estao-segurando-mais-os-gastos\/\"},\"wordCount\":634,\"publisher\":{\"@id\":\"https:\/\/www.notibras.com\/site\/#organization\"},\"image\":{\"@id\":\"https:\/\/www.notibras.com\/site\/familias-nordestinas-estao-segurando-mais-os-gastos\/#primaryimage\"},\"thumbnailUrl\":\"https:\/\/www.notibras.com\/site\/wp-content\/uploads\/2025\/02\/familias.gastos.webp\",\"articleSection\":[\"Nordeste\"],\"inLanguage\":\"pt-BR\"},{\"@type\":\"WebPage\",\"@id\":\"https:\/\/www.notibras.com\/site\/familias-nordestinas-estao-segurando-mais-os-gastos\/\",\"url\":\"https:\/\/www.notibras.com\/site\/familias-nordestinas-estao-segurando-mais-os-gastos\/\",\"name\":\"Fam\u00edlias nordestinas est\u00e3o segurando mais os gastos - Notibras\",\"isPartOf\":{\"@id\":\"https:\/\/www.notibras.com\/site\/#website\"},\"primaryImageOfPage\":{\"@id\":\"https:\/\/www.notibras.com\/site\/familias-nordestinas-estao-segurando-mais-os-gastos\/#primaryimage\"},\"image\":{\"@id\":\"https:\/\/www.notibras.com\/site\/familias-nordestinas-estao-segurando-mais-os-gastos\/#primaryimage\"},\"thumbnailUrl\":\"https:\/\/www.notibras.com\/site\/wp-content\/uploads\/2025\/02\/familias.gastos.webp\",\"datePublished\":\"2025-02-10T03:39:58+00:00\",\"dateModified\":\"2025-02-10T10:42:22+00:00\",\"breadcrumb\":{\"@id\":\"https:\/\/www.notibras.com\/site\/familias-nordestinas-estao-segurando-mais-os-gastos\/#breadcrumb\"},\"inLanguage\":\"pt-BR\",\"potentialAction\":[{\"@type\":\"ReadAction\",\"target\":[\"https:\/\/www.notibras.com\/site\/familias-nordestinas-estao-segurando-mais-os-gastos\/\"]}]},{\"@type\":\"ImageObject\",\"inLanguage\":\"pt-BR\",\"@id\":\"https:\/\/www.notibras.com\/site\/familias-nordestinas-estao-segurando-mais-os-gastos\/#primaryimage\",\"url\":\"https:\/\/www.notibras.com\/site\/wp-content\/uploads\/2025\/02\/familias.gastos.webp\",\"contentUrl\":\"https:\/\/www.notibras.com\/site\/wp-content\/uploads\/2025\/02\/familias.gastos.webp\",\"width\":1170,\"height\":700},{\"@type\":\"BreadcrumbList\",\"@id\":\"https:\/\/www.notibras.com\/site\/familias-nordestinas-estao-segurando-mais-os-gastos\/#breadcrumb\",\"itemListElement\":[{\"@type\":\"ListItem\",\"position\":1,\"name\":\"In\u00edcio\",\"item\":\"https:\/\/www.notibras.com\/site\/\"},{\"@type\":\"ListItem\",\"position\":2,\"name\":\"Fam\u00edlias nordestinas est\u00e3o segurando mais os gastos\"}]},{\"@type\":\"WebSite\",\"@id\":\"https:\/\/www.notibras.com\/site\/#website\",\"url\":\"https:\/\/www.notibras.com\/site\/\",\"name\":\"Notibras\",\"description\":\"Not\u00edcias de Bras\u00edlia, do Brasil e do Mundo\",\"publisher\":{\"@id\":\"https:\/\/www.notibras.com\/site\/#organization\"},\"potentialAction\":[{\"@type\":\"SearchAction\",\"target\":{\"@type\":\"EntryPoint\",\"urlTemplate\":\"https:\/\/www.notibras.com\/site\/?s={search_term_string}\"},\"query-input\":{\"@type\":\"PropertyValueSpecification\",\"valueRequired\":true,\"valueName\":\"search_term_string\"}}],\"inLanguage\":\"pt-BR\"},{\"@type\":\"Organization\",\"@id\":\"https:\/\/www.notibras.com\/site\/#organization\",\"name\":\"Grupo Notibras de Comunica\u00e7\u00e3o\",\"url\":\"https:\/\/www.notibras.com\/site\/\",\"logo\":{\"@type\":\"ImageObject\",\"inLanguage\":\"pt-BR\",\"@id\":\"https:\/\/www.notibras.com\/site\/#\/schema\/logo\/image\/\",\"url\":\"https:\/\/www.notibras.com\/site\/wp-content\/uploads\/2023\/01\/notibras23.png\",\"contentUrl\":\"https:\/\/www.notibras.com\/site\/wp-content\/uploads\/2023\/01\/notibras23.png\",\"width\":350,\"height\":87,\"caption\":\"Grupo Notibras de Comunica\u00e7\u00e3o\"},\"image\":{\"@id\":\"https:\/\/www.notibras.com\/site\/#\/schema\/logo\/image\/\"},\"sameAs\":[\"https:\/\/www.facebook.com\/notibras\/\",\"https:\/\/x.com\/Notibras\",\"https:\/\/www.instagram.com\/notibras\/\"]},{\"@type\":\"Person\",\"@id\":\"https:\/\/www.notibras.com\/site\/#\/schema\/person\/36ab0979449956132d3e5b517ea76ac8\",\"name\":\"Reda\u00e7\u00e3o\",\"image\":{\"@type\":\"ImageObject\",\"inLanguage\":\"pt-BR\",\"@id\":\"https:\/\/secure.gravatar.com\/avatar\/e0a867bdedb85fd243eadf09663511f96fc81e0720a4a42581f334ad4303aa6b?s=96&d=mm&r=g\",\"url\":\"https:\/\/secure.gravatar.com\/avatar\/e0a867bdedb85fd243eadf09663511f96fc81e0720a4a42581f334ad4303aa6b?s=96&d=mm&r=g\",\"contentUrl\":\"https:\/\/secure.gravatar.com\/avatar\/e0a867bdedb85fd243eadf09663511f96fc81e0720a4a42581f334ad4303aa6b?s=96&d=mm&r=g\",\"caption\":\"Reda\u00e7\u00e3o\"}}]}<\/script>\n<!-- \/ Yoast SEO plugin. -->","yoast_head_json":{"title":"Fam\u00edlias nordestinas est\u00e3o segurando mais os gastos - Notibras","robots":{"index":"index","follow":"follow","max-snippet":"max-snippet:-1","max-image-preview":"max-image-preview:large","max-video-preview":"max-video-preview:-1"},"canonical":"https:\/\/www.notibras.com\/site\/familias-nordestinas-estao-segurando-mais-os-gastos\/","og_locale":"pt_BR","og_type":"article","og_title":"Fam\u00edlias nordestinas est\u00e3o segurando mais os gastos - Notibras","og_description":"Uma pesquisa conduzida a pedido da Confedera\u00e7\u00e3o Nacional do Com\u00e9rcio de Bens, Servi\u00e7os e Turismo (CNC) percebeu melhoria no total de fam\u00edlias endividadas no pa\u00eds, com diminui\u00e7\u00e3o para 76,1% em janeiro. O resultado representa uma queda de 0,6 ponto percentual em rela\u00e7\u00e3o a dezembro e de 2 pontos percentuais no comparativo com o mesmo per\u00edodo [&hellip;]","og_url":"https:\/\/www.notibras.com\/site\/familias-nordestinas-estao-segurando-mais-os-gastos\/","og_site_name":"Notibras","article_publisher":"https:\/\/www.facebook.com\/notibras\/","article_published_time":"2025-02-10T03:39:58+00:00","article_modified_time":"2025-02-10T10:42:22+00:00","og_image":[{"width":1170,"height":700,"url":"https:\/\/www.notibras.com\/site\/wp-content\/uploads\/2025\/02\/familias.gastos.webp","type":"image\/webp"}],"author":"Reda\u00e7\u00e3o","twitter_card":"summary_large_image","twitter_creator":"@Notibras","twitter_site":"@Notibras","twitter_misc":{"Escrito por":"Reda\u00e7\u00e3o","Est. tempo de leitura":"4 minutos"},"schema":{"@context":"https:\/\/schema.org","@graph":[{"@type":"Article","@id":"https:\/\/www.notibras.com\/site\/familias-nordestinas-estao-segurando-mais-os-gastos\/#article","isPartOf":{"@id":"https:\/\/www.notibras.com\/site\/familias-nordestinas-estao-segurando-mais-os-gastos\/"},"author":{"name":"Reda\u00e7\u00e3o","@id":"https:\/\/www.notibras.com\/site\/#\/schema\/person\/36ab0979449956132d3e5b517ea76ac8"},"headline":"Fam\u00edlias nordestinas est\u00e3o segurando mais os gastos","datePublished":"2025-02-10T03:39:58+00:00","dateModified":"2025-02-10T10:42:22+00:00","mainEntityOfPage":{"@id":"https:\/\/www.notibras.com\/site\/familias-nordestinas-estao-segurando-mais-os-gastos\/"},"wordCount":634,"publisher":{"@id":"https:\/\/www.notibras.com\/site\/#organization"},"image":{"@id":"https:\/\/www.notibras.com\/site\/familias-nordestinas-estao-segurando-mais-os-gastos\/#primaryimage"},"thumbnailUrl":"https:\/\/www.notibras.com\/site\/wp-content\/uploads\/2025\/02\/familias.gastos.webp","articleSection":["Nordeste"],"inLanguage":"pt-BR"},{"@type":"WebPage","@id":"https:\/\/www.notibras.com\/site\/familias-nordestinas-estao-segurando-mais-os-gastos\/","url":"https:\/\/www.notibras.com\/site\/familias-nordestinas-estao-segurando-mais-os-gastos\/","name":"Fam\u00edlias nordestinas est\u00e3o segurando mais os gastos - Notibras","isPartOf":{"@id":"https:\/\/www.notibras.com\/site\/#website"},"primaryImageOfPage":{"@id":"https:\/\/www.notibras.com\/site\/familias-nordestinas-estao-segurando-mais-os-gastos\/#primaryimage"},"image":{"@id":"https:\/\/www.notibras.com\/site\/familias-nordestinas-estao-segurando-mais-os-gastos\/#primaryimage"},"thumbnailUrl":"https:\/\/www.notibras.com\/site\/wp-content\/uploads\/2025\/02\/familias.gastos.webp","datePublished":"2025-02-10T03:39:58+00:00","dateModified":"2025-02-10T10:42:22+00:00","breadcrumb":{"@id":"https:\/\/www.notibras.com\/site\/familias-nordestinas-estao-segurando-mais-os-gastos\/#breadcrumb"},"inLanguage":"pt-BR","potentialAction":[{"@type":"ReadAction","target":["https:\/\/www.notibras.com\/site\/familias-nordestinas-estao-segurando-mais-os-gastos\/"]}]},{"@type":"ImageObject","inLanguage":"pt-BR","@id":"https:\/\/www.notibras.com\/site\/familias-nordestinas-estao-segurando-mais-os-gastos\/#primaryimage","url":"https:\/\/www.notibras.com\/site\/wp-content\/uploads\/2025\/02\/familias.gastos.webp","contentUrl":"https:\/\/www.notibras.com\/site\/wp-content\/uploads\/2025\/02\/familias.gastos.webp","width":1170,"height":700},{"@type":"BreadcrumbList","@id":"https:\/\/www.notibras.com\/site\/familias-nordestinas-estao-segurando-mais-os-gastos\/#breadcrumb","itemListElement":[{"@type":"ListItem","position":1,"name":"In\u00edcio","item":"https:\/\/www.notibras.com\/site\/"},{"@type":"ListItem","position":2,"name":"Fam\u00edlias nordestinas est\u00e3o segurando mais os gastos"}]},{"@type":"WebSite","@id":"https:\/\/www.notibras.com\/site\/#website","url":"https:\/\/www.notibras.com\/site\/","name":"Notibras","description":"Not\u00edcias de Bras\u00edlia, do Brasil e do Mundo","publisher":{"@id":"https:\/\/www.notibras.com\/site\/#organization"},"potentialAction":[{"@type":"SearchAction","target":{"@type":"EntryPoint","urlTemplate":"https:\/\/www.notibras.com\/site\/?s={search_term_string}"},"query-input":{"@type":"PropertyValueSpecification","valueRequired":true,"valueName":"search_term_string"}}],"inLanguage":"pt-BR"},{"@type":"Organization","@id":"https:\/\/www.notibras.com\/site\/#organization","name":"Grupo Notibras de Comunica\u00e7\u00e3o","url":"https:\/\/www.notibras.com\/site\/","logo":{"@type":"ImageObject","inLanguage":"pt-BR","@id":"https:\/\/www.notibras.com\/site\/#\/schema\/logo\/image\/","url":"https:\/\/www.notibras.com\/site\/wp-content\/uploads\/2023\/01\/notibras23.png","contentUrl":"https:\/\/www.notibras.com\/site\/wp-content\/uploads\/2023\/01\/notibras23.png","width":350,"height":87,"caption":"Grupo Notibras de Comunica\u00e7\u00e3o"},"image":{"@id":"https:\/\/www.notibras.com\/site\/#\/schema\/logo\/image\/"},"sameAs":["https:\/\/www.facebook.com\/notibras\/","https:\/\/x.com\/Notibras","https:\/\/www.instagram.com\/notibras\/"]},{"@type":"Person","@id":"https:\/\/www.notibras.com\/site\/#\/schema\/person\/36ab0979449956132d3e5b517ea76ac8","name":"Reda\u00e7\u00e3o","image":{"@type":"ImageObject","inLanguage":"pt-BR","@id":"https:\/\/secure.gravatar.com\/avatar\/e0a867bdedb85fd243eadf09663511f96fc81e0720a4a42581f334ad4303aa6b?s=96&d=mm&r=g","url":"https:\/\/secure.gravatar.com\/avatar\/e0a867bdedb85fd243eadf09663511f96fc81e0720a4a42581f334ad4303aa6b?s=96&d=mm&r=g","contentUrl":"https:\/\/secure.gravatar.com\/avatar\/e0a867bdedb85fd243eadf09663511f96fc81e0720a4a42581f334ad4303aa6b?s=96&d=mm&r=g","caption":"Reda\u00e7\u00e3o"}}]}},"amp_enabled":true,"_links":{"self":[{"href":"https:\/\/www.notibras.com\/site\/wp-json\/wp\/v2\/posts\/347594","targetHints":{"allow":["GET"]}}],"collection":[{"href":"https:\/\/www.notibras.com\/site\/wp-json\/wp\/v2\/posts"}],"about":[{"href":"https:\/\/www.notibras.com\/site\/wp-json\/wp\/v2\/types\/post"}],"author":[{"embeddable":true,"href":"https:\/\/www.notibras.com\/site\/wp-json\/wp\/v2\/users\/2"}],"replies":[{"embeddable":true,"href":"https:\/\/www.notibras.com\/site\/wp-json\/wp\/v2\/comments?post=347594"}],"version-history":[{"count":2,"href":"https:\/\/www.notibras.com\/site\/wp-json\/wp\/v2\/posts\/347594\/revisions"}],"predecessor-version":[{"id":347597,"href":"https:\/\/www.notibras.com\/site\/wp-json\/wp\/v2\/posts\/347594\/revisions\/347597"}],"wp:featuredmedia":[{"embeddable":true,"href":"https:\/\/www.notibras.com\/site\/wp-json\/wp\/v2\/media\/347595"}],"wp:attachment":[{"href":"https:\/\/www.notibras.com\/site\/wp-json\/wp\/v2\/media?parent=347594"}],"wp:term":[{"taxonomy":"category","embeddable":true,"href":"https:\/\/www.notibras.com\/site\/wp-json\/wp\/v2\/categories?post=347594"},{"taxonomy":"post_tag","embeddable":true,"href":"https:\/\/www.notibras.com\/site\/wp-json\/wp\/v2\/tags?post=347594"}],"curies":[{"name":"wp","href":"https:\/\/api.w.org\/{rel}","templated":true}]}}