{"id":347601,"date":"2025-02-10T00:07:34","date_gmt":"2025-02-10T03:07:34","guid":{"rendered":"https:\/\/www.notibras.com\/site\/?p=347601"},"modified":"2025-02-10T08:10:49","modified_gmt":"2025-02-10T11:10:49","slug":"entre-muros-e-sussurros-de-lindjane-pereira-inicia-pre-venda","status":"publish","type":"post","link":"https:\/\/www.notibras.com\/site\/entre-muros-e-sussurros-de-lindjane-pereira-inicia-pre-venda\/","title":{"rendered":"\u201cEntre muros e sussurros\u201d, de Lindjane Pereira, inicia pr\u00e9-venda"},"content":{"rendered":"<p>A pandemia de Covid-19, um dos per\u00edodos mais marcantes da nossa recente hist\u00f3ria, \u00e9 o pano de fundo do livro \u201cEntre muros e sussurros\u201d, da professora e jornalista Lindjane Pereira, que entrou em fase de pr\u00e9-venda pela editora M.inimalismos.<\/p>\n<p>A obra re\u00fane 12 contos do cotidiano, que abordam temas contempor\u00e2neos, quase todos sob a perspectiva feminina: a sobrecarga e a fal\u00eancia emocional enfrentada por muitas mulheres, a depress\u00e3o, a resili\u00eancia, a busca pela pr\u00f3pria identidade, o luto, a sororidade, o amor e as rela\u00e7\u00f5es conjugais em crise.<\/p>\n<p>\u201cAs narrativas trazem personagens fragilizadas, cujos problemas ficaram mais \u00e0 flor da pele no per\u00edodo pand\u00eamico. Dora, a protagonista do conto de abertura, \u00e9 uma mulher sobrecarregada que se desespera durante a quarentena por ter de ser, ao mesmo tempo, mulher, m\u00e3e, profissional e esposa em um espa\u00e7o m\u00ednimo, no qual mal consegue respirar\u201d, explica a autora.<\/p>\n<p>O livro \u201cEntre muros e sussurros\u201d tamb\u00e9m traz den\u00fancias sociais, dando voz a minorias, como em \u201cM\u00e3os de Fadas\u201d, no qual conhecemos a lavadeira Nina, ou em \u201cUltrapassado\u201d e \u201cMenino em cima da \u00e1rvore\u201d, nos quais se representa as mazelas que a pandemia causou na educa\u00e7\u00e3o. \u201cA pandemia trouxe males irrevers\u00edveis \u00e0 educa\u00e7\u00e3o brasileira, como o fato de muitos alunos terem conclu\u00eddo o Ensino Fundamental mal sabendo ler e escrever\u201d, reflete Lindjane.<\/p>\n<p>No primeiro livro da professora, doutora em Letras pela Universidade Federal da Para\u00edba (UFPB), o leitor vai encontrar uma escrita simples e l\u00edrica, de tom intimista, que valoriza os sentimentos das personagens. O t\u00edtulo po\u00e9tico \u201cEntre muros e sussurros\u201d representa as ang\u00fastias relacionadas \u00e0s barreiras e as dificuldade de comunica\u00e7\u00e3o que podem surgir em qualquer \u00e9poca, mas que foram muito potencializados durante a pandemia.<\/p>\n<p><strong>Servi\u00e7o<\/strong><br \/>\n<strong>Livro: \u201cEntre muros e sussurros\u201d<\/strong><br \/>\n<strong>Autora: Lindjane Pereira<\/strong><br \/>\n<strong>Editora: M.inimalismos<\/strong><\/p>\n","protected":false},"excerpt":{"rendered":"<p>A pandemia de Covid-19, um dos per\u00edodos mais marcantes da nossa recente hist\u00f3ria, \u00e9 o pano de fundo do livro \u201cEntre muros e sussurros\u201d, da professora e jornalista Lindjane Pereira, que entrou em fase de pr\u00e9-venda pela editora M.inimalismos. A obra re\u00fane 12 contos do cotidiano, que abordam temas contempor\u00e2neos, quase todos sob a perspectiva [&hellip;]<\/p>\n","protected":false},"author":2,"featured_media":347602,"comment_status":"closed","ping_status":"closed","sticky":false,"template":"","format":"standard","meta":{"_acf_changed":false,"footnotes":""},"categories":[165],"tags":[],"class_list":["post-347601","post","type-post","status-publish","format-standard","has-post-thumbnail","hentry","category-nordeste"],"acf":[],"yoast_head":"<!-- This site is optimized with the Yoast SEO plugin v27.2 - https:\/\/yoast.com\/product\/yoast-seo-wordpress\/ -->\n<title>\u201cEntre muros e sussurros\u201d, de Lindjane Pereira, inicia pr\u00e9-venda - Notibras<\/title>\n<meta name=\"robots\" content=\"index, follow, max-snippet:-1, max-image-preview:large, max-video-preview:-1\" \/>\n<link rel=\"canonical\" href=\"https:\/\/www.notibras.com\/site\/entre-muros-e-sussurros-de-lindjane-pereira-inicia-pre-venda\/\" \/>\n<meta property=\"og:locale\" content=\"pt_BR\" \/>\n<meta property=\"og:type\" content=\"article\" \/>\n<meta property=\"og:title\" content=\"\u201cEntre muros e sussurros\u201d, de Lindjane Pereira, inicia pr\u00e9-venda - Notibras\" \/>\n<meta property=\"og:description\" content=\"A pandemia de Covid-19, um dos per\u00edodos mais marcantes da nossa recente hist\u00f3ria, \u00e9 o pano de fundo do livro \u201cEntre muros e sussurros\u201d, da professora e jornalista Lindjane Pereira, que entrou em fase de pr\u00e9-venda pela editora M.inimalismos. A obra re\u00fane 12 contos do cotidiano, que abordam temas contempor\u00e2neos, quase todos sob a perspectiva [&hellip;]\" \/>\n<meta property=\"og:url\" content=\"https:\/\/www.notibras.com\/site\/entre-muros-e-sussurros-de-lindjane-pereira-inicia-pre-venda\/\" \/>\n<meta property=\"og:site_name\" content=\"Notibras\" \/>\n<meta property=\"article:publisher\" content=\"https:\/\/www.facebook.com\/notibras\/\" \/>\n<meta property=\"article:published_time\" content=\"2025-02-10T03:07:34+00:00\" \/>\n<meta property=\"article:modified_time\" content=\"2025-02-10T11:10:49+00:00\" \/>\n<meta property=\"og:image\" content=\"https:\/\/www.notibras.com\/site\/wp-content\/uploads\/2025\/02\/Lindjane-Pereira.jpg\" \/>\n\t<meta property=\"og:image:width\" content=\"1504\" \/>\n\t<meta property=\"og:image:height\" content=\"1944\" \/>\n\t<meta property=\"og:image:type\" content=\"image\/jpeg\" \/>\n<meta name=\"author\" content=\"Reda\u00e7\u00e3o\" \/>\n<meta name=\"twitter:card\" content=\"summary_large_image\" \/>\n<meta name=\"twitter:creator\" content=\"@Notibras\" \/>\n<meta name=\"twitter:site\" content=\"@Notibras\" \/>\n<meta name=\"twitter:label1\" content=\"Escrito por\" \/>\n\t<meta name=\"twitter:data1\" content=\"Reda\u00e7\u00e3o\" \/>\n\t<meta name=\"twitter:label2\" content=\"Est. tempo de leitura\" \/>\n\t<meta name=\"twitter:data2\" content=\"2 minutos\" \/>\n<script type=\"application\/ld+json\" class=\"yoast-schema-graph\">{\"@context\":\"https:\/\/schema.org\",\"@graph\":[{\"@type\":\"Article\",\"@id\":\"https:\/\/www.notibras.com\/site\/entre-muros-e-sussurros-de-lindjane-pereira-inicia-pre-venda\/#article\",\"isPartOf\":{\"@id\":\"https:\/\/www.notibras.com\/site\/entre-muros-e-sussurros-de-lindjane-pereira-inicia-pre-venda\/\"},\"author\":{\"name\":\"Reda\u00e7\u00e3o\",\"@id\":\"https:\/\/www.notibras.com\/site\/#\/schema\/person\/36ab0979449956132d3e5b517ea76ac8\"},\"headline\":\"\u201cEntre muros e sussurros\u201d, de Lindjane Pereira, inicia pr\u00e9-venda\",\"datePublished\":\"2025-02-10T03:07:34+00:00\",\"dateModified\":\"2025-02-10T11:10:49+00:00\",\"mainEntityOfPage\":{\"@id\":\"https:\/\/www.notibras.com\/site\/entre-muros-e-sussurros-de-lindjane-pereira-inicia-pre-venda\/\"},\"wordCount\":327,\"publisher\":{\"@id\":\"https:\/\/www.notibras.com\/site\/#organization\"},\"image\":{\"@id\":\"https:\/\/www.notibras.com\/site\/entre-muros-e-sussurros-de-lindjane-pereira-inicia-pre-venda\/#primaryimage\"},\"thumbnailUrl\":\"https:\/\/www.notibras.com\/site\/wp-content\/uploads\/2025\/02\/Lindjane-Pereira.jpg\",\"articleSection\":[\"Nordeste\"],\"inLanguage\":\"pt-BR\"},{\"@type\":\"WebPage\",\"@id\":\"https:\/\/www.notibras.com\/site\/entre-muros-e-sussurros-de-lindjane-pereira-inicia-pre-venda\/\",\"url\":\"https:\/\/www.notibras.com\/site\/entre-muros-e-sussurros-de-lindjane-pereira-inicia-pre-venda\/\",\"name\":\"\u201cEntre muros e sussurros\u201d, de Lindjane Pereira, inicia pr\u00e9-venda - Notibras\",\"isPartOf\":{\"@id\":\"https:\/\/www.notibras.com\/site\/#website\"},\"primaryImageOfPage\":{\"@id\":\"https:\/\/www.notibras.com\/site\/entre-muros-e-sussurros-de-lindjane-pereira-inicia-pre-venda\/#primaryimage\"},\"image\":{\"@id\":\"https:\/\/www.notibras.com\/site\/entre-muros-e-sussurros-de-lindjane-pereira-inicia-pre-venda\/#primaryimage\"},\"thumbnailUrl\":\"https:\/\/www.notibras.com\/site\/wp-content\/uploads\/2025\/02\/Lindjane-Pereira.jpg\",\"datePublished\":\"2025-02-10T03:07:34+00:00\",\"dateModified\":\"2025-02-10T11:10:49+00:00\",\"breadcrumb\":{\"@id\":\"https:\/\/www.notibras.com\/site\/entre-muros-e-sussurros-de-lindjane-pereira-inicia-pre-venda\/#breadcrumb\"},\"inLanguage\":\"pt-BR\",\"potentialAction\":[{\"@type\":\"ReadAction\",\"target\":[\"https:\/\/www.notibras.com\/site\/entre-muros-e-sussurros-de-lindjane-pereira-inicia-pre-venda\/\"]}]},{\"@type\":\"ImageObject\",\"inLanguage\":\"pt-BR\",\"@id\":\"https:\/\/www.notibras.com\/site\/entre-muros-e-sussurros-de-lindjane-pereira-inicia-pre-venda\/#primaryimage\",\"url\":\"https:\/\/www.notibras.com\/site\/wp-content\/uploads\/2025\/02\/Lindjane-Pereira.jpg\",\"contentUrl\":\"https:\/\/www.notibras.com\/site\/wp-content\/uploads\/2025\/02\/Lindjane-Pereira.jpg\",\"width\":1504,\"height\":1944},{\"@type\":\"BreadcrumbList\",\"@id\":\"https:\/\/www.notibras.com\/site\/entre-muros-e-sussurros-de-lindjane-pereira-inicia-pre-venda\/#breadcrumb\",\"itemListElement\":[{\"@type\":\"ListItem\",\"position\":1,\"name\":\"In\u00edcio\",\"item\":\"https:\/\/www.notibras.com\/site\/\"},{\"@type\":\"ListItem\",\"position\":2,\"name\":\"\u201cEntre muros e sussurros\u201d, de Lindjane Pereira, inicia pr\u00e9-venda\"}]},{\"@type\":\"WebSite\",\"@id\":\"https:\/\/www.notibras.com\/site\/#website\",\"url\":\"https:\/\/www.notibras.com\/site\/\",\"name\":\"Notibras\",\"description\":\"Not\u00edcias de Bras\u00edlia, do Brasil e do Mundo\",\"publisher\":{\"@id\":\"https:\/\/www.notibras.com\/site\/#organization\"},\"potentialAction\":[{\"@type\":\"SearchAction\",\"target\":{\"@type\":\"EntryPoint\",\"urlTemplate\":\"https:\/\/www.notibras.com\/site\/?s={search_term_string}\"},\"query-input\":{\"@type\":\"PropertyValueSpecification\",\"valueRequired\":true,\"valueName\":\"search_term_string\"}}],\"inLanguage\":\"pt-BR\"},{\"@type\":\"Organization\",\"@id\":\"https:\/\/www.notibras.com\/site\/#organization\",\"name\":\"Grupo Notibras de Comunica\u00e7\u00e3o\",\"url\":\"https:\/\/www.notibras.com\/site\/\",\"logo\":{\"@type\":\"ImageObject\",\"inLanguage\":\"pt-BR\",\"@id\":\"https:\/\/www.notibras.com\/site\/#\/schema\/logo\/image\/\",\"url\":\"https:\/\/www.notibras.com\/site\/wp-content\/uploads\/2023\/01\/notibras23.png\",\"contentUrl\":\"https:\/\/www.notibras.com\/site\/wp-content\/uploads\/2023\/01\/notibras23.png\",\"width\":350,\"height\":87,\"caption\":\"Grupo Notibras de Comunica\u00e7\u00e3o\"},\"image\":{\"@id\":\"https:\/\/www.notibras.com\/site\/#\/schema\/logo\/image\/\"},\"sameAs\":[\"https:\/\/www.facebook.com\/notibras\/\",\"https:\/\/x.com\/Notibras\",\"https:\/\/www.instagram.com\/notibras\/\"]},{\"@type\":\"Person\",\"@id\":\"https:\/\/www.notibras.com\/site\/#\/schema\/person\/36ab0979449956132d3e5b517ea76ac8\",\"name\":\"Reda\u00e7\u00e3o\",\"image\":{\"@type\":\"ImageObject\",\"inLanguage\":\"pt-BR\",\"@id\":\"https:\/\/secure.gravatar.com\/avatar\/e0a867bdedb85fd243eadf09663511f96fc81e0720a4a42581f334ad4303aa6b?s=96&d=mm&r=g\",\"url\":\"https:\/\/secure.gravatar.com\/avatar\/e0a867bdedb85fd243eadf09663511f96fc81e0720a4a42581f334ad4303aa6b?s=96&d=mm&r=g\",\"contentUrl\":\"https:\/\/secure.gravatar.com\/avatar\/e0a867bdedb85fd243eadf09663511f96fc81e0720a4a42581f334ad4303aa6b?s=96&d=mm&r=g\",\"caption\":\"Reda\u00e7\u00e3o\"}}]}<\/script>\n<!-- \/ Yoast SEO plugin. -->","yoast_head_json":{"title":"\u201cEntre muros e sussurros\u201d, de Lindjane Pereira, inicia pr\u00e9-venda - Notibras","robots":{"index":"index","follow":"follow","max-snippet":"max-snippet:-1","max-image-preview":"max-image-preview:large","max-video-preview":"max-video-preview:-1"},"canonical":"https:\/\/www.notibras.com\/site\/entre-muros-e-sussurros-de-lindjane-pereira-inicia-pre-venda\/","og_locale":"pt_BR","og_type":"article","og_title":"\u201cEntre muros e sussurros\u201d, de Lindjane Pereira, inicia pr\u00e9-venda - Notibras","og_description":"A pandemia de Covid-19, um dos per\u00edodos mais marcantes da nossa recente hist\u00f3ria, \u00e9 o pano de fundo do livro \u201cEntre muros e sussurros\u201d, da professora e jornalista Lindjane Pereira, que entrou em fase de pr\u00e9-venda pela editora M.inimalismos. A obra re\u00fane 12 contos do cotidiano, que abordam temas contempor\u00e2neos, quase todos sob a perspectiva [&hellip;]","og_url":"https:\/\/www.notibras.com\/site\/entre-muros-e-sussurros-de-lindjane-pereira-inicia-pre-venda\/","og_site_name":"Notibras","article_publisher":"https:\/\/www.facebook.com\/notibras\/","article_published_time":"2025-02-10T03:07:34+00:00","article_modified_time":"2025-02-10T11:10:49+00:00","og_image":[{"width":1504,"height":1944,"url":"https:\/\/www.notibras.com\/site\/wp-content\/uploads\/2025\/02\/Lindjane-Pereira.jpg","type":"image\/jpeg"}],"author":"Reda\u00e7\u00e3o","twitter_card":"summary_large_image","twitter_creator":"@Notibras","twitter_site":"@Notibras","twitter_misc":{"Escrito por":"Reda\u00e7\u00e3o","Est. tempo de leitura":"2 minutos"},"schema":{"@context":"https:\/\/schema.org","@graph":[{"@type":"Article","@id":"https:\/\/www.notibras.com\/site\/entre-muros-e-sussurros-de-lindjane-pereira-inicia-pre-venda\/#article","isPartOf":{"@id":"https:\/\/www.notibras.com\/site\/entre-muros-e-sussurros-de-lindjane-pereira-inicia-pre-venda\/"},"author":{"name":"Reda\u00e7\u00e3o","@id":"https:\/\/www.notibras.com\/site\/#\/schema\/person\/36ab0979449956132d3e5b517ea76ac8"},"headline":"\u201cEntre muros e sussurros\u201d, de Lindjane Pereira, inicia pr\u00e9-venda","datePublished":"2025-02-10T03:07:34+00:00","dateModified":"2025-02-10T11:10:49+00:00","mainEntityOfPage":{"@id":"https:\/\/www.notibras.com\/site\/entre-muros-e-sussurros-de-lindjane-pereira-inicia-pre-venda\/"},"wordCount":327,"publisher":{"@id":"https:\/\/www.notibras.com\/site\/#organization"},"image":{"@id":"https:\/\/www.notibras.com\/site\/entre-muros-e-sussurros-de-lindjane-pereira-inicia-pre-venda\/#primaryimage"},"thumbnailUrl":"https:\/\/www.notibras.com\/site\/wp-content\/uploads\/2025\/02\/Lindjane-Pereira.jpg","articleSection":["Nordeste"],"inLanguage":"pt-BR"},{"@type":"WebPage","@id":"https:\/\/www.notibras.com\/site\/entre-muros-e-sussurros-de-lindjane-pereira-inicia-pre-venda\/","url":"https:\/\/www.notibras.com\/site\/entre-muros-e-sussurros-de-lindjane-pereira-inicia-pre-venda\/","name":"\u201cEntre muros e sussurros\u201d, de Lindjane Pereira, inicia pr\u00e9-venda - Notibras","isPartOf":{"@id":"https:\/\/www.notibras.com\/site\/#website"},"primaryImageOfPage":{"@id":"https:\/\/www.notibras.com\/site\/entre-muros-e-sussurros-de-lindjane-pereira-inicia-pre-venda\/#primaryimage"},"image":{"@id":"https:\/\/www.notibras.com\/site\/entre-muros-e-sussurros-de-lindjane-pereira-inicia-pre-venda\/#primaryimage"},"thumbnailUrl":"https:\/\/www.notibras.com\/site\/wp-content\/uploads\/2025\/02\/Lindjane-Pereira.jpg","datePublished":"2025-02-10T03:07:34+00:00","dateModified":"2025-02-10T11:10:49+00:00","breadcrumb":{"@id":"https:\/\/www.notibras.com\/site\/entre-muros-e-sussurros-de-lindjane-pereira-inicia-pre-venda\/#breadcrumb"},"inLanguage":"pt-BR","potentialAction":[{"@type":"ReadAction","target":["https:\/\/www.notibras.com\/site\/entre-muros-e-sussurros-de-lindjane-pereira-inicia-pre-venda\/"]}]},{"@type":"ImageObject","inLanguage":"pt-BR","@id":"https:\/\/www.notibras.com\/site\/entre-muros-e-sussurros-de-lindjane-pereira-inicia-pre-venda\/#primaryimage","url":"https:\/\/www.notibras.com\/site\/wp-content\/uploads\/2025\/02\/Lindjane-Pereira.jpg","contentUrl":"https:\/\/www.notibras.com\/site\/wp-content\/uploads\/2025\/02\/Lindjane-Pereira.jpg","width":1504,"height":1944},{"@type":"BreadcrumbList","@id":"https:\/\/www.notibras.com\/site\/entre-muros-e-sussurros-de-lindjane-pereira-inicia-pre-venda\/#breadcrumb","itemListElement":[{"@type":"ListItem","position":1,"name":"In\u00edcio","item":"https:\/\/www.notibras.com\/site\/"},{"@type":"ListItem","position":2,"name":"\u201cEntre muros e sussurros\u201d, de Lindjane Pereira, inicia pr\u00e9-venda"}]},{"@type":"WebSite","@id":"https:\/\/www.notibras.com\/site\/#website","url":"https:\/\/www.notibras.com\/site\/","name":"Notibras","description":"Not\u00edcias de Bras\u00edlia, do Brasil e do Mundo","publisher":{"@id":"https:\/\/www.notibras.com\/site\/#organization"},"potentialAction":[{"@type":"SearchAction","target":{"@type":"EntryPoint","urlTemplate":"https:\/\/www.notibras.com\/site\/?s={search_term_string}"},"query-input":{"@type":"PropertyValueSpecification","valueRequired":true,"valueName":"search_term_string"}}],"inLanguage":"pt-BR"},{"@type":"Organization","@id":"https:\/\/www.notibras.com\/site\/#organization","name":"Grupo Notibras de Comunica\u00e7\u00e3o","url":"https:\/\/www.notibras.com\/site\/","logo":{"@type":"ImageObject","inLanguage":"pt-BR","@id":"https:\/\/www.notibras.com\/site\/#\/schema\/logo\/image\/","url":"https:\/\/www.notibras.com\/site\/wp-content\/uploads\/2023\/01\/notibras23.png","contentUrl":"https:\/\/www.notibras.com\/site\/wp-content\/uploads\/2023\/01\/notibras23.png","width":350,"height":87,"caption":"Grupo Notibras de Comunica\u00e7\u00e3o"},"image":{"@id":"https:\/\/www.notibras.com\/site\/#\/schema\/logo\/image\/"},"sameAs":["https:\/\/www.facebook.com\/notibras\/","https:\/\/x.com\/Notibras","https:\/\/www.instagram.com\/notibras\/"]},{"@type":"Person","@id":"https:\/\/www.notibras.com\/site\/#\/schema\/person\/36ab0979449956132d3e5b517ea76ac8","name":"Reda\u00e7\u00e3o","image":{"@type":"ImageObject","inLanguage":"pt-BR","@id":"https:\/\/secure.gravatar.com\/avatar\/e0a867bdedb85fd243eadf09663511f96fc81e0720a4a42581f334ad4303aa6b?s=96&d=mm&r=g","url":"https:\/\/secure.gravatar.com\/avatar\/e0a867bdedb85fd243eadf09663511f96fc81e0720a4a42581f334ad4303aa6b?s=96&d=mm&r=g","contentUrl":"https:\/\/secure.gravatar.com\/avatar\/e0a867bdedb85fd243eadf09663511f96fc81e0720a4a42581f334ad4303aa6b?s=96&d=mm&r=g","caption":"Reda\u00e7\u00e3o"}}]}},"amp_enabled":true,"_links":{"self":[{"href":"https:\/\/www.notibras.com\/site\/wp-json\/wp\/v2\/posts\/347601","targetHints":{"allow":["GET"]}}],"collection":[{"href":"https:\/\/www.notibras.com\/site\/wp-json\/wp\/v2\/posts"}],"about":[{"href":"https:\/\/www.notibras.com\/site\/wp-json\/wp\/v2\/types\/post"}],"author":[{"embeddable":true,"href":"https:\/\/www.notibras.com\/site\/wp-json\/wp\/v2\/users\/2"}],"replies":[{"embeddable":true,"href":"https:\/\/www.notibras.com\/site\/wp-json\/wp\/v2\/comments?post=347601"}],"version-history":[{"count":2,"href":"https:\/\/www.notibras.com\/site\/wp-json\/wp\/v2\/posts\/347601\/revisions"}],"predecessor-version":[{"id":347604,"href":"https:\/\/www.notibras.com\/site\/wp-json\/wp\/v2\/posts\/347601\/revisions\/347604"}],"wp:featuredmedia":[{"embeddable":true,"href":"https:\/\/www.notibras.com\/site\/wp-json\/wp\/v2\/media\/347602"}],"wp:attachment":[{"href":"https:\/\/www.notibras.com\/site\/wp-json\/wp\/v2\/media?parent=347601"}],"wp:term":[{"taxonomy":"category","embeddable":true,"href":"https:\/\/www.notibras.com\/site\/wp-json\/wp\/v2\/categories?post=347601"},{"taxonomy":"post_tag","embeddable":true,"href":"https:\/\/www.notibras.com\/site\/wp-json\/wp\/v2\/tags?post=347601"}],"curies":[{"name":"wp","href":"https:\/\/api.w.org\/{rel}","templated":true}]}}