{"id":347628,"date":"2025-02-11T05:10:27","date_gmt":"2025-02-11T08:10:27","guid":{"rendered":"https:\/\/www.notibras.com\/site\/?p=347628"},"modified":"2025-02-10T22:31:58","modified_gmt":"2025-02-11T01:31:58","slug":"cristian-prepara-posse-com-lenco-estilizado-de-mecha-de-felina-na-lapela","status":"publish","type":"post","link":"https:\/\/www.notibras.com\/site\/cristian-prepara-posse-com-lenco-estilizado-de-mecha-de-felina-na-lapela\/","title":{"rendered":"Cristian prepara posse com len\u00e7o estilizado de mecha de felina na lapela"},"content":{"rendered":"<p>Cristian Viana encomendou o terno. Nada de palet\u00f3 de prateleira ou ajuste de \u00faltima hora. Feito sob medida, com caimento impec\u00e1vel, porque a posse merece cerim\u00f4nia. N\u00e3o se sabe ainda a que t\u00edtulo, mas sabe-se que ser\u00e1. Isso basta. E o Entorno \u00e9 a \u00faltima hip\u00f3tese, salvo em caso excepcional e tempor\u00e1rio.<\/p>\n<p>O alfaiate, velho mestre das artes do pano e do corte, talvez tenha estranhado a urg\u00eancia. &#8220;Para depois do Carnaval, no mais tardar&#8221;, determinou o cliente. Porque em Bras\u00edlia, as coisas costumam come\u00e7ar mesmo depois da Quarta-Feira de Cinzas, quando a realidade toma o lugar da folia e os gabinetes voltam a se iluminar de gravatas e discursos.<\/p>\n<p>Cristian, presidente do Podemos no Distrito Federal, aguarda apenas a defini\u00e7\u00e3o do r\u00f3tulo. Educa\u00e7\u00e3o, direitos humanos, cultura, esporte, inclus\u00e3o social&#8230; Pastas que se cruzam, se confundem, se rebatizam conforme os ventos da pol\u00edtica. Pode ser Justi\u00e7a, pode ser uma secretaria com novo nome e velhas atribui\u00e7\u00f5es. Pode ser qualquer coisa, desde que tenha gabinete, equipe, caneta e agenda cheia.<\/p>\n<p>A decis\u00e3o foi selada em S\u00e3o Paulo, na semana passada, entre tapinhas nas costas e conversas ao p\u00e9 do ouvido. Reuniram-se Renata Abreu, o Pastor Everaldo e o coordenador do programa Rumo Certo, Luiz Fran\u00e7a. A pol\u00edtica exige peregrina\u00e7\u00e3o, e S\u00e3o Paulo, de tempos em tempos, torna-se Meca para quem busca b\u00ean\u00e7\u00e3os e confirma\u00e7\u00f5es.<\/p>\n<p>Agora, basta aguardar o an\u00fancio oficial e que o terno fique pronto. Entre fios nobres e costuras firmes, o alfaiate trabalha. Um bom traje requer medidas exatas, mas na pol\u00edtica, muitas vezes, o que vale \u00e9 saber ajustar o pano ao corpo da ocasi\u00e3o. Na lapela, um lan\u00e7o estilizado lembrando uma mecha de juba loira, de felina.<\/p>\n<p>&#8230;&#8230;&#8230;&#8230;&#8230;&#8230;&#8230;&#8230;&#8230;&#8230;&#8230;&#8230;&#8230;&#8230;&#8230;<\/p>\n<p><strong>Marta Nobre \u00e9 Editora Executiva de Notibras<\/strong><\/p>\n","protected":false},"excerpt":{"rendered":"<p>Cristian Viana encomendou o terno. Nada de palet\u00f3 de prateleira ou ajuste de \u00faltima hora. Feito sob medida, com caimento impec\u00e1vel, porque a posse merece cerim\u00f4nia. N\u00e3o se sabe ainda a que t\u00edtulo, mas sabe-se que ser\u00e1. Isso basta. E o Entorno \u00e9 a \u00faltima hip\u00f3tese, salvo em caso excepcional e tempor\u00e1rio. O alfaiate, velho [&hellip;]<\/p>\n","protected":false},"author":2,"featured_media":347629,"comment_status":"closed","ping_status":"closed","sticky":false,"template":"","format":"standard","meta":{"_acf_changed":false,"footnotes":""},"categories":[161],"tags":[],"class_list":["post-347628","post","type-post","status-publish","format-standard","has-post-thumbnail","hentry","category-quadradinho-em-foco"],"acf":[],"_links":{"self":[{"href":"https:\/\/www.notibras.com\/site\/wp-json\/wp\/v2\/posts\/347628","targetHints":{"allow":["GET"]}}],"collection":[{"href":"https:\/\/www.notibras.com\/site\/wp-json\/wp\/v2\/posts"}],"about":[{"href":"https:\/\/www.notibras.com\/site\/wp-json\/wp\/v2\/types\/post"}],"author":[{"embeddable":true,"href":"https:\/\/www.notibras.com\/site\/wp-json\/wp\/v2\/users\/2"}],"replies":[{"embeddable":true,"href":"https:\/\/www.notibras.com\/site\/wp-json\/wp\/v2\/comments?post=347628"}],"version-history":[{"count":2,"href":"https:\/\/www.notibras.com\/site\/wp-json\/wp\/v2\/posts\/347628\/revisions"}],"predecessor-version":[{"id":347635,"href":"https:\/\/www.notibras.com\/site\/wp-json\/wp\/v2\/posts\/347628\/revisions\/347635"}],"wp:featuredmedia":[{"embeddable":true,"href":"https:\/\/www.notibras.com\/site\/wp-json\/wp\/v2\/media\/347629"}],"wp:attachment":[{"href":"https:\/\/www.notibras.com\/site\/wp-json\/wp\/v2\/media?parent=347628"}],"wp:term":[{"taxonomy":"category","embeddable":true,"href":"https:\/\/www.notibras.com\/site\/wp-json\/wp\/v2\/categories?post=347628"},{"taxonomy":"post_tag","embeddable":true,"href":"https:\/\/www.notibras.com\/site\/wp-json\/wp\/v2\/tags?post=347628"}],"curies":[{"name":"wp","href":"https:\/\/api.w.org\/{rel}","templated":true}]}}