{"id":347639,"date":"2025-02-11T00:13:49","date_gmt":"2025-02-11T03:13:49","guid":{"rendered":"https:\/\/www.notibras.com\/site\/?p=347639"},"modified":"2025-02-10T23:05:06","modified_gmt":"2025-02-11T02:05:06","slug":"entenda-pre-eclampsia-e-sindrome-de-hellp-que-acometeram-lexa","status":"publish","type":"post","link":"https:\/\/www.notibras.com\/site\/entenda-pre-eclampsia-e-sindrome-de-hellp-que-acometeram-lexa\/","title":{"rendered":"Entenda pr\u00e9-ecl\u00e2mpsia e s\u00edndrome de Hellp, que acometeram Lexa"},"content":{"rendered":"<p>A cantora Lexa anunciou nesta segunda-feira (10), nas redes sociais, a morte da filha rec\u00e9m-nascida, Sofia, que ocorreu tr\u00eas dias depois do parto. A artista relatou que teve pr\u00e9-ecl\u00e2mpsia com s\u00edndrome de Hellp, o que ocasionou o parto prematuro da beb\u00ea.<\/p>\n<p>A reportagem conversou com a m\u00e9dica ginecologista e obstetra Joeline Cerqueira, com \u00e1rea de atua\u00e7\u00e3o em Reprodu\u00e7\u00e3o Humana, para explicar melhor o significado desses termos.<\/p>\n<p>A pr\u00e9-ecl\u00e2mpsia \u00e9 uma doen\u00e7a obst\u00e9trica que geralmente acontece depois da 20\u00aa semana de gravidez e provoca a hipertens\u00e3o arterial da gestante.<\/p>\n<p>\u201cA placenta \u00e9 o \u00f3rg\u00e3o que vai nutrir o feto. Quando ela est\u00e1 se implantando no \u00fatero, os vasos do \u00fatero se abrem e aumenta a corrente de sangue que vai nutrir adequadamente o feto. E o que ocorre na placenta da mulher com pr\u00e9-ecl\u00e2mpsia? Esses vasos n\u00e3o conseguem mudar a conforma\u00e7\u00e3o deles para se tornarem mais flex\u00edveis e el\u00e1sticos. E o sangue n\u00e3o flui adequadamente para a placenta e para o feto\u201d, explica Joeline Cerqueira.<\/p>\n<p>A sobrecarga da circula\u00e7\u00e3o provoca a hipertens\u00e3o arterial, igual ou acima de 140\/90 mmHg (14 por 9), e h\u00e1 perda de prote\u00edna na urina, a protein\u00faria. A pr\u00e9-ecl\u00e2mpsia precisa ser tratada para n\u00e3o colocar a vida da m\u00e3e e do feto em risco. Entre os agravamentos poss\u00edveis est\u00e3o a ecl\u00e2mpsia e a s\u00edndrome de Hellp.<\/p>\n<p>A ecl\u00e2mpsia \u00e9 marcada pela ocorr\u00eancia de convuls\u00f5es generalizadas ou coma em gestantes. A s\u00edndrome Hellp \u00e9 outro tipo de complica\u00e7\u00e3o que provoca hem\u00f3lise (fragmenta\u00e7\u00e3o das c\u00e9lulas vermelhas do sangue na circula\u00e7\u00e3o), n\u00edveis elevados de enzimas hep\u00e1ticas e diminui\u00e7\u00e3o do n\u00famero de plaquetas. Essa combina\u00e7\u00e3o mostra que alguns \u00f3rg\u00e3os podem estar entrando em fal\u00eancia, como os rins e o f\u00edgado.<\/p>\n<p>Apesar de n\u00e3o ser comum, tamb\u00e9m existe a pr\u00e9-ecl\u00e2mpsia ou ecl\u00e2mpsia p\u00f3s-parto, que ocorre na fase do puerp\u00e9rio em at\u00e9 72 horas depois do parto. A complica\u00e7\u00e3o \u00e9 respons\u00e1vel pela hipertens\u00e3o arterial e crises convulsivas nesse per\u00edodo.<\/p>\n<p><strong>Causas e fatores de risco<\/strong><br \/>\nA obstetra explica que at\u00e9 hoje a pr\u00e9-ecl\u00e2mpsia n\u00e3o tem uma causa espec\u00edfica identificada. Existem teorias, dentre as quais ela destaca a m\u00e1 implanta\u00e7\u00e3o da placenta no processo da gesta\u00e7\u00e3o.<\/p>\n<p>Mas j\u00e1 se conhecem os principais fatores de risco: primeira gesta\u00e7\u00e3o da mulher; gravidez antes dos 18 e depois dos 40 anos; press\u00e3o alta cr\u00f4nica; diabetes; l\u00fapus; obesidade; pessoas da fam\u00edlia com essas doen\u00e7as; gesta\u00e7\u00e3o de g\u00eameos.<\/p>\n<p><strong>Preven\u00e7\u00e3o e redu\u00e7\u00e3o de riscos<\/strong><br \/>\nA realiza\u00e7\u00e3o do pr\u00e9-natal, com acompanhamento m\u00e9dico da gravidez e da press\u00e3o arterial, \u00e9 a melhor forma de prevenir a pr\u00e9-ecl\u00e2mpsia e demais complica\u00e7\u00f5es.<\/p>\n<p>\u201cExistem medica\u00e7\u00f5es j\u00e1 testadas que diminuem consideravelmente as probabilidades de pr\u00e9-ecl\u00e2mpsia para as pacientes de risco. Uma delas \u00e9 o c\u00e1lcio. Outra \u00e9 o AAS infantil. Elas usam essa aspirina em dose baixa de 100 mg a partir de 12 at\u00e9 16 semanas de gesta\u00e7\u00e3o\u201d, diz Joeline Cerqueira. \u201c\u00c9 imprescind\u00edvel o m\u00e9dico come\u00e7ar nesse per\u00edodo. Porque como \u00e9 uma doen\u00e7a que se instala pela placenta, depois de 16 semanas a placenta j\u00e1 est\u00e1 toda formada. Ent\u00e3o, n\u00e3o adianta come\u00e7ar uma profilaxia muito tarde\u201d.<\/p>\n<p><strong>Sintomas<\/strong><br \/>\nA pr\u00e9-ecl\u00e2mpsia pode ser assintom\u00e1tica. Mas h\u00e1 sinais comuns, como: dor de cabe\u00e7a forte que n\u00e3o passa com rem\u00e9dios; incha\u00e7o no rosto e nas m\u00e3os; ganho de peso em uma semana; dificuldade para respirar; n\u00e1usea ou v\u00f4mito ap\u00f3s os primeiros tr\u00eas meses de gesta\u00e7\u00e3o; perda ou altera\u00e7\u00f5es da vis\u00e3o; e dor no abd\u00f4men do lado direito.<\/p>\n<p>Os sintomas da ecl\u00e2mpsia podem ser dores de cabe\u00e7a, de est\u00f4mago e perturba\u00e7\u00f5es visuais antes da convuls\u00e3o; sangramento vaginal; e coma.<\/p>\n<p><strong>Tratamento<\/strong><br \/>\nO principal objetivo do tratamento para quem desenvolve o quadro de pr\u00e9-ecl\u00e2mpsia \u00e9 o controle da press\u00e3o arterial. Podem ser usados hipotensores, medica\u00e7\u00f5es orais e injet\u00e1veis, para conseguir manter a press\u00e3o arterial abaixo de 14 por 9.<\/p>\n<p>Tamb\u00e9m podem ser indicados: alimenta\u00e7\u00e3o com baixo consumo de sal e de a\u00e7\u00facar; repouso; aumento da ingest\u00e3o de \u00e1gua; fazer acompanhamento pr\u00e9-natal mais rigoroso.<\/p>\n","protected":false},"excerpt":{"rendered":"<p>A cantora Lexa anunciou nesta segunda-feira (10), nas redes sociais, a morte da filha rec\u00e9m-nascida, Sofia, que ocorreu tr\u00eas dias depois do parto. A artista relatou que teve pr\u00e9-ecl\u00e2mpsia com s\u00edndrome de Hellp, o que ocasionou o parto prematuro da beb\u00ea. A reportagem conversou com a m\u00e9dica ginecologista e obstetra Joeline Cerqueira, com \u00e1rea de [&hellip;]<\/p>\n","protected":false},"author":2,"featured_media":347640,"comment_status":"closed","ping_status":"closed","sticky":false,"template":"","format":"standard","meta":{"_acf_changed":false,"footnotes":""},"categories":[161],"tags":[],"class_list":["post-347639","post","type-post","status-publish","format-standard","has-post-thumbnail","hentry","category-quadradinho-em-foco"],"acf":[],"_links":{"self":[{"href":"https:\/\/www.notibras.com\/site\/wp-json\/wp\/v2\/posts\/347639","targetHints":{"allow":["GET"]}}],"collection":[{"href":"https:\/\/www.notibras.com\/site\/wp-json\/wp\/v2\/posts"}],"about":[{"href":"https:\/\/www.notibras.com\/site\/wp-json\/wp\/v2\/types\/post"}],"author":[{"embeddable":true,"href":"https:\/\/www.notibras.com\/site\/wp-json\/wp\/v2\/users\/2"}],"replies":[{"embeddable":true,"href":"https:\/\/www.notibras.com\/site\/wp-json\/wp\/v2\/comments?post=347639"}],"version-history":[{"count":1,"href":"https:\/\/www.notibras.com\/site\/wp-json\/wp\/v2\/posts\/347639\/revisions"}],"predecessor-version":[{"id":347641,"href":"https:\/\/www.notibras.com\/site\/wp-json\/wp\/v2\/posts\/347639\/revisions\/347641"}],"wp:featuredmedia":[{"embeddable":true,"href":"https:\/\/www.notibras.com\/site\/wp-json\/wp\/v2\/media\/347640"}],"wp:attachment":[{"href":"https:\/\/www.notibras.com\/site\/wp-json\/wp\/v2\/media?parent=347639"}],"wp:term":[{"taxonomy":"category","embeddable":true,"href":"https:\/\/www.notibras.com\/site\/wp-json\/wp\/v2\/categories?post=347639"},{"taxonomy":"post_tag","embeddable":true,"href":"https:\/\/www.notibras.com\/site\/wp-json\/wp\/v2\/tags?post=347639"}],"curies":[{"name":"wp","href":"https:\/\/api.w.org\/{rel}","templated":true}]}}