{"id":347642,"date":"2025-02-11T00:00:39","date_gmt":"2025-02-11T03:00:39","guid":{"rendered":"https:\/\/www.notibras.com\/site\/?p=347642"},"modified":"2025-02-10T23:12:42","modified_gmt":"2025-02-11T02:12:42","slug":"banco-de-talentos-de-artesas-realiza-primeira-feira-do-ano","status":"publish","type":"post","link":"https:\/\/www.notibras.com\/site\/banco-de-talentos-de-artesas-realiza-primeira-feira-do-ano\/","title":{"rendered":"Banco de talentos de artes\u00e3s realiza primeira feira do ano"},"content":{"rendered":"<p>A artes\u00e3 Iara Ma\u00edsa Gon\u00e7alves, 66 anos, moradora do Recanto das Emas, era uma das expositoras mais entusiasmadas na primeira edi\u00e7\u00e3o da Feira de Talentos de 2025, realizada no \u00faltimo fim de semana na antiga Rodoferrovi\u00e1ria. O evento integra o Banco de Talentos, projeto da Secretaria de Justi\u00e7a e Cidadania do Distrito Federal (Sejus-DF) que apoia o fortalecimento econ\u00f4mico de mulheres em situa\u00e7\u00e3o de vulnerabilidade social e viol\u00eancia, criando oportunidades e dispondo espa\u00e7os gratuitos para a comercializa\u00e7\u00e3o de produtos e servi\u00e7os.<\/p>\n<p>\u201cPara n\u00f3s, que moramos na periferia e, especialmente, para quem j\u00e1 tem mais idade, oportunidades como essa s\u00e3o raras. Aqui \u00e9 diferente de outros espa\u00e7os de exposi\u00e7\u00e3o no DF, que cobram valores absurdos. Primeiro, porque podemos expor gratuitamente; segundo, porque h\u00e1 um olhar especial para a melhor idade. Al\u00e9m disso, as vendas est\u00e3o \u00f3timas e j\u00e1 recebi muitas encomendas\u201d, comemorou a artes\u00e3, que trabalha com bijuterias e bonecos feitos de tric\u00f4.<\/p>\n<p>Durante os tr\u00eas dias de evento, os visitantes conheceram o trabalho de mais de 50 mulheres artes\u00e3s de diversas regi\u00f5es do DF. O projeto n\u00e3o apenas disponibiliza espa\u00e7os para exposi\u00e7\u00e3o, mas tamb\u00e9m oferece mentorias, oficinas e cursos para qualifica\u00e7\u00e3o profissional, em parceria com institui\u00e7\u00f5es p\u00fablicas e privadas. Entre as capacita\u00e7\u00f5es oferecidas, est\u00e3o oficinas de bordado livre, croch\u00ea no lacre, tric\u00f4 e costura criativa.<\/p>\n<p>Em 2024, o Banco de Talentos realizou dez oficinas e mais de 30 feiras, beneficiando mais de 340 mulheres \u2014 muitas delas atendidas pelo programa Direito Delas, que oferece suporte social, psicol\u00f3gico e jur\u00eddico a v\u00edtimas de viol\u00eancia dom\u00e9stica.<\/p>\n<p>Uma das beneficiadas pelo programa, Elisabete Camargo, 56 anos, moradora de \u00c1gua Quente, relata como a iniciativa transformou sua vida. \u201cEu vivia um sofrimento imenso, pois era v\u00edtima de viol\u00eancia dom\u00e9stica. Consegui me libertar dessa realidade com o apoio do Direito Delas e, gra\u00e7as ao Banco de Talentos, encontrei uma nova perspectiva. As feiras me abriram portas: fiz amizades, compartilhei conhecimentos, comecei a ganhar o pr\u00f3prio dinheiro e, o mais importante, conquistei a independ\u00eancia que precisava para recome\u00e7ar\u201d, contou.<\/p>\n<p>A secret\u00e1ria de Justi\u00e7a e Cidadania do DF, Marcela Passamani, participou da abertura da primeira Feira de Talentos de 2025 e destacou a import\u00e2ncia da iniciativa. \u201cO empreendedorismo pode ser um caminho para resgatar mulheres da situa\u00e7\u00e3o de vulnerabilidade social e da viol\u00eancia dom\u00e9stica, permitindo que alcancem a independ\u00eancia financeira e rompam ciclos abusivos. Al\u00e9m disso, fortalece a autoestima e a confian\u00e7a, incentivando essas mulheres a buscarem apoio para transformar suas vidas\u201d, afirmou.<\/p>\n<p><strong>Banco de Talentos<\/strong><br \/>\nCoordenado pela Subsecretaria de Apoio a V\u00edtimas de Viol\u00eancia (Subav), da Sejus-DF, o Banco de Talentos disponibiliza gratuitamente espa\u00e7os para comercializa\u00e7\u00e3o de produtos e servi\u00e7os de mulheres em situa\u00e7\u00e3o de vulnerabilidade social e viol\u00eancia. A iniciativa \u00e9 realizada em parceria com entidades p\u00fablicas e privadas e atende mulheres vinculadas ao programa Direito Delas.<\/p>\n<p>Atualmente, o Direito Delas oferece atendimentos social, psicol\u00f3gico e jur\u00eddico em dez n\u00facleos: Ceil\u00e2ndia, Estrutural, Guar\u00e1, Itapo\u00e3, Parano\u00e1, Planaltina, Plano Piloto, Recanto das Emas, Gama e Samambaia.<\/p>\n","protected":false},"excerpt":{"rendered":"<p>A artes\u00e3 Iara Ma\u00edsa Gon\u00e7alves, 66 anos, moradora do Recanto das Emas, era uma das expositoras mais entusiasmadas na primeira edi\u00e7\u00e3o da Feira de Talentos de 2025, realizada no \u00faltimo fim de semana na antiga Rodoferrovi\u00e1ria. O evento integra o Banco de Talentos, projeto da Secretaria de Justi\u00e7a e Cidadania do Distrito Federal (Sejus-DF) que [&hellip;]<\/p>\n","protected":false},"author":2,"featured_media":347643,"comment_status":"closed","ping_status":"closed","sticky":false,"template":"","format":"standard","meta":{"_acf_changed":false,"footnotes":""},"categories":[161],"tags":[],"class_list":["post-347642","post","type-post","status-publish","format-standard","has-post-thumbnail","hentry","category-quadradinho-em-foco"],"acf":[],"_links":{"self":[{"href":"https:\/\/www.notibras.com\/site\/wp-json\/wp\/v2\/posts\/347642","targetHints":{"allow":["GET"]}}],"collection":[{"href":"https:\/\/www.notibras.com\/site\/wp-json\/wp\/v2\/posts"}],"about":[{"href":"https:\/\/www.notibras.com\/site\/wp-json\/wp\/v2\/types\/post"}],"author":[{"embeddable":true,"href":"https:\/\/www.notibras.com\/site\/wp-json\/wp\/v2\/users\/2"}],"replies":[{"embeddable":true,"href":"https:\/\/www.notibras.com\/site\/wp-json\/wp\/v2\/comments?post=347642"}],"version-history":[{"count":1,"href":"https:\/\/www.notibras.com\/site\/wp-json\/wp\/v2\/posts\/347642\/revisions"}],"predecessor-version":[{"id":347644,"href":"https:\/\/www.notibras.com\/site\/wp-json\/wp\/v2\/posts\/347642\/revisions\/347644"}],"wp:featuredmedia":[{"embeddable":true,"href":"https:\/\/www.notibras.com\/site\/wp-json\/wp\/v2\/media\/347643"}],"wp:attachment":[{"href":"https:\/\/www.notibras.com\/site\/wp-json\/wp\/v2\/media?parent=347642"}],"wp:term":[{"taxonomy":"category","embeddable":true,"href":"https:\/\/www.notibras.com\/site\/wp-json\/wp\/v2\/categories?post=347642"},{"taxonomy":"post_tag","embeddable":true,"href":"https:\/\/www.notibras.com\/site\/wp-json\/wp\/v2\/tags?post=347642"}],"curies":[{"name":"wp","href":"https:\/\/api.w.org\/{rel}","templated":true}]}}