{"id":34767,"date":"2015-01-22T22:36:45","date_gmt":"2015-01-23T01:36:45","guid":{"rendered":"http:\/\/www.notibras.com\/site\/?p=34767"},"modified":"2015-01-22T22:38:10","modified_gmt":"2015-01-23T01:38:10","slug":"quem-avisa-amigo-e-se-sao-pedro-nao-ajudar-pode-faltar-energia","status":"publish","type":"post","link":"https:\/\/www.notibras.com\/site\/quem-avisa-amigo-e-se-sao-pedro-nao-ajudar-pode-faltar-energia\/","title":{"rendered":"Quem avisa, amigo \u00e9. Se S\u00e3o Pedro n\u00e3o der for\u00e7a, faltar\u00e1 energia"},"content":{"rendered":"<div class=\"content\">\n<p>O ministro de Minas e Energia, Eduardo Braga, disse nesta quinta 22 que, se os reservat\u00f3rios das hidrel\u00e9tricas chegarem a n\u00edveis menores que 10% da capacidade m\u00e1xima, o pa\u00eds poder\u00e1 ter &#8220;problemas graves&#8221;, e o governo tomar\u00e1 as \u201cmedidas necess\u00e1rias\u201d, que podem incluir o racionamento de energia. Atualmente, os reservat\u00f3rios do sistema Sudeste\/Centro-Oeste est\u00e3o em 17,43% de sua capacidade m\u00e1xima e os da regi\u00e3o Norte est\u00e3o em 17,18%.<\/p>\n<p>\u201cMantido o n\u00edvel que temos hoje nos reservat\u00f3rios, temos energia para abastecer o Brasil. \u00c9 \u00f3bvio que se tivermos mais falta de \u00e1gua, se passarmos do limite prudencial de 10% nos nossos reservat\u00f3rios, estamos diante de um cen\u00e1rio que nunca foi previsto em nenhuma modelagem\u201d, disse Braga. Segundo o ministro, esse \u00e9 o limite estabelecido pelo Centro de Pesquisas de Energia El\u00e9trica (Cepel) para o funcionamento das usinas hidrel\u00e9tricas. &#8220;A partir da\u00ed, ter\u00edamos problemas graves, mas estamos longe disso&#8221;, ressaltou.<\/p>\n<blockquote><p>Segundo o ministro, o pa\u00eds enfrenta atualmente uma situa\u00e7\u00e3o hidrol\u00f3gica pior do que a verificada em 2001, quando foi decretado um racionamento de energia no pa\u00eds. Ele informou que o governo est\u00e1 monitorando o consumo de energia, e que n\u00e3o h\u00e1 previs\u00e3o de outro pico de demanda, porque a temperatura est\u00e1 amenizando, o que reduz gastos com equipamentos como ar-condicionado.<\/p><\/blockquote>\n<p>Para o ministro, o consumidor brasileiro tem capacidade de administrar o gasto de energia. \u201cEsperamos que, de forma inteligente, o povo brasileiro, que sempre soube cuidar da sua economia, possa definir qual o consumo ele quer, porque tem um pre\u00e7o a pagar por esse consumo, e ele est\u00e1 sendo informado sobre isso\u201d, disse.<\/p>\n<p>Braga minimizou a importa\u00e7\u00e3o de energia da Argentina nos \u00faltimos dois dias. Ele explicou que a importa\u00e7\u00e3o n\u00e3o foi feita por falta de energia no Brasil, e que havia energia sobrando no Nordeste, mas que, por limita\u00e7\u00f5es de transmiss\u00f5es, n\u00e3o tinha como ser levada para as outras regi\u00f5es do pa\u00eds naquele momento. \u201cTemos um interc\u00e2mbio desde 2006, \u00e9 normal n\u00f3s usarmos energia deles e eles a nossa. Isso sequer \u00e9 tratado como compra de energia, \u00e9 uma compensa\u00e7\u00e3o de energia\u201d. Na \u00faltima ter\u00e7a-feira (20), o Brasil importou um total de 165 megawatts (MW) m\u00e9dios da Argentina para contribuir no atendimento do Sistema Interligado Nacional. Ontem (21), foram importados 90 MW m\u00e9dios.<\/p>\n<header>\n<div class=\"node-info\"><strong>Sabrina Craide, ABr<\/strong><strong><br \/>\n<\/strong><\/div>\n<\/header>\n<\/div>\n","protected":false},"excerpt":{"rendered":"<p>O ministro de Minas e Energia, Eduardo Braga, disse nesta quinta 22 que, se os reservat\u00f3rios das hidrel\u00e9tricas chegarem a n\u00edveis menores que 10% da capacidade m\u00e1xima, o pa\u00eds poder\u00e1 ter &#8220;problemas graves&#8221;, e o governo tomar\u00e1 as \u201cmedidas necess\u00e1rias\u201d, que podem incluir o racionamento de energia. Atualmente, os reservat\u00f3rios do sistema Sudeste\/Centro-Oeste est\u00e3o em [&hellip;]<\/p>\n","protected":false},"author":2,"featured_media":34768,"comment_status":"open","ping_status":"closed","sticky":false,"template":"","format":"standard","meta":{"_acf_changed":false,"footnotes":""},"categories":[16],"tags":[],"class_list":["post-34767","post","type-post","status-publish","format-standard","has-post-thumbnail","hentry","category-brasil"],"acf":[],"yoast_head":"<!-- This site is optimized with the Yoast SEO plugin v27.2 - https:\/\/yoast.com\/product\/yoast-seo-wordpress\/ -->\n<title>Quem avisa, amigo \u00e9. Se S\u00e3o Pedro n\u00e3o der for\u00e7a, faltar\u00e1 energia - Notibras<\/title>\n<meta name=\"robots\" content=\"index, follow, max-snippet:-1, max-image-preview:large, max-video-preview:-1\" \/>\n<link rel=\"canonical\" href=\"https:\/\/www.notibras.com\/site\/quem-avisa-amigo-e-se-sao-pedro-nao-ajudar-pode-faltar-energia\/\" \/>\n<meta property=\"og:locale\" content=\"pt_BR\" \/>\n<meta property=\"og:type\" content=\"article\" \/>\n<meta property=\"og:title\" content=\"Quem avisa, amigo \u00e9. Se S\u00e3o Pedro n\u00e3o der for\u00e7a, faltar\u00e1 energia - Notibras\" \/>\n<meta property=\"og:description\" content=\"O ministro de Minas e Energia, Eduardo Braga, disse nesta quinta 22 que, se os reservat\u00f3rios das hidrel\u00e9tricas chegarem a n\u00edveis menores que 10% da capacidade m\u00e1xima, o pa\u00eds poder\u00e1 ter &#8220;problemas graves&#8221;, e o governo tomar\u00e1 as \u201cmedidas necess\u00e1rias\u201d, que podem incluir o racionamento de energia. Atualmente, os reservat\u00f3rios do sistema Sudeste\/Centro-Oeste est\u00e3o em [&hellip;]\" \/>\n<meta property=\"og:url\" content=\"https:\/\/www.notibras.com\/site\/quem-avisa-amigo-e-se-sao-pedro-nao-ajudar-pode-faltar-energia\/\" \/>\n<meta property=\"og:site_name\" content=\"Notibras\" \/>\n<meta property=\"article:publisher\" content=\"https:\/\/www.facebook.com\/notibras\/\" \/>\n<meta property=\"article:published_time\" content=\"2015-01-23T01:36:45+00:00\" \/>\n<meta property=\"article:modified_time\" content=\"2015-01-23T01:38:10+00:00\" \/>\n<meta property=\"og:image\" content=\"https:\/\/www.notibras.com\/site\/wp-content\/uploads\/2015\/01\/size_810_16_9_eduardo-braga.jpg\" \/>\n\t<meta property=\"og:image:width\" content=\"810\" \/>\n\t<meta property=\"og:image:height\" content=\"455\" \/>\n\t<meta property=\"og:image:type\" content=\"image\/jpeg\" \/>\n<meta name=\"author\" content=\"Reda\u00e7\u00e3o\" \/>\n<meta name=\"twitter:card\" content=\"summary_large_image\" \/>\n<meta name=\"twitter:creator\" content=\"@Notibras\" \/>\n<meta name=\"twitter:site\" content=\"@Notibras\" \/>\n<meta name=\"twitter:label1\" content=\"Escrito por\" \/>\n\t<meta name=\"twitter:data1\" content=\"Reda\u00e7\u00e3o\" \/>\n\t<meta name=\"twitter:label2\" content=\"Est. tempo de leitura\" \/>\n\t<meta name=\"twitter:data2\" content=\"2 minutos\" \/>\n<script type=\"application\/ld+json\" class=\"yoast-schema-graph\">{\"@context\":\"https:\/\/schema.org\",\"@graph\":[{\"@type\":\"Article\",\"@id\":\"https:\/\/www.notibras.com\/site\/quem-avisa-amigo-e-se-sao-pedro-nao-ajudar-pode-faltar-energia\/#article\",\"isPartOf\":{\"@id\":\"https:\/\/www.notibras.com\/site\/quem-avisa-amigo-e-se-sao-pedro-nao-ajudar-pode-faltar-energia\/\"},\"author\":{\"name\":\"Reda\u00e7\u00e3o\",\"@id\":\"https:\/\/www.notibras.com\/site\/#\/schema\/person\/36ab0979449956132d3e5b517ea76ac8\"},\"headline\":\"Quem avisa, amigo \u00e9. Se S\u00e3o Pedro n\u00e3o der for\u00e7a, faltar\u00e1 energia\",\"datePublished\":\"2015-01-23T01:36:45+00:00\",\"dateModified\":\"2015-01-23T01:38:10+00:00\",\"mainEntityOfPage\":{\"@id\":\"https:\/\/www.notibras.com\/site\/quem-avisa-amigo-e-se-sao-pedro-nao-ajudar-pode-faltar-energia\/\"},\"wordCount\":413,\"commentCount\":0,\"publisher\":{\"@id\":\"https:\/\/www.notibras.com\/site\/#organization\"},\"image\":{\"@id\":\"https:\/\/www.notibras.com\/site\/quem-avisa-amigo-e-se-sao-pedro-nao-ajudar-pode-faltar-energia\/#primaryimage\"},\"thumbnailUrl\":\"https:\/\/www.notibras.com\/site\/wp-content\/uploads\/2015\/01\/size_810_16_9_eduardo-braga.jpg\",\"articleSection\":[\"Brasil\"],\"inLanguage\":\"pt-BR\",\"potentialAction\":[{\"@type\":\"CommentAction\",\"name\":\"Comment\",\"target\":[\"https:\/\/www.notibras.com\/site\/quem-avisa-amigo-e-se-sao-pedro-nao-ajudar-pode-faltar-energia\/#respond\"]}]},{\"@type\":\"WebPage\",\"@id\":\"https:\/\/www.notibras.com\/site\/quem-avisa-amigo-e-se-sao-pedro-nao-ajudar-pode-faltar-energia\/\",\"url\":\"https:\/\/www.notibras.com\/site\/quem-avisa-amigo-e-se-sao-pedro-nao-ajudar-pode-faltar-energia\/\",\"name\":\"Quem avisa, amigo \u00e9. Se S\u00e3o Pedro n\u00e3o der for\u00e7a, faltar\u00e1 energia - Notibras\",\"isPartOf\":{\"@id\":\"https:\/\/www.notibras.com\/site\/#website\"},\"primaryImageOfPage\":{\"@id\":\"https:\/\/www.notibras.com\/site\/quem-avisa-amigo-e-se-sao-pedro-nao-ajudar-pode-faltar-energia\/#primaryimage\"},\"image\":{\"@id\":\"https:\/\/www.notibras.com\/site\/quem-avisa-amigo-e-se-sao-pedro-nao-ajudar-pode-faltar-energia\/#primaryimage\"},\"thumbnailUrl\":\"https:\/\/www.notibras.com\/site\/wp-content\/uploads\/2015\/01\/size_810_16_9_eduardo-braga.jpg\",\"datePublished\":\"2015-01-23T01:36:45+00:00\",\"dateModified\":\"2015-01-23T01:38:10+00:00\",\"breadcrumb\":{\"@id\":\"https:\/\/www.notibras.com\/site\/quem-avisa-amigo-e-se-sao-pedro-nao-ajudar-pode-faltar-energia\/#breadcrumb\"},\"inLanguage\":\"pt-BR\",\"potentialAction\":[{\"@type\":\"ReadAction\",\"target\":[\"https:\/\/www.notibras.com\/site\/quem-avisa-amigo-e-se-sao-pedro-nao-ajudar-pode-faltar-energia\/\"]}]},{\"@type\":\"ImageObject\",\"inLanguage\":\"pt-BR\",\"@id\":\"https:\/\/www.notibras.com\/site\/quem-avisa-amigo-e-se-sao-pedro-nao-ajudar-pode-faltar-energia\/#primaryimage\",\"url\":\"https:\/\/www.notibras.com\/site\/wp-content\/uploads\/2015\/01\/size_810_16_9_eduardo-braga.jpg\",\"contentUrl\":\"https:\/\/www.notibras.com\/site\/wp-content\/uploads\/2015\/01\/size_810_16_9_eduardo-braga.jpg\",\"width\":810,\"height\":455},{\"@type\":\"BreadcrumbList\",\"@id\":\"https:\/\/www.notibras.com\/site\/quem-avisa-amigo-e-se-sao-pedro-nao-ajudar-pode-faltar-energia\/#breadcrumb\",\"itemListElement\":[{\"@type\":\"ListItem\",\"position\":1,\"name\":\"In\u00edcio\",\"item\":\"https:\/\/www.notibras.com\/site\/\"},{\"@type\":\"ListItem\",\"position\":2,\"name\":\"Quem avisa, amigo \u00e9. Se S\u00e3o Pedro n\u00e3o der for\u00e7a, faltar\u00e1 energia\"}]},{\"@type\":\"WebSite\",\"@id\":\"https:\/\/www.notibras.com\/site\/#website\",\"url\":\"https:\/\/www.notibras.com\/site\/\",\"name\":\"Notibras\",\"description\":\"Not\u00edcias de Bras\u00edlia, do Brasil e do Mundo\",\"publisher\":{\"@id\":\"https:\/\/www.notibras.com\/site\/#organization\"},\"potentialAction\":[{\"@type\":\"SearchAction\",\"target\":{\"@type\":\"EntryPoint\",\"urlTemplate\":\"https:\/\/www.notibras.com\/site\/?s={search_term_string}\"},\"query-input\":{\"@type\":\"PropertyValueSpecification\",\"valueRequired\":true,\"valueName\":\"search_term_string\"}}],\"inLanguage\":\"pt-BR\"},{\"@type\":\"Organization\",\"@id\":\"https:\/\/www.notibras.com\/site\/#organization\",\"name\":\"Grupo Notibras de Comunica\u00e7\u00e3o\",\"url\":\"https:\/\/www.notibras.com\/site\/\",\"logo\":{\"@type\":\"ImageObject\",\"inLanguage\":\"pt-BR\",\"@id\":\"https:\/\/www.notibras.com\/site\/#\/schema\/logo\/image\/\",\"url\":\"https:\/\/www.notibras.com\/site\/wp-content\/uploads\/2023\/01\/notibras23.png\",\"contentUrl\":\"https:\/\/www.notibras.com\/site\/wp-content\/uploads\/2023\/01\/notibras23.png\",\"width\":350,\"height\":87,\"caption\":\"Grupo Notibras de Comunica\u00e7\u00e3o\"},\"image\":{\"@id\":\"https:\/\/www.notibras.com\/site\/#\/schema\/logo\/image\/\"},\"sameAs\":[\"https:\/\/www.facebook.com\/notibras\/\",\"https:\/\/x.com\/Notibras\",\"https:\/\/www.instagram.com\/notibras\/\"]},{\"@type\":\"Person\",\"@id\":\"https:\/\/www.notibras.com\/site\/#\/schema\/person\/36ab0979449956132d3e5b517ea76ac8\",\"name\":\"Reda\u00e7\u00e3o\",\"image\":{\"@type\":\"ImageObject\",\"inLanguage\":\"pt-BR\",\"@id\":\"https:\/\/secure.gravatar.com\/avatar\/e0a867bdedb85fd243eadf09663511f96fc81e0720a4a42581f334ad4303aa6b?s=96&d=mm&r=g\",\"url\":\"https:\/\/secure.gravatar.com\/avatar\/e0a867bdedb85fd243eadf09663511f96fc81e0720a4a42581f334ad4303aa6b?s=96&d=mm&r=g\",\"contentUrl\":\"https:\/\/secure.gravatar.com\/avatar\/e0a867bdedb85fd243eadf09663511f96fc81e0720a4a42581f334ad4303aa6b?s=96&d=mm&r=g\",\"caption\":\"Reda\u00e7\u00e3o\"}}]}<\/script>\n<!-- \/ Yoast SEO plugin. -->","yoast_head_json":{"title":"Quem avisa, amigo \u00e9. Se S\u00e3o Pedro n\u00e3o der for\u00e7a, faltar\u00e1 energia - Notibras","robots":{"index":"index","follow":"follow","max-snippet":"max-snippet:-1","max-image-preview":"max-image-preview:large","max-video-preview":"max-video-preview:-1"},"canonical":"https:\/\/www.notibras.com\/site\/quem-avisa-amigo-e-se-sao-pedro-nao-ajudar-pode-faltar-energia\/","og_locale":"pt_BR","og_type":"article","og_title":"Quem avisa, amigo \u00e9. Se S\u00e3o Pedro n\u00e3o der for\u00e7a, faltar\u00e1 energia - Notibras","og_description":"O ministro de Minas e Energia, Eduardo Braga, disse nesta quinta 22 que, se os reservat\u00f3rios das hidrel\u00e9tricas chegarem a n\u00edveis menores que 10% da capacidade m\u00e1xima, o pa\u00eds poder\u00e1 ter &#8220;problemas graves&#8221;, e o governo tomar\u00e1 as \u201cmedidas necess\u00e1rias\u201d, que podem incluir o racionamento de energia. Atualmente, os reservat\u00f3rios do sistema Sudeste\/Centro-Oeste est\u00e3o em [&hellip;]","og_url":"https:\/\/www.notibras.com\/site\/quem-avisa-amigo-e-se-sao-pedro-nao-ajudar-pode-faltar-energia\/","og_site_name":"Notibras","article_publisher":"https:\/\/www.facebook.com\/notibras\/","article_published_time":"2015-01-23T01:36:45+00:00","article_modified_time":"2015-01-23T01:38:10+00:00","og_image":[{"width":810,"height":455,"url":"https:\/\/www.notibras.com\/site\/wp-content\/uploads\/2015\/01\/size_810_16_9_eduardo-braga.jpg","type":"image\/jpeg"}],"author":"Reda\u00e7\u00e3o","twitter_card":"summary_large_image","twitter_creator":"@Notibras","twitter_site":"@Notibras","twitter_misc":{"Escrito por":"Reda\u00e7\u00e3o","Est. tempo de leitura":"2 minutos"},"schema":{"@context":"https:\/\/schema.org","@graph":[{"@type":"Article","@id":"https:\/\/www.notibras.com\/site\/quem-avisa-amigo-e-se-sao-pedro-nao-ajudar-pode-faltar-energia\/#article","isPartOf":{"@id":"https:\/\/www.notibras.com\/site\/quem-avisa-amigo-e-se-sao-pedro-nao-ajudar-pode-faltar-energia\/"},"author":{"name":"Reda\u00e7\u00e3o","@id":"https:\/\/www.notibras.com\/site\/#\/schema\/person\/36ab0979449956132d3e5b517ea76ac8"},"headline":"Quem avisa, amigo \u00e9. Se S\u00e3o Pedro n\u00e3o der for\u00e7a, faltar\u00e1 energia","datePublished":"2015-01-23T01:36:45+00:00","dateModified":"2015-01-23T01:38:10+00:00","mainEntityOfPage":{"@id":"https:\/\/www.notibras.com\/site\/quem-avisa-amigo-e-se-sao-pedro-nao-ajudar-pode-faltar-energia\/"},"wordCount":413,"commentCount":0,"publisher":{"@id":"https:\/\/www.notibras.com\/site\/#organization"},"image":{"@id":"https:\/\/www.notibras.com\/site\/quem-avisa-amigo-e-se-sao-pedro-nao-ajudar-pode-faltar-energia\/#primaryimage"},"thumbnailUrl":"https:\/\/www.notibras.com\/site\/wp-content\/uploads\/2015\/01\/size_810_16_9_eduardo-braga.jpg","articleSection":["Brasil"],"inLanguage":"pt-BR","potentialAction":[{"@type":"CommentAction","name":"Comment","target":["https:\/\/www.notibras.com\/site\/quem-avisa-amigo-e-se-sao-pedro-nao-ajudar-pode-faltar-energia\/#respond"]}]},{"@type":"WebPage","@id":"https:\/\/www.notibras.com\/site\/quem-avisa-amigo-e-se-sao-pedro-nao-ajudar-pode-faltar-energia\/","url":"https:\/\/www.notibras.com\/site\/quem-avisa-amigo-e-se-sao-pedro-nao-ajudar-pode-faltar-energia\/","name":"Quem avisa, amigo \u00e9. Se S\u00e3o Pedro n\u00e3o der for\u00e7a, faltar\u00e1 energia - Notibras","isPartOf":{"@id":"https:\/\/www.notibras.com\/site\/#website"},"primaryImageOfPage":{"@id":"https:\/\/www.notibras.com\/site\/quem-avisa-amigo-e-se-sao-pedro-nao-ajudar-pode-faltar-energia\/#primaryimage"},"image":{"@id":"https:\/\/www.notibras.com\/site\/quem-avisa-amigo-e-se-sao-pedro-nao-ajudar-pode-faltar-energia\/#primaryimage"},"thumbnailUrl":"https:\/\/www.notibras.com\/site\/wp-content\/uploads\/2015\/01\/size_810_16_9_eduardo-braga.jpg","datePublished":"2015-01-23T01:36:45+00:00","dateModified":"2015-01-23T01:38:10+00:00","breadcrumb":{"@id":"https:\/\/www.notibras.com\/site\/quem-avisa-amigo-e-se-sao-pedro-nao-ajudar-pode-faltar-energia\/#breadcrumb"},"inLanguage":"pt-BR","potentialAction":[{"@type":"ReadAction","target":["https:\/\/www.notibras.com\/site\/quem-avisa-amigo-e-se-sao-pedro-nao-ajudar-pode-faltar-energia\/"]}]},{"@type":"ImageObject","inLanguage":"pt-BR","@id":"https:\/\/www.notibras.com\/site\/quem-avisa-amigo-e-se-sao-pedro-nao-ajudar-pode-faltar-energia\/#primaryimage","url":"https:\/\/www.notibras.com\/site\/wp-content\/uploads\/2015\/01\/size_810_16_9_eduardo-braga.jpg","contentUrl":"https:\/\/www.notibras.com\/site\/wp-content\/uploads\/2015\/01\/size_810_16_9_eduardo-braga.jpg","width":810,"height":455},{"@type":"BreadcrumbList","@id":"https:\/\/www.notibras.com\/site\/quem-avisa-amigo-e-se-sao-pedro-nao-ajudar-pode-faltar-energia\/#breadcrumb","itemListElement":[{"@type":"ListItem","position":1,"name":"In\u00edcio","item":"https:\/\/www.notibras.com\/site\/"},{"@type":"ListItem","position":2,"name":"Quem avisa, amigo \u00e9. Se S\u00e3o Pedro n\u00e3o der for\u00e7a, faltar\u00e1 energia"}]},{"@type":"WebSite","@id":"https:\/\/www.notibras.com\/site\/#website","url":"https:\/\/www.notibras.com\/site\/","name":"Notibras","description":"Not\u00edcias de Bras\u00edlia, do Brasil e do Mundo","publisher":{"@id":"https:\/\/www.notibras.com\/site\/#organization"},"potentialAction":[{"@type":"SearchAction","target":{"@type":"EntryPoint","urlTemplate":"https:\/\/www.notibras.com\/site\/?s={search_term_string}"},"query-input":{"@type":"PropertyValueSpecification","valueRequired":true,"valueName":"search_term_string"}}],"inLanguage":"pt-BR"},{"@type":"Organization","@id":"https:\/\/www.notibras.com\/site\/#organization","name":"Grupo Notibras de Comunica\u00e7\u00e3o","url":"https:\/\/www.notibras.com\/site\/","logo":{"@type":"ImageObject","inLanguage":"pt-BR","@id":"https:\/\/www.notibras.com\/site\/#\/schema\/logo\/image\/","url":"https:\/\/www.notibras.com\/site\/wp-content\/uploads\/2023\/01\/notibras23.png","contentUrl":"https:\/\/www.notibras.com\/site\/wp-content\/uploads\/2023\/01\/notibras23.png","width":350,"height":87,"caption":"Grupo Notibras de Comunica\u00e7\u00e3o"},"image":{"@id":"https:\/\/www.notibras.com\/site\/#\/schema\/logo\/image\/"},"sameAs":["https:\/\/www.facebook.com\/notibras\/","https:\/\/x.com\/Notibras","https:\/\/www.instagram.com\/notibras\/"]},{"@type":"Person","@id":"https:\/\/www.notibras.com\/site\/#\/schema\/person\/36ab0979449956132d3e5b517ea76ac8","name":"Reda\u00e7\u00e3o","image":{"@type":"ImageObject","inLanguage":"pt-BR","@id":"https:\/\/secure.gravatar.com\/avatar\/e0a867bdedb85fd243eadf09663511f96fc81e0720a4a42581f334ad4303aa6b?s=96&d=mm&r=g","url":"https:\/\/secure.gravatar.com\/avatar\/e0a867bdedb85fd243eadf09663511f96fc81e0720a4a42581f334ad4303aa6b?s=96&d=mm&r=g","contentUrl":"https:\/\/secure.gravatar.com\/avatar\/e0a867bdedb85fd243eadf09663511f96fc81e0720a4a42581f334ad4303aa6b?s=96&d=mm&r=g","caption":"Reda\u00e7\u00e3o"}}]}},"amp_enabled":true,"_links":{"self":[{"href":"https:\/\/www.notibras.com\/site\/wp-json\/wp\/v2\/posts\/34767","targetHints":{"allow":["GET"]}}],"collection":[{"href":"https:\/\/www.notibras.com\/site\/wp-json\/wp\/v2\/posts"}],"about":[{"href":"https:\/\/www.notibras.com\/site\/wp-json\/wp\/v2\/types\/post"}],"author":[{"embeddable":true,"href":"https:\/\/www.notibras.com\/site\/wp-json\/wp\/v2\/users\/2"}],"replies":[{"embeddable":true,"href":"https:\/\/www.notibras.com\/site\/wp-json\/wp\/v2\/comments?post=34767"}],"version-history":[{"count":0,"href":"https:\/\/www.notibras.com\/site\/wp-json\/wp\/v2\/posts\/34767\/revisions"}],"wp:featuredmedia":[{"embeddable":true,"href":"https:\/\/www.notibras.com\/site\/wp-json\/wp\/v2\/media\/34768"}],"wp:attachment":[{"href":"https:\/\/www.notibras.com\/site\/wp-json\/wp\/v2\/media?parent=34767"}],"wp:term":[{"taxonomy":"category","embeddable":true,"href":"https:\/\/www.notibras.com\/site\/wp-json\/wp\/v2\/categories?post=34767"},{"taxonomy":"post_tag","embeddable":true,"href":"https:\/\/www.notibras.com\/site\/wp-json\/wp\/v2\/tags?post=34767"}],"curies":[{"name":"wp","href":"https:\/\/api.w.org\/{rel}","templated":true}]}}