{"id":34776,"date":"2015-01-23T04:35:17","date_gmt":"2015-01-23T07:35:17","guid":{"rendered":"http:\/\/www.notibras.com\/site\/?p=34776"},"modified":"2015-01-23T11:05:41","modified_gmt":"2015-01-23T14:05:41","slug":"indonesia-rejeita-pressao-e-coloca-outro-brasileiro-no-corredor-da-morte","status":"publish","type":"post","link":"https:\/\/www.notibras.com\/site\/indonesia-rejeita-pressao-e-coloca-outro-brasileiro-no-corredor-da-morte\/","title":{"rendered":"Jacarta rejeita press\u00e3o e lista outro brasileiro na execu\u00e7\u00e3o"},"content":{"rendered":"<p>De nada adiantam as press\u00f5es externas (al\u00e9m do Brasil, outras na\u00e7\u00f5es t\u00eam se manifestado contra a pena de morte), e mesmo ap\u00f3s a execu\u00e7\u00e3o do ex-instrutor de asa delta Marco Archer, no s\u00e1bado 17, o foco das a\u00e7\u00f5es do Itamaraty est\u00e1 em outro brasileiro preso na Indon\u00e9sia. O paranaense Rodrigo Gularte, 42 anos, teve seu pedido de clem\u00eancia rejeitado na ter\u00e7a-feira (20) e deve ser executado em fevereiro.<\/p>\n<p>Rodrigo Gularte est\u00e1 entre os 37 estrangeiros condenados por tr\u00e1fico de drogas que podem ser executados por fuzilamento. Na embaixada brasileira, a expectativa \u00e9 que o cumprimento da pena seja marcado em fevereiro. Apesar da sua defesa defender que o paranaense sofre de esquizofrenia, e por isso deveria receber clem\u00eancia, o clima na Indon\u00e9sia \u00e9 outro.<\/p>\n<p>O encarregado de neg\u00f3cios da embaixada brasileira em Jacarta, Leonardo Carvalho Monteiro, enviou mensagem ao Itamaraty revelando o clima favor\u00e1vel ao cumprimento de legisla\u00e7\u00e3o do pa\u00eds em casos de tr\u00e1ficos de drogas, mesmo com a press\u00e3o internacional para o fim deste tipo de puni\u00e7\u00e3o.<\/p>\n<blockquote><p>No texto, ele informa ao Minist\u00e9rio das Rela\u00e7\u00f5es Exteriores do Brasil declara\u00e7\u00f5es feitas pelas mais altas autoridades indon\u00e9sias a respeito das execu\u00e7\u00f5es que ocorreram. De forma geral, h\u00e1 uma unanimidade de que a press\u00e3o internacional n\u00e3o vai funcionar e que a pena m\u00e1xima continuar\u00e1 a ser aplicada. Segundo Monteiro, o vice-presidente da Indon\u00e9sia, Jusuf Kalla, pediu que os outros pa\u00edses respeitem a posi\u00e7\u00e3o do governo local &#8220;sobre seus problemas dom\u00e9sticos&#8221;.<\/p><\/blockquote>\n<p class=\"text\">&#8220;O procurador-geral, H. M. Prasetyo, por sua vez, teria declarado que a Indon\u00e9sia n\u00e3o iria se curvar \u00e0 press\u00e3o internacional e retomaria as execu\u00e7\u00f5es com prioridade para os condenados por crimes relacionados \u00e0s drogas, independentemente de suas nacionalidades&#8221;, afirmou Monteiro na mensagem. Al\u00e9m de enviada ao Itamaraty, ela foi replicada para outros postos brasileiros no Sudeste Asi\u00e1tico.<\/p>\n<p class=\"text\">Pelo telegrama, o encarregado de neg\u00f3cios deixa nas entrelinhas que a decis\u00e3o brasileira de convocar o embaixador Paulo Alberto da Silveira Soares para consulta &#8211; a Holanda teve a mesma postura -, n\u00e3o ter\u00e1 efeito pr\u00e1tico. O diplomata respons\u00e1vel pela embaixada brasileira no momento, o porta-voz do Minist\u00e9rio dos Neg\u00f3cios Estrangeiros, Armanatha Nasir, reafirmou que n\u00e3o h\u00e1 rompimento das rela\u00e7\u00f5es diplom\u00e1ticas.<\/p>\n","protected":false},"excerpt":{"rendered":"<p>De nada adiantam as press\u00f5es externas (al\u00e9m do Brasil, outras na\u00e7\u00f5es t\u00eam se manifestado contra a pena de morte), e mesmo ap\u00f3s a execu\u00e7\u00e3o do ex-instrutor de asa delta Marco Archer, no s\u00e1bado 17, o foco das a\u00e7\u00f5es do Itamaraty est\u00e1 em outro brasileiro preso na Indon\u00e9sia. O paranaense Rodrigo Gularte, 42 anos, teve seu [&hellip;]<\/p>\n","protected":false},"author":2,"featured_media":34777,"comment_status":"open","ping_status":"closed","sticky":false,"template":"","format":"standard","meta":{"_acf_changed":false,"footnotes":""},"categories":[16],"tags":[],"class_list":["post-34776","post","type-post","status-publish","format-standard","has-post-thumbnail","hentry","category-brasil"],"acf":[],"yoast_head":"<!-- This site is optimized with the Yoast SEO plugin v27.2 - https:\/\/yoast.com\/product\/yoast-seo-wordpress\/ -->\n<title>Jacarta rejeita press\u00e3o e lista outro brasileiro na execu\u00e7\u00e3o - Notibras<\/title>\n<meta name=\"robots\" content=\"index, follow, max-snippet:-1, max-image-preview:large, max-video-preview:-1\" \/>\n<link rel=\"canonical\" href=\"https:\/\/www.notibras.com\/site\/indonesia-rejeita-pressao-e-coloca-outro-brasileiro-no-corredor-da-morte\/\" \/>\n<meta property=\"og:locale\" content=\"pt_BR\" \/>\n<meta property=\"og:type\" content=\"article\" \/>\n<meta property=\"og:title\" content=\"Jacarta rejeita press\u00e3o e lista outro brasileiro na execu\u00e7\u00e3o - Notibras\" \/>\n<meta property=\"og:description\" content=\"De nada adiantam as press\u00f5es externas (al\u00e9m do Brasil, outras na\u00e7\u00f5es t\u00eam se manifestado contra a pena de morte), e mesmo ap\u00f3s a execu\u00e7\u00e3o do ex-instrutor de asa delta Marco Archer, no s\u00e1bado 17, o foco das a\u00e7\u00f5es do Itamaraty est\u00e1 em outro brasileiro preso na Indon\u00e9sia. O paranaense Rodrigo Gularte, 42 anos, teve seu [&hellip;]\" \/>\n<meta property=\"og:url\" content=\"https:\/\/www.notibras.com\/site\/indonesia-rejeita-pressao-e-coloca-outro-brasileiro-no-corredor-da-morte\/\" \/>\n<meta property=\"og:site_name\" content=\"Notibras\" \/>\n<meta property=\"article:publisher\" content=\"https:\/\/www.facebook.com\/notibras\/\" \/>\n<meta property=\"article:published_time\" content=\"2015-01-23T07:35:17+00:00\" \/>\n<meta property=\"article:modified_time\" content=\"2015-01-23T14:05:41+00:00\" \/>\n<meta property=\"og:image\" content=\"https:\/\/www.notibras.com\/site\/wp-content\/uploads\/2015\/01\/indonesiarodrigogularteafp.jpg\" \/>\n\t<meta property=\"og:image:width\" content=\"460\" \/>\n\t<meta property=\"og:image:height\" content=\"259\" \/>\n\t<meta property=\"og:image:type\" content=\"image\/jpeg\" \/>\n<meta name=\"author\" content=\"Reda\u00e7\u00e3o\" \/>\n<meta name=\"twitter:card\" content=\"summary_large_image\" \/>\n<meta name=\"twitter:creator\" content=\"@Notibras\" \/>\n<meta name=\"twitter:site\" content=\"@Notibras\" \/>\n<meta name=\"twitter:label1\" content=\"Escrito por\" \/>\n\t<meta name=\"twitter:data1\" content=\"Reda\u00e7\u00e3o\" \/>\n\t<meta name=\"twitter:label2\" content=\"Est. tempo de leitura\" \/>\n\t<meta name=\"twitter:data2\" content=\"2 minutos\" \/>\n<script type=\"application\/ld+json\" class=\"yoast-schema-graph\">{\"@context\":\"https:\/\/schema.org\",\"@graph\":[{\"@type\":\"Article\",\"@id\":\"https:\/\/www.notibras.com\/site\/indonesia-rejeita-pressao-e-coloca-outro-brasileiro-no-corredor-da-morte\/#article\",\"isPartOf\":{\"@id\":\"https:\/\/www.notibras.com\/site\/indonesia-rejeita-pressao-e-coloca-outro-brasileiro-no-corredor-da-morte\/\"},\"author\":{\"name\":\"Reda\u00e7\u00e3o\",\"@id\":\"https:\/\/www.notibras.com\/site\/#\/schema\/person\/36ab0979449956132d3e5b517ea76ac8\"},\"headline\":\"Jacarta rejeita press\u00e3o e lista outro brasileiro na execu\u00e7\u00e3o\",\"datePublished\":\"2015-01-23T07:35:17+00:00\",\"dateModified\":\"2015-01-23T14:05:41+00:00\",\"mainEntityOfPage\":{\"@id\":\"https:\/\/www.notibras.com\/site\/indonesia-rejeita-pressao-e-coloca-outro-brasileiro-no-corredor-da-morte\/\"},\"wordCount\":409,\"commentCount\":0,\"publisher\":{\"@id\":\"https:\/\/www.notibras.com\/site\/#organization\"},\"image\":{\"@id\":\"https:\/\/www.notibras.com\/site\/indonesia-rejeita-pressao-e-coloca-outro-brasileiro-no-corredor-da-morte\/#primaryimage\"},\"thumbnailUrl\":\"https:\/\/www.notibras.com\/site\/wp-content\/uploads\/2015\/01\/indonesiarodrigogularteafp.jpg\",\"articleSection\":[\"Brasil\"],\"inLanguage\":\"pt-BR\",\"potentialAction\":[{\"@type\":\"CommentAction\",\"name\":\"Comment\",\"target\":[\"https:\/\/www.notibras.com\/site\/indonesia-rejeita-pressao-e-coloca-outro-brasileiro-no-corredor-da-morte\/#respond\"]}]},{\"@type\":\"WebPage\",\"@id\":\"https:\/\/www.notibras.com\/site\/indonesia-rejeita-pressao-e-coloca-outro-brasileiro-no-corredor-da-morte\/\",\"url\":\"https:\/\/www.notibras.com\/site\/indonesia-rejeita-pressao-e-coloca-outro-brasileiro-no-corredor-da-morte\/\",\"name\":\"Jacarta rejeita press\u00e3o e lista outro brasileiro na execu\u00e7\u00e3o - Notibras\",\"isPartOf\":{\"@id\":\"https:\/\/www.notibras.com\/site\/#website\"},\"primaryImageOfPage\":{\"@id\":\"https:\/\/www.notibras.com\/site\/indonesia-rejeita-pressao-e-coloca-outro-brasileiro-no-corredor-da-morte\/#primaryimage\"},\"image\":{\"@id\":\"https:\/\/www.notibras.com\/site\/indonesia-rejeita-pressao-e-coloca-outro-brasileiro-no-corredor-da-morte\/#primaryimage\"},\"thumbnailUrl\":\"https:\/\/www.notibras.com\/site\/wp-content\/uploads\/2015\/01\/indonesiarodrigogularteafp.jpg\",\"datePublished\":\"2015-01-23T07:35:17+00:00\",\"dateModified\":\"2015-01-23T14:05:41+00:00\",\"breadcrumb\":{\"@id\":\"https:\/\/www.notibras.com\/site\/indonesia-rejeita-pressao-e-coloca-outro-brasileiro-no-corredor-da-morte\/#breadcrumb\"},\"inLanguage\":\"pt-BR\",\"potentialAction\":[{\"@type\":\"ReadAction\",\"target\":[\"https:\/\/www.notibras.com\/site\/indonesia-rejeita-pressao-e-coloca-outro-brasileiro-no-corredor-da-morte\/\"]}]},{\"@type\":\"ImageObject\",\"inLanguage\":\"pt-BR\",\"@id\":\"https:\/\/www.notibras.com\/site\/indonesia-rejeita-pressao-e-coloca-outro-brasileiro-no-corredor-da-morte\/#primaryimage\",\"url\":\"https:\/\/www.notibras.com\/site\/wp-content\/uploads\/2015\/01\/indonesiarodrigogularteafp.jpg\",\"contentUrl\":\"https:\/\/www.notibras.com\/site\/wp-content\/uploads\/2015\/01\/indonesiarodrigogularteafp.jpg\",\"width\":460,\"height\":259},{\"@type\":\"BreadcrumbList\",\"@id\":\"https:\/\/www.notibras.com\/site\/indonesia-rejeita-pressao-e-coloca-outro-brasileiro-no-corredor-da-morte\/#breadcrumb\",\"itemListElement\":[{\"@type\":\"ListItem\",\"position\":1,\"name\":\"In\u00edcio\",\"item\":\"https:\/\/www.notibras.com\/site\/\"},{\"@type\":\"ListItem\",\"position\":2,\"name\":\"Jacarta rejeita press\u00e3o e lista outro brasileiro na execu\u00e7\u00e3o\"}]},{\"@type\":\"WebSite\",\"@id\":\"https:\/\/www.notibras.com\/site\/#website\",\"url\":\"https:\/\/www.notibras.com\/site\/\",\"name\":\"Notibras\",\"description\":\"Not\u00edcias de Bras\u00edlia, do Brasil e do Mundo\",\"publisher\":{\"@id\":\"https:\/\/www.notibras.com\/site\/#organization\"},\"potentialAction\":[{\"@type\":\"SearchAction\",\"target\":{\"@type\":\"EntryPoint\",\"urlTemplate\":\"https:\/\/www.notibras.com\/site\/?s={search_term_string}\"},\"query-input\":{\"@type\":\"PropertyValueSpecification\",\"valueRequired\":true,\"valueName\":\"search_term_string\"}}],\"inLanguage\":\"pt-BR\"},{\"@type\":\"Organization\",\"@id\":\"https:\/\/www.notibras.com\/site\/#organization\",\"name\":\"Grupo Notibras de Comunica\u00e7\u00e3o\",\"url\":\"https:\/\/www.notibras.com\/site\/\",\"logo\":{\"@type\":\"ImageObject\",\"inLanguage\":\"pt-BR\",\"@id\":\"https:\/\/www.notibras.com\/site\/#\/schema\/logo\/image\/\",\"url\":\"https:\/\/www.notibras.com\/site\/wp-content\/uploads\/2023\/01\/notibras23.png\",\"contentUrl\":\"https:\/\/www.notibras.com\/site\/wp-content\/uploads\/2023\/01\/notibras23.png\",\"width\":350,\"height\":87,\"caption\":\"Grupo Notibras de Comunica\u00e7\u00e3o\"},\"image\":{\"@id\":\"https:\/\/www.notibras.com\/site\/#\/schema\/logo\/image\/\"},\"sameAs\":[\"https:\/\/www.facebook.com\/notibras\/\",\"https:\/\/x.com\/Notibras\",\"https:\/\/www.instagram.com\/notibras\/\"]},{\"@type\":\"Person\",\"@id\":\"https:\/\/www.notibras.com\/site\/#\/schema\/person\/36ab0979449956132d3e5b517ea76ac8\",\"name\":\"Reda\u00e7\u00e3o\",\"image\":{\"@type\":\"ImageObject\",\"inLanguage\":\"pt-BR\",\"@id\":\"https:\/\/secure.gravatar.com\/avatar\/e0a867bdedb85fd243eadf09663511f96fc81e0720a4a42581f334ad4303aa6b?s=96&d=mm&r=g\",\"url\":\"https:\/\/secure.gravatar.com\/avatar\/e0a867bdedb85fd243eadf09663511f96fc81e0720a4a42581f334ad4303aa6b?s=96&d=mm&r=g\",\"contentUrl\":\"https:\/\/secure.gravatar.com\/avatar\/e0a867bdedb85fd243eadf09663511f96fc81e0720a4a42581f334ad4303aa6b?s=96&d=mm&r=g\",\"caption\":\"Reda\u00e7\u00e3o\"}}]}<\/script>\n<!-- \/ Yoast SEO plugin. -->","yoast_head_json":{"title":"Jacarta rejeita press\u00e3o e lista outro brasileiro na execu\u00e7\u00e3o - Notibras","robots":{"index":"index","follow":"follow","max-snippet":"max-snippet:-1","max-image-preview":"max-image-preview:large","max-video-preview":"max-video-preview:-1"},"canonical":"https:\/\/www.notibras.com\/site\/indonesia-rejeita-pressao-e-coloca-outro-brasileiro-no-corredor-da-morte\/","og_locale":"pt_BR","og_type":"article","og_title":"Jacarta rejeita press\u00e3o e lista outro brasileiro na execu\u00e7\u00e3o - Notibras","og_description":"De nada adiantam as press\u00f5es externas (al\u00e9m do Brasil, outras na\u00e7\u00f5es t\u00eam se manifestado contra a pena de morte), e mesmo ap\u00f3s a execu\u00e7\u00e3o do ex-instrutor de asa delta Marco Archer, no s\u00e1bado 17, o foco das a\u00e7\u00f5es do Itamaraty est\u00e1 em outro brasileiro preso na Indon\u00e9sia. O paranaense Rodrigo Gularte, 42 anos, teve seu [&hellip;]","og_url":"https:\/\/www.notibras.com\/site\/indonesia-rejeita-pressao-e-coloca-outro-brasileiro-no-corredor-da-morte\/","og_site_name":"Notibras","article_publisher":"https:\/\/www.facebook.com\/notibras\/","article_published_time":"2015-01-23T07:35:17+00:00","article_modified_time":"2015-01-23T14:05:41+00:00","og_image":[{"width":460,"height":259,"url":"https:\/\/www.notibras.com\/site\/wp-content\/uploads\/2015\/01\/indonesiarodrigogularteafp.jpg","type":"image\/jpeg"}],"author":"Reda\u00e7\u00e3o","twitter_card":"summary_large_image","twitter_creator":"@Notibras","twitter_site":"@Notibras","twitter_misc":{"Escrito por":"Reda\u00e7\u00e3o","Est. tempo de leitura":"2 minutos"},"schema":{"@context":"https:\/\/schema.org","@graph":[{"@type":"Article","@id":"https:\/\/www.notibras.com\/site\/indonesia-rejeita-pressao-e-coloca-outro-brasileiro-no-corredor-da-morte\/#article","isPartOf":{"@id":"https:\/\/www.notibras.com\/site\/indonesia-rejeita-pressao-e-coloca-outro-brasileiro-no-corredor-da-morte\/"},"author":{"name":"Reda\u00e7\u00e3o","@id":"https:\/\/www.notibras.com\/site\/#\/schema\/person\/36ab0979449956132d3e5b517ea76ac8"},"headline":"Jacarta rejeita press\u00e3o e lista outro brasileiro na execu\u00e7\u00e3o","datePublished":"2015-01-23T07:35:17+00:00","dateModified":"2015-01-23T14:05:41+00:00","mainEntityOfPage":{"@id":"https:\/\/www.notibras.com\/site\/indonesia-rejeita-pressao-e-coloca-outro-brasileiro-no-corredor-da-morte\/"},"wordCount":409,"commentCount":0,"publisher":{"@id":"https:\/\/www.notibras.com\/site\/#organization"},"image":{"@id":"https:\/\/www.notibras.com\/site\/indonesia-rejeita-pressao-e-coloca-outro-brasileiro-no-corredor-da-morte\/#primaryimage"},"thumbnailUrl":"https:\/\/www.notibras.com\/site\/wp-content\/uploads\/2015\/01\/indonesiarodrigogularteafp.jpg","articleSection":["Brasil"],"inLanguage":"pt-BR","potentialAction":[{"@type":"CommentAction","name":"Comment","target":["https:\/\/www.notibras.com\/site\/indonesia-rejeita-pressao-e-coloca-outro-brasileiro-no-corredor-da-morte\/#respond"]}]},{"@type":"WebPage","@id":"https:\/\/www.notibras.com\/site\/indonesia-rejeita-pressao-e-coloca-outro-brasileiro-no-corredor-da-morte\/","url":"https:\/\/www.notibras.com\/site\/indonesia-rejeita-pressao-e-coloca-outro-brasileiro-no-corredor-da-morte\/","name":"Jacarta rejeita press\u00e3o e lista outro brasileiro na execu\u00e7\u00e3o - Notibras","isPartOf":{"@id":"https:\/\/www.notibras.com\/site\/#website"},"primaryImageOfPage":{"@id":"https:\/\/www.notibras.com\/site\/indonesia-rejeita-pressao-e-coloca-outro-brasileiro-no-corredor-da-morte\/#primaryimage"},"image":{"@id":"https:\/\/www.notibras.com\/site\/indonesia-rejeita-pressao-e-coloca-outro-brasileiro-no-corredor-da-morte\/#primaryimage"},"thumbnailUrl":"https:\/\/www.notibras.com\/site\/wp-content\/uploads\/2015\/01\/indonesiarodrigogularteafp.jpg","datePublished":"2015-01-23T07:35:17+00:00","dateModified":"2015-01-23T14:05:41+00:00","breadcrumb":{"@id":"https:\/\/www.notibras.com\/site\/indonesia-rejeita-pressao-e-coloca-outro-brasileiro-no-corredor-da-morte\/#breadcrumb"},"inLanguage":"pt-BR","potentialAction":[{"@type":"ReadAction","target":["https:\/\/www.notibras.com\/site\/indonesia-rejeita-pressao-e-coloca-outro-brasileiro-no-corredor-da-morte\/"]}]},{"@type":"ImageObject","inLanguage":"pt-BR","@id":"https:\/\/www.notibras.com\/site\/indonesia-rejeita-pressao-e-coloca-outro-brasileiro-no-corredor-da-morte\/#primaryimage","url":"https:\/\/www.notibras.com\/site\/wp-content\/uploads\/2015\/01\/indonesiarodrigogularteafp.jpg","contentUrl":"https:\/\/www.notibras.com\/site\/wp-content\/uploads\/2015\/01\/indonesiarodrigogularteafp.jpg","width":460,"height":259},{"@type":"BreadcrumbList","@id":"https:\/\/www.notibras.com\/site\/indonesia-rejeita-pressao-e-coloca-outro-brasileiro-no-corredor-da-morte\/#breadcrumb","itemListElement":[{"@type":"ListItem","position":1,"name":"In\u00edcio","item":"https:\/\/www.notibras.com\/site\/"},{"@type":"ListItem","position":2,"name":"Jacarta rejeita press\u00e3o e lista outro brasileiro na execu\u00e7\u00e3o"}]},{"@type":"WebSite","@id":"https:\/\/www.notibras.com\/site\/#website","url":"https:\/\/www.notibras.com\/site\/","name":"Notibras","description":"Not\u00edcias de Bras\u00edlia, do Brasil e do Mundo","publisher":{"@id":"https:\/\/www.notibras.com\/site\/#organization"},"potentialAction":[{"@type":"SearchAction","target":{"@type":"EntryPoint","urlTemplate":"https:\/\/www.notibras.com\/site\/?s={search_term_string}"},"query-input":{"@type":"PropertyValueSpecification","valueRequired":true,"valueName":"search_term_string"}}],"inLanguage":"pt-BR"},{"@type":"Organization","@id":"https:\/\/www.notibras.com\/site\/#organization","name":"Grupo Notibras de Comunica\u00e7\u00e3o","url":"https:\/\/www.notibras.com\/site\/","logo":{"@type":"ImageObject","inLanguage":"pt-BR","@id":"https:\/\/www.notibras.com\/site\/#\/schema\/logo\/image\/","url":"https:\/\/www.notibras.com\/site\/wp-content\/uploads\/2023\/01\/notibras23.png","contentUrl":"https:\/\/www.notibras.com\/site\/wp-content\/uploads\/2023\/01\/notibras23.png","width":350,"height":87,"caption":"Grupo Notibras de Comunica\u00e7\u00e3o"},"image":{"@id":"https:\/\/www.notibras.com\/site\/#\/schema\/logo\/image\/"},"sameAs":["https:\/\/www.facebook.com\/notibras\/","https:\/\/x.com\/Notibras","https:\/\/www.instagram.com\/notibras\/"]},{"@type":"Person","@id":"https:\/\/www.notibras.com\/site\/#\/schema\/person\/36ab0979449956132d3e5b517ea76ac8","name":"Reda\u00e7\u00e3o","image":{"@type":"ImageObject","inLanguage":"pt-BR","@id":"https:\/\/secure.gravatar.com\/avatar\/e0a867bdedb85fd243eadf09663511f96fc81e0720a4a42581f334ad4303aa6b?s=96&d=mm&r=g","url":"https:\/\/secure.gravatar.com\/avatar\/e0a867bdedb85fd243eadf09663511f96fc81e0720a4a42581f334ad4303aa6b?s=96&d=mm&r=g","contentUrl":"https:\/\/secure.gravatar.com\/avatar\/e0a867bdedb85fd243eadf09663511f96fc81e0720a4a42581f334ad4303aa6b?s=96&d=mm&r=g","caption":"Reda\u00e7\u00e3o"}}]}},"amp_enabled":true,"_links":{"self":[{"href":"https:\/\/www.notibras.com\/site\/wp-json\/wp\/v2\/posts\/34776","targetHints":{"allow":["GET"]}}],"collection":[{"href":"https:\/\/www.notibras.com\/site\/wp-json\/wp\/v2\/posts"}],"about":[{"href":"https:\/\/www.notibras.com\/site\/wp-json\/wp\/v2\/types\/post"}],"author":[{"embeddable":true,"href":"https:\/\/www.notibras.com\/site\/wp-json\/wp\/v2\/users\/2"}],"replies":[{"embeddable":true,"href":"https:\/\/www.notibras.com\/site\/wp-json\/wp\/v2\/comments?post=34776"}],"version-history":[{"count":0,"href":"https:\/\/www.notibras.com\/site\/wp-json\/wp\/v2\/posts\/34776\/revisions"}],"wp:featuredmedia":[{"embeddable":true,"href":"https:\/\/www.notibras.com\/site\/wp-json\/wp\/v2\/media\/34777"}],"wp:attachment":[{"href":"https:\/\/www.notibras.com\/site\/wp-json\/wp\/v2\/media?parent=34776"}],"wp:term":[{"taxonomy":"category","embeddable":true,"href":"https:\/\/www.notibras.com\/site\/wp-json\/wp\/v2\/categories?post=34776"},{"taxonomy":"post_tag","embeddable":true,"href":"https:\/\/www.notibras.com\/site\/wp-json\/wp\/v2\/tags?post=34776"}],"curies":[{"name":"wp","href":"https:\/\/api.w.org\/{rel}","templated":true}]}}