{"id":347760,"date":"2025-02-12T07:49:38","date_gmt":"2025-02-12T10:49:38","guid":{"rendered":"https:\/\/www.notibras.com\/site\/?p=347760"},"modified":"2025-02-12T07:49:38","modified_gmt":"2025-02-12T10:49:38","slug":"justica-solta-acusado-de-matar-quilombola","status":"publish","type":"post","link":"https:\/\/www.notibras.com\/site\/justica-solta-acusado-de-matar-quilombola\/","title":{"rendered":"Justi\u00e7a solta acusado de matar quilombola"},"content":{"rendered":"<p>O Tribunal de Justi\u00e7a da Bahia (TJBA) determinou a soltura de Uillian Portugal Brito, suspeito de participa\u00e7\u00e3o no assassinato do l\u00edder quilombola Fl\u00e1vio Gabriel Pac\u00edfico dos Santos, conhecido como Binho do Quilombo. O homic\u00eddio ocorreu em 2017, na comunidade remanescente do quilombo Pitanga dos Palmares, em Sim\u00f5es Filho (BA).<\/p>\n<p>A decis\u00e3o foi tomada pela Segunda C\u00e2mara Criminal do TJBA e atendeu ao pedido de habeas corpus feito pela defesa do acusado. Os advogados alegaram excesso de prazo da pris\u00e3o preventiva. A defesa tamb\u00e9m sustentou que a acusa\u00e7\u00e3o remonta a supostos fatos criminosos que teriam ocorrido em 2017 e ainda n\u00e3o houve den\u00fancia apresentada pelo Minist\u00e9rio P\u00fablico.<\/p>\n<p>O colegiado concordou com os argumentos apresentados pela defesa e substituiu a pris\u00e3o por medidas cautelares, como uso de tornozeleira eletr\u00f4nica, proibi\u00e7\u00e3o de frequentar bares, festas e restaurantes e de deixar a comarca sem autoriza\u00e7\u00e3o judicial.<\/p>\n<p>&#8220;Embora evidente a complexidade da investiga\u00e7\u00e3o posta, o longo caminho procedimental trilhado pelo expediente origin\u00e1rio, a gravidade do crime apurado e as peculiaridades que o circundam, n\u00e3o se pode esquecer que os fatos criminosos datam de 2017, sem que at\u00e9 a presente data tenha se encerrado a investiga\u00e7\u00e3o e sido oferecida den\u00fancia&#8221;, diz trecho da decis\u00e3o.<\/p>\n<p>A morte de Binho do Quilombo \u00e9 investigada desde setembro de 2017. Ele foi assassinato a tiros dentro do carro, na comunidade remanescente de quilombo.<\/p>\n<p>Em agosto de 2023, a l\u00edder quilombola Maria Bernadete Pac\u00edfico, mais conhecida como M\u00e3e Bernadete, m\u00e3e de Binho, tamb\u00e9m foi assassinada no quilombo Pitanga dos Palmares. No ano passado, a reportagem da Ag\u00eancia Brasil esteve na comunidade um ano ap\u00f3s o crime.<\/p>\n","protected":false},"excerpt":{"rendered":"<p>O Tribunal de Justi\u00e7a da Bahia (TJBA) determinou a soltura de Uillian Portugal Brito, suspeito de participa\u00e7\u00e3o no assassinato do l\u00edder quilombola Fl\u00e1vio Gabriel Pac\u00edfico dos Santos, conhecido como Binho do Quilombo. O homic\u00eddio ocorreu em 2017, na comunidade remanescente do quilombo Pitanga dos Palmares, em Sim\u00f5es Filho (BA). A decis\u00e3o foi tomada pela Segunda [&hellip;]<\/p>\n","protected":false},"author":2,"featured_media":347761,"comment_status":"closed","ping_status":"closed","sticky":false,"template":"","format":"standard","meta":{"_acf_changed":false,"footnotes":""},"categories":[165],"tags":[],"class_list":["post-347760","post","type-post","status-publish","format-standard","has-post-thumbnail","hentry","category-nordeste"],"acf":[],"_links":{"self":[{"href":"https:\/\/www.notibras.com\/site\/wp-json\/wp\/v2\/posts\/347760","targetHints":{"allow":["GET"]}}],"collection":[{"href":"https:\/\/www.notibras.com\/site\/wp-json\/wp\/v2\/posts"}],"about":[{"href":"https:\/\/www.notibras.com\/site\/wp-json\/wp\/v2\/types\/post"}],"author":[{"embeddable":true,"href":"https:\/\/www.notibras.com\/site\/wp-json\/wp\/v2\/users\/2"}],"replies":[{"embeddable":true,"href":"https:\/\/www.notibras.com\/site\/wp-json\/wp\/v2\/comments?post=347760"}],"version-history":[{"count":1,"href":"https:\/\/www.notibras.com\/site\/wp-json\/wp\/v2\/posts\/347760\/revisions"}],"predecessor-version":[{"id":347762,"href":"https:\/\/www.notibras.com\/site\/wp-json\/wp\/v2\/posts\/347760\/revisions\/347762"}],"wp:featuredmedia":[{"embeddable":true,"href":"https:\/\/www.notibras.com\/site\/wp-json\/wp\/v2\/media\/347761"}],"wp:attachment":[{"href":"https:\/\/www.notibras.com\/site\/wp-json\/wp\/v2\/media?parent=347760"}],"wp:term":[{"taxonomy":"category","embeddable":true,"href":"https:\/\/www.notibras.com\/site\/wp-json\/wp\/v2\/categories?post=347760"},{"taxonomy":"post_tag","embeddable":true,"href":"https:\/\/www.notibras.com\/site\/wp-json\/wp\/v2\/tags?post=347760"}],"curies":[{"name":"wp","href":"https:\/\/api.w.org\/{rel}","templated":true}]}}