{"id":347771,"date":"2025-02-12T00:40:45","date_gmt":"2025-02-12T03:40:45","guid":{"rendered":"https:\/\/www.notibras.com\/site\/?p=347771"},"modified":"2025-02-12T08:42:38","modified_gmt":"2025-02-12T11:42:38","slug":"vem-ai-plano-estritamente-para-consultas-eletivas-e-exames","status":"publish","type":"post","link":"https:\/\/www.notibras.com\/site\/vem-ai-plano-estritamente-para-consultas-eletivas-e-exames\/","title":{"rendered":"Vem a\u00ed plano estritamente para consultas eletivas e exames"},"content":{"rendered":"<p>A Ag\u00eancia Nacional deProposta da Ag\u00eancia Nacional de Sa\u00fade Suplementar prev\u00ea cobertura em todas as especialidades m\u00e9dicas para os usu\u00e1rios, mas sem acesso a pronto-socorro, interna\u00e7\u00e3o e terapias.(ANS) elaborou proposta voltada para a cria\u00e7\u00e3o de planos de sa\u00fade voltados estritamente para consultas eletivas e exames. Os usu\u00e1rios teriam cobertura em todas as especialidades m\u00e9dicas, mas sem acesso a pronto-socorro, interna\u00e7\u00e3o e terapias.<\/p>\n<p>A realiza\u00e7\u00e3o de consulta p\u00fablica para colher opini\u00f5es da sociedade sobre a proposta foi aprovada na segunda-feira (12). Os interessados poder\u00e3o apresentar contribui\u00e7\u00f5es entre os dias 18 de fevereiro e 4 de abril. Os documentos que detalham a proposta devem ser disponibilizados ainda nesta semana. Al\u00e9m disso, foi marcada para o dia 25 deste m\u00eas uma audi\u00eancia p\u00fablica sobre o tema.<\/p>\n<p>De acordo com a ANS, os novos planos seriam uma alternativa mais barata para os consumidores e n\u00e3o afetarim os que j\u00e1 existem no mercado. A expectativa \u00e9 que tais planos sejam capazes de ampliar o acesso ao atendimento na aten\u00e7\u00e3o prim\u00e1ria e secund\u00e1ria.<\/p>\n<p>A ANS estima que 10 milh\u00f5es de brasileiros poderiam ser inclu\u00eddos com os novos planos, desafogando filas de exames no \u00e2mbito do Sistema \u00danico de Sa\u00fade (SUS) e acelerando diagn\u00f3sticos. &#8220;De acordo com dados do Minist\u00e9rio da Sa\u00fade e da Organiza\u00e7\u00e3o Pan-Americana da Sa\u00fade, a aten\u00e7\u00e3o prim\u00e1ria tem capacidade de resolver de 80% a 90% das necessidades de sa\u00fade de uma pessoa ao longo da vida&#8221;, destaca a ag\u00eancia.<\/p>\n<p>Os novos planos seriam inicialmente criados em um sandbox regulat\u00f3rio. Isso significa que, nos primeiros dois anos, a oferta se daria em car\u00e1ter experimental sob acompanhamento minucioso. Ao final desse per\u00edodo, a ANS far\u00e1 uma avalia\u00e7\u00e3o para decidir se o modelo deve ser mantido ou descontinuado. As operadoras que quiserem participar do ambiente experimental precisar\u00e3o criar e registrar o novo plano de sa\u00fade, que poder\u00e1 ter coparticipa\u00e7\u00e3o at\u00e9 o limite de 30%.<\/p>\n","protected":false},"excerpt":{"rendered":"<p>A Ag\u00eancia Nacional deProposta da Ag\u00eancia Nacional de Sa\u00fade Suplementar prev\u00ea cobertura em todas as especialidades m\u00e9dicas para os usu\u00e1rios, mas sem acesso a pronto-socorro, interna\u00e7\u00e3o e terapias.(ANS) elaborou proposta voltada para a cria\u00e7\u00e3o de planos de sa\u00fade voltados estritamente para consultas eletivas e exames. Os usu\u00e1rios teriam cobertura em todas as especialidades m\u00e9dicas, mas [&hellip;]<\/p>\n","protected":false},"author":2,"featured_media":347772,"comment_status":"closed","ping_status":"closed","sticky":false,"template":"","format":"standard","meta":{"_acf_changed":false,"footnotes":""},"categories":[161],"tags":[],"class_list":["post-347771","post","type-post","status-publish","format-standard","has-post-thumbnail","hentry","category-quadradinho-em-foco"],"acf":[],"_links":{"self":[{"href":"https:\/\/www.notibras.com\/site\/wp-json\/wp\/v2\/posts\/347771","targetHints":{"allow":["GET"]}}],"collection":[{"href":"https:\/\/www.notibras.com\/site\/wp-json\/wp\/v2\/posts"}],"about":[{"href":"https:\/\/www.notibras.com\/site\/wp-json\/wp\/v2\/types\/post"}],"author":[{"embeddable":true,"href":"https:\/\/www.notibras.com\/site\/wp-json\/wp\/v2\/users\/2"}],"replies":[{"embeddable":true,"href":"https:\/\/www.notibras.com\/site\/wp-json\/wp\/v2\/comments?post=347771"}],"version-history":[{"count":1,"href":"https:\/\/www.notibras.com\/site\/wp-json\/wp\/v2\/posts\/347771\/revisions"}],"predecessor-version":[{"id":347773,"href":"https:\/\/www.notibras.com\/site\/wp-json\/wp\/v2\/posts\/347771\/revisions\/347773"}],"wp:featuredmedia":[{"embeddable":true,"href":"https:\/\/www.notibras.com\/site\/wp-json\/wp\/v2\/media\/347772"}],"wp:attachment":[{"href":"https:\/\/www.notibras.com\/site\/wp-json\/wp\/v2\/media?parent=347771"}],"wp:term":[{"taxonomy":"category","embeddable":true,"href":"https:\/\/www.notibras.com\/site\/wp-json\/wp\/v2\/categories?post=347771"},{"taxonomy":"post_tag","embeddable":true,"href":"https:\/\/www.notibras.com\/site\/wp-json\/wp\/v2\/tags?post=347771"}],"curies":[{"name":"wp","href":"https:\/\/api.w.org\/{rel}","templated":true}]}}