{"id":347777,"date":"2025-02-12T00:57:01","date_gmt":"2025-02-12T03:57:01","guid":{"rendered":"https:\/\/www.notibras.com\/site\/?p=347777"},"modified":"2025-02-12T09:00:57","modified_gmt":"2025-02-12T12:00:57","slug":"camara-legislativa-tera-comite-gestor-de-saude","status":"publish","type":"post","link":"https:\/\/www.notibras.com\/site\/camara-legislativa-tera-comite-gestor-de-saude\/","title":{"rendered":"C\u00e2mara Legislativa ter\u00e1 Comit\u00ea Gestor de Sa\u00fade"},"content":{"rendered":"<p>Em sua primeira reuni\u00e3o, a Comiss\u00e3o de Sa\u00fade (CSA) da C\u00e2mara Legislativa aprovou, nesta ter\u00e7a-feira (11), o calend\u00e1rio de trabalhos deste ano, e, logo em seguida, a realiza\u00e7\u00e3o de uma audi\u00eancia p\u00fablica para debater sobre o comit\u00ea gestor de sa\u00fade.<\/p>\n<p>Na abertura, a presidente do colegiado, deputada Dayse Amarilio (PSB), destacou a relev\u00e2ncia da sa\u00fade, \u00e1rea que justificou o desmembramento da Comiss\u00e3o de Educa\u00e7\u00e3o, Sa\u00fade e Cultura. \u201cSa\u00fade s\u00f3 se faz no di\u00e1logo\u201d, ponderou a parlamentar, diante de diversos representantes da \u00e1rea presentes na sala de reuni\u00f5es.<\/p>\n<p>Do mesmo modo, os deputados Gabriel Magno (PT) e Jorge Vianna (PSD), endossaram a import\u00e2ncia da comiss\u00e3o, que ir\u00e1 se dedicar exclusivamente \u00e0 sa\u00fade. Na avalia\u00e7\u00e3o do deputado Martins Machado (Republicanos), a sa\u00fade \u00e9 uma \u00e1rea permeada por desafios, sendo que a nova comiss\u00e3o trar\u00e1 grandes contribui\u00e7\u00f5es ao setor.<\/p>\n<p><strong>Comit\u00ea de Sa\u00fade<\/strong><br \/>\nA nova comiss\u00e3o tamb\u00e9m aprovou e realizou hoje uma audi\u00eancia p\u00fablica para debater sobre o comit\u00ea gestor de sa\u00fade, criado pelo Decreto n\u00ba 46.833, assinado pelo governador do DF, Ibaneis Rocha (MDB), e publicado na \u00faltima sexta-feira (7). Dayse Amarilio questionou o porqu\u00ea da forma\u00e7\u00e3o do comit\u00ea. Ela disse que conversou sobre o assunto com o governador, que sinalizou a possibilidade de altera\u00e7\u00f5es na medida, e adiantou que a secret\u00e1ria de Sa\u00fade, Lucilene Flor\u00eancio, vir\u00e1 \u00e0 CLDF hoje, \u00e0s 14h, para tratar do tema com os parlamentares.<\/p>\n<p>Al\u00e9m de questionar a composi\u00e7\u00e3o do comit\u00ea, Amarilio se op\u00f4s ao modelo de terceiriza\u00e7\u00e3o da gest\u00e3o de sa\u00fade p\u00fablica. Para o deputado Jorge Vianna, h\u00e1 equ\u00edvocos no decreto, mas ele considerou que o governador est\u00e1 aberto a mudan\u00e7as. O distrital refor\u00e7ou seu posicionamento contr\u00e1rio \u00e0 privatiza\u00e7\u00e3o e terceiriza\u00e7\u00e3o dos servi\u00e7os de sa\u00fade do DF.<\/p>\n<p>Por sua vez, o deputado Gabriel Magno (PT) argumentou contra o decreto e sugeriu, ao inv\u00e9s do comit\u00ea, um grupo de trabalho com acompanhamento social. Ele criticou tamb\u00e9m a proposta de privatiza\u00e7\u00e3o e terceiriza\u00e7\u00e3o da rede de laborat\u00f3rios de exames do DF. \u201cN\u00e3o me parece que o governo aplica o rem\u00e9dio correto para os problemas enfrentados pela Secretaria de Sa\u00fade\u201d, afirmou.<\/p>\n<p>A comiss\u00e3o discutiu o decreto com representantes de sindicatos, associa\u00e7\u00f5es e conselhos da \u00e1rea, presentes na audi\u00eancia p\u00fablica, e dever\u00e1 levar os encaminhamentos \u00e0 secret\u00e1ria de Sa\u00fade.<\/p>\n","protected":false},"excerpt":{"rendered":"<p>Em sua primeira reuni\u00e3o, a Comiss\u00e3o de Sa\u00fade (CSA) da C\u00e2mara Legislativa aprovou, nesta ter\u00e7a-feira (11), o calend\u00e1rio de trabalhos deste ano, e, logo em seguida, a realiza\u00e7\u00e3o de uma audi\u00eancia p\u00fablica para debater sobre o comit\u00ea gestor de sa\u00fade. Na abertura, a presidente do colegiado, deputada Dayse Amarilio (PSB), destacou a relev\u00e2ncia da sa\u00fade, [&hellip;]<\/p>\n","protected":false},"author":2,"featured_media":347778,"comment_status":"closed","ping_status":"closed","sticky":false,"template":"","format":"standard","meta":{"_acf_changed":false,"footnotes":""},"categories":[161],"tags":[],"class_list":["post-347777","post","type-post","status-publish","format-standard","has-post-thumbnail","hentry","category-quadradinho-em-foco"],"acf":[],"_links":{"self":[{"href":"https:\/\/www.notibras.com\/site\/wp-json\/wp\/v2\/posts\/347777","targetHints":{"allow":["GET"]}}],"collection":[{"href":"https:\/\/www.notibras.com\/site\/wp-json\/wp\/v2\/posts"}],"about":[{"href":"https:\/\/www.notibras.com\/site\/wp-json\/wp\/v2\/types\/post"}],"author":[{"embeddable":true,"href":"https:\/\/www.notibras.com\/site\/wp-json\/wp\/v2\/users\/2"}],"replies":[{"embeddable":true,"href":"https:\/\/www.notibras.com\/site\/wp-json\/wp\/v2\/comments?post=347777"}],"version-history":[{"count":3,"href":"https:\/\/www.notibras.com\/site\/wp-json\/wp\/v2\/posts\/347777\/revisions"}],"predecessor-version":[{"id":347781,"href":"https:\/\/www.notibras.com\/site\/wp-json\/wp\/v2\/posts\/347777\/revisions\/347781"}],"wp:featuredmedia":[{"embeddable":true,"href":"https:\/\/www.notibras.com\/site\/wp-json\/wp\/v2\/media\/347778"}],"wp:attachment":[{"href":"https:\/\/www.notibras.com\/site\/wp-json\/wp\/v2\/media?parent=347777"}],"wp:term":[{"taxonomy":"category","embeddable":true,"href":"https:\/\/www.notibras.com\/site\/wp-json\/wp\/v2\/categories?post=347777"},{"taxonomy":"post_tag","embeddable":true,"href":"https:\/\/www.notibras.com\/site\/wp-json\/wp\/v2\/tags?post=347777"}],"curies":[{"name":"wp","href":"https:\/\/api.w.org\/{rel}","templated":true}]}}