{"id":347782,"date":"2025-02-12T09:48:17","date_gmt":"2025-02-12T12:48:17","guid":{"rendered":"https:\/\/www.notibras.com\/site\/?p=347782"},"modified":"2025-02-12T20:22:10","modified_gmt":"2025-02-12T23:22:10","slug":"pirenopolis-vira-refugio-de-quem-teme-uma-sova-a-comecar-na-ponta-do-nariz","status":"publish","type":"post","link":"https:\/\/www.notibras.com\/site\/pirenopolis-vira-refugio-de-quem-teme-uma-sova-a-comecar-na-ponta-do-nariz\/","title":{"rendered":"Piren\u00f3polis vira ref\u00fagio de quem teme uma sova, a come\u00e7ar na ponta do nariz"},"content":{"rendered":"<p>Vov\u00f3 gostava de contar para todos como seu neto favorito, justamente eu, havia nascido com o dom da inventividade. Seria eu o futuro Santos Dumont? Ao menos, sou Alberto, gra\u00e7as \u00e0 persist\u00eancia de minha m\u00e3e, contr\u00e1ria \u00e0 ideia de papai querer o primog\u00eanito Napole\u00e3o. Napole\u00e3o? Hum! At\u00e9 que sou atra\u00eddo por tamanha grandiosidade.<\/p>\n<p>A despeito da liga\u00e7\u00e3o com aquele mineirinho nascido na Fazenda Cabangu, nunca inventei nada al\u00e9m do que hist\u00f3rias, muitas delas, ali\u00e1s, para me livrar de uma boa sova. Sobrevivi aos percal\u00e7os da vida e, at\u00e9 digo sem qualquer resqu\u00edcio de arrependimento, que vim, vi e venci na capital do pa\u00eds.<\/p>\n<p>Conheci muita gente em Bras\u00edlia, fiz at\u00e9 um ou dois amigos. Um deles, o Leopoldo, sempre que me apresenta a algu\u00e9m, gosta de dizer: &#8220;Este \u00e9 o Alberto, o homem que aprendeu a fazer limonada com os lim\u00f5es que a vida lhe trouxe.&#8221; Mal sabe ele que costumo pegar a tal limonada e a vendo como groselha para os mais cr\u00e9dulos.<\/p>\n<p>Por conta desse talento, sou costumeiramente convidado para eventos da alta sociedade. O problema \u00e9 quando me deparo com gente metida a querer ser mais esperta do que eu. Acredite, pois \u00e9 algo comum nesta cidade. Sem contar que, n\u00e3o raro, \u00e9 um povo que gosta de ofender gratuitamente a figura da minha pessoa.<\/p>\n<p>Estava eu numa festa regada a bons vinhos e quitutes pra l\u00e1 de finos em pr\u00f3spero clube, quando o Pedro Henrique, propriet\u00e1rio de uma afamada rede de lanchonetes, aproximou-se com o dedo em riste. Al\u00e9m de quase senti-lo na ponta do meu delicado nariz, tive que ouvir alguns despaut\u00e9rios.<\/p>\n<p>\u2014 Alberto, finalmente o encontrei.<\/p>\n<p>\u2014 Oi, meu amigo!<\/p>\n<p>\u2014 Que amigo o qu\u00ea!<\/p>\n<p>Surpreso por tamanha agressividade, devo ter arregalado os meus agrad\u00e1veis olhos castanhos, enquanto o sujeito prosseguiu com as ofensas gratuitas.<\/p>\n<p>\u2014 Voc\u00ea me garantiu que aquele investimento era certo, que n\u00e3o corria risco. Pois perdi quase seiscentos mil naquela conversa. Seu mentiroso!<\/p>\n<p>\u2014 \u00capa! Mentiroso, n\u00e3o!<\/p>\n<p>\u2014 Mentiroso, sim!<\/p>\n<p>\u2014 N\u00e3o sou mentiroso, meu querido!<\/p>\n<p>\u2014 Hum! E o que voc\u00ea \u00e9, ent\u00e3o?<\/p>\n<p>\u2014 Artista das inverdades!<\/p>\n<p>S\u00f3 n\u00e3o apanhei porque o meu desafeto mal conseguia parar em p\u00e9, de t\u00e3o embriagado. Mesmo assim, para evitar qualquer pendenga, resolvi sair da cidade por algum tempo at\u00e9 que a poeira abaixe. Onde estou? \u00c9 segredo, mas confio na sua discri\u00e7\u00e3o. J\u00e1 ouviu falar em Piren\u00f3polis?<\/p>\n<p>&#8230;&#8230;&#8230;&#8230;&#8230;&#8230;&#8230;&#8230;&#8230;&#8230;&#8230;&#8230;&#8230;&#8230;&#8230;&#8230;<\/p>\n<p><strong>Eduardo Mart\u00ednez \u00e9 autor do livro 57 Contos e Cr\u00f4nicas por um Autor Muito Velho\u2019<\/strong><\/p>\n<p>Compre aqui\u00a0<span class=\"x19la9d6 x1fc57z9 x6ikm8r x10wlt62 x19co3pv x1g5zs5t xfibh0p xiy17q3 x1xsqp64 x1lkfr7t xexx8yu x4uap5 x18d9i69 xkhd6sd\"><span class=\"xrtxmta x1bhl96m\"><img decoding=\"async\" class=\"emoji\" role=\"img\" draggable=\"false\" src=\"https:\/\/s.w.org\/images\/core\/emoji\/15.0.3\/svg\/1f447-1f3ff.svg\" alt=\"&#x1f447;&#x1f3ff;\" \/><\/span><\/span><\/p>\n<p><a href=\"https:\/\/www.joanineditora.com.br\/57-contos-e-cronicas-por-um-autor-muito-velho\">https:\/\/www.joanineditora.com.br\/57-contos-e-cronicas-por-um-autor-muito-velho<\/a><\/p>\n","protected":false},"excerpt":{"rendered":"<p>Vov\u00f3 gostava de contar para todos como seu neto favorito, justamente eu, havia nascido com o dom da inventividade. Seria eu o futuro Santos Dumont? Ao menos, sou Alberto, gra\u00e7as \u00e0 persist\u00eancia de minha m\u00e3e, contr\u00e1ria \u00e0 ideia de papai querer o primog\u00eanito Napole\u00e3o. Napole\u00e3o? Hum! At\u00e9 que sou atra\u00eddo por tamanha grandiosidade. A despeito [&hellip;]<\/p>\n","protected":false},"author":2,"featured_media":347783,"comment_status":"closed","ping_status":"closed","sticky":false,"template":"","format":"standard","meta":{"_acf_changed":false,"footnotes":""},"categories":[161],"tags":[],"class_list":["post-347782","post","type-post","status-publish","format-standard","has-post-thumbnail","hentry","category-quadradinho-em-foco"],"acf":[],"_links":{"self":[{"href":"https:\/\/www.notibras.com\/site\/wp-json\/wp\/v2\/posts\/347782","targetHints":{"allow":["GET"]}}],"collection":[{"href":"https:\/\/www.notibras.com\/site\/wp-json\/wp\/v2\/posts"}],"about":[{"href":"https:\/\/www.notibras.com\/site\/wp-json\/wp\/v2\/types\/post"}],"author":[{"embeddable":true,"href":"https:\/\/www.notibras.com\/site\/wp-json\/wp\/v2\/users\/2"}],"replies":[{"embeddable":true,"href":"https:\/\/www.notibras.com\/site\/wp-json\/wp\/v2\/comments?post=347782"}],"version-history":[{"count":4,"href":"https:\/\/www.notibras.com\/site\/wp-json\/wp\/v2\/posts\/347782\/revisions"}],"predecessor-version":[{"id":347808,"href":"https:\/\/www.notibras.com\/site\/wp-json\/wp\/v2\/posts\/347782\/revisions\/347808"}],"wp:featuredmedia":[{"embeddable":true,"href":"https:\/\/www.notibras.com\/site\/wp-json\/wp\/v2\/media\/347783"}],"wp:attachment":[{"href":"https:\/\/www.notibras.com\/site\/wp-json\/wp\/v2\/media?parent=347782"}],"wp:term":[{"taxonomy":"category","embeddable":true,"href":"https:\/\/www.notibras.com\/site\/wp-json\/wp\/v2\/categories?post=347782"},{"taxonomy":"post_tag","embeddable":true,"href":"https:\/\/www.notibras.com\/site\/wp-json\/wp\/v2\/tags?post=347782"}],"curies":[{"name":"wp","href":"https:\/\/api.w.org\/{rel}","templated":true}]}}