{"id":347798,"date":"2025-02-12T19:00:11","date_gmt":"2025-02-12T22:00:11","guid":{"rendered":"https:\/\/www.notibras.com\/site\/?p=347798"},"modified":"2025-02-12T19:05:22","modified_gmt":"2025-02-12T22:05:22","slug":"pitiman-entra-no-psd-de-kassab-e-po-e-anuncia-candidatura-ao-buriti","status":"publish","type":"post","link":"https:\/\/www.notibras.com\/site\/pitiman-entra-no-psd-de-kassab-e-po-e-anuncia-candidatura-ao-buriti\/","title":{"rendered":"Pitiman entra no PSD de Kassab e PO e anuncia candidatura ao Buriti"},"content":{"rendered":"<p>O empres\u00e1rio Luiz Pitiman \u00e9 o mais novo integrante do PSD na capital da Rep\u00fablica. Ao ter sua ficha abonada por Gilberto Kassab (presidente nacional), Paulo Oct\u00e1vio (presidente Regional) e Ant\u00f4nio Brito (l\u00edder na C\u00e2mara), o ex-deputado por Bras\u00edlia revelou que a legenda estar\u00e1 forte em 2026 para disputar cadeiras na C\u00e2mara Legislativa, no Congresso Nacional e o pr\u00f3prio Pal\u00e1cio do Buriti.<\/p>\n<p>Para Gilberto Kassab, o PSD vive &#8216;um momento muito feliz&#8217; com a chegada de Pitiman, &#8220;um dos melhores quadros da pol\u00edtica brasileira, que vem somar for\u00e7as ao lado de Paulo Oct\u00e1vio, para que possamos continuar nossa luta em Bras\u00edlia e para mostrar que temos o melhor programa.&#8221;<\/p>\n<p>Segundo Kassab, o partido estar\u00e1 presente nas elei\u00e7\u00f5es &#8220;com os melhores quadros e as melhores propostas para que Bras\u00edlia seja essa cidade maravilhosa e ponto de encontro de todos os brasileiros. Seja muito bem-vindo, Pitiman, e parab\u00e9ns, Paulo Oct\u00e1vio, por esta grande conquista&#8221;, enfatizou.<\/p>\n<p>J\u00e1 Paulo Octavio sublinhou as qualidades do novo correligion\u00e1rio. &#8220;Com muita alegria, estamos recebendo a filia\u00e7\u00e3o do amigo Luiz Pitiman, que j\u00e1 foi deputado federal, presidente da Novacap e secret\u00e1rio de Obras, que tanto fez e far\u00e1 por Bras\u00edlia&#8221;. O rec\u00e9m-chegado agradeceu a confian\u00e7a nele depositada e sustentou que &#8220;vamos representar a popula\u00e7\u00e3o, o povo, as pessoas mais carentes. Isso \u00e9 o que me deu entusiasmo e coragem para cumprir mais uma miss\u00e3o\u201d.<\/p>\n<p>&#8220;Esse momento &#8211; frisou Pitiman -, para mim, \u00e9 extremamente importante. No PSD, eu me sinto com uma miss\u00e3o a cumprir. E n\u00f3s chegaremos com certeza a 2026 com uma estrutura consolidada, forte, com \u00f3timos candidatos a deputado distrital, a deputado federal, a senador e a governador. Essa \u00e9 a nossa miss\u00e3o\u201d.<\/p>\n<p>&#8230;&#8230;&#8230;&#8230;&#8230;&#8230;&#8230;&#8230;&#8230;&#8230;&#8230;&#8230;&#8230;.<\/p>\n<p><strong>Marta Nobre \u00e9 Editora Executiva de Notibras<\/strong><\/p>\n","protected":false},"excerpt":{"rendered":"<p>O empres\u00e1rio Luiz Pitiman \u00e9 o mais novo integrante do PSD na capital da Rep\u00fablica. Ao ter sua ficha abonada por Gilberto Kassab (presidente nacional), Paulo Oct\u00e1vio (presidente Regional) e Ant\u00f4nio Brito (l\u00edder na C\u00e2mara), o ex-deputado por Bras\u00edlia revelou que a legenda estar\u00e1 forte em 2026 para disputar cadeiras na C\u00e2mara Legislativa, no Congresso [&hellip;]<\/p>\n","protected":false},"author":2,"featured_media":347799,"comment_status":"closed","ping_status":"closed","sticky":false,"template":"","format":"standard","meta":{"_acf_changed":false,"footnotes":""},"categories":[161],"tags":[95],"class_list":["post-347798","post","type-post","status-publish","format-standard","has-post-thumbnail","hentry","category-quadradinho-em-foco","tag-capa"],"acf":[],"_links":{"self":[{"href":"https:\/\/www.notibras.com\/site\/wp-json\/wp\/v2\/posts\/347798","targetHints":{"allow":["GET"]}}],"collection":[{"href":"https:\/\/www.notibras.com\/site\/wp-json\/wp\/v2\/posts"}],"about":[{"href":"https:\/\/www.notibras.com\/site\/wp-json\/wp\/v2\/types\/post"}],"author":[{"embeddable":true,"href":"https:\/\/www.notibras.com\/site\/wp-json\/wp\/v2\/users\/2"}],"replies":[{"embeddable":true,"href":"https:\/\/www.notibras.com\/site\/wp-json\/wp\/v2\/comments?post=347798"}],"version-history":[{"count":3,"href":"https:\/\/www.notibras.com\/site\/wp-json\/wp\/v2\/posts\/347798\/revisions"}],"predecessor-version":[{"id":347802,"href":"https:\/\/www.notibras.com\/site\/wp-json\/wp\/v2\/posts\/347798\/revisions\/347802"}],"wp:featuredmedia":[{"embeddable":true,"href":"https:\/\/www.notibras.com\/site\/wp-json\/wp\/v2\/media\/347799"}],"wp:attachment":[{"href":"https:\/\/www.notibras.com\/site\/wp-json\/wp\/v2\/media?parent=347798"}],"wp:term":[{"taxonomy":"category","embeddable":true,"href":"https:\/\/www.notibras.com\/site\/wp-json\/wp\/v2\/categories?post=347798"},{"taxonomy":"post_tag","embeddable":true,"href":"https:\/\/www.notibras.com\/site\/wp-json\/wp\/v2\/tags?post=347798"}],"curies":[{"name":"wp","href":"https:\/\/api.w.org\/{rel}","templated":true}]}}