{"id":34780,"date":"2015-01-23T12:50:20","date_gmt":"2015-01-23T15:50:20","guid":{"rendered":"http:\/\/www.notibras.com\/site\/?p=34780"},"modified":"2015-01-23T16:49:12","modified_gmt":"2015-01-23T19:49:12","slug":"preco-da-carne-fica-mais-salgado-e-joga-a-previa-da-inflacao-para-o-alto","status":"publish","type":"post","link":"https:\/\/www.notibras.com\/site\/preco-da-carne-fica-mais-salgado-e-joga-a-previa-da-inflacao-para-o-alto\/","title":{"rendered":"Pre\u00e7o da carne fica mais salgado e joga infla\u00e7\u00e3o para cima"},"content":{"rendered":"<div class=\"content\">\n<p>A infla\u00e7\u00e3o medida pelo \u00cdndice Nacional de Pre\u00e7os ao Consumidor Amplo 15 (IPCA-15) inicia o ano ano em alta de 0,10 ponto percentual ao passar de 0,79% para 0,89%, de dezembro do ano passado para janeiro deste ano.<\/p>\n<p>Em janeiro de 2014, o IPCA-15 subiu 0,67%. No acumulado dos \u00faltimos 12 meses (taxa anualizada), o \u00edndice ficou em 6,69%, acima do resultado de 6,46% registrado em 2014.\u00a0A taxa foi divulgada hoje (23), pelo Instituto Brasileiro de Geografia e Estat\u00edstica (IBGE).<\/p>\n<p>A alta do IPCA-15 relativo ao m\u00eas de janeiro \u2013 pr\u00e9via do IPCA do m\u00eas \u2013 a infla\u00e7\u00e3o oficial, que serve de par\u00e2metro para as metas fixadas pelo Banco Central, foi pressionada principalmente pelo item carnes, que liderou os principais impactos individuais do m\u00eas, com varia\u00e7\u00e3o de 0,09 ponto percentual e alta de 3,24%.<\/p>\n<blockquote><p>Tamb\u00e9m pressionaram a infla\u00e7\u00e3o neste in\u00edcio de ano itens como a batata-inglesa (32,86%) e o feij\u00e3o-carioca (24,25%), que juntos levaram o grupo Alimenta\u00e7\u00e3o e Bebidas a ser, com varia\u00e7\u00e3o de 1,45%, respons\u00e1vel por 40% do IPCA-15 de janeiro, detendo 0,36 ponto percentual.<\/p><\/blockquote>\n<p>Outra contribui\u00e7\u00e3o importante foi a energia el\u00e9trica, com 0,08 ponto percentual de alta, representando 2,6% do IPCA-15 de janeiro. Depois dos alimentos e bebidas, a energia el\u00e9trica foi o segundo item que exerceu as maiores press\u00f5es para o IPCA-15 de janeiro. Em todas as regi\u00f5es, foi inclu\u00edda parte do efeito do Sistema de Bandeiras Tarif\u00e1rias, modelo de cobran\u00e7a do gasto com usinas t\u00e9rmicas, que passou a vigorar a partir de primeiro de janeiro, ressaltou o IBGE.<\/p>\n<p>Os gastos com habita\u00e7\u00e3o subiram 1,23%, e os \u00f4nibus urbanos, com 0,07 ponto percentual, tiveram alta de 2,85%.\u00a0No grupo das Despesas Pessoais, que variou 1,39%, o destaque ficou com o item empregado dom\u00e9stico, que subiu 1,49%, al\u00e9m de outros servi\u00e7os como cabeleireiro (1,54%) e manicure (1,82%).<\/p>\n<header>\n<div class=\"node-info\"><strong>Nielmar de Oliveira, ABr<\/strong><strong><br \/>\n<\/strong><\/div>\n<\/header>\n<\/div>\n","protected":false},"excerpt":{"rendered":"<p>A infla\u00e7\u00e3o medida pelo \u00cdndice Nacional de Pre\u00e7os ao Consumidor Amplo 15 (IPCA-15) inicia o ano ano em alta de 0,10 ponto percentual ao passar de 0,79% para 0,89%, de dezembro do ano passado para janeiro deste ano. Em janeiro de 2014, o IPCA-15 subiu 0,67%. No acumulado dos \u00faltimos 12 meses (taxa anualizada), o [&hellip;]<\/p>\n","protected":false},"author":2,"featured_media":34781,"comment_status":"open","ping_status":"closed","sticky":false,"template":"","format":"standard","meta":{"_acf_changed":false,"footnotes":""},"categories":[16],"tags":[],"class_list":["post-34780","post","type-post","status-publish","format-standard","has-post-thumbnail","hentry","category-brasil"],"acf":[],"yoast_head":"<!-- This site is optimized with the Yoast SEO plugin v27.2 - https:\/\/yoast.com\/product\/yoast-seo-wordpress\/ -->\n<title>Pre\u00e7o da carne fica mais salgado e joga infla\u00e7\u00e3o para cima - Notibras<\/title>\n<meta name=\"robots\" content=\"index, follow, max-snippet:-1, max-image-preview:large, max-video-preview:-1\" \/>\n<link rel=\"canonical\" href=\"https:\/\/www.notibras.com\/site\/preco-da-carne-fica-mais-salgado-e-joga-a-previa-da-inflacao-para-o-alto\/\" \/>\n<meta property=\"og:locale\" content=\"pt_BR\" \/>\n<meta property=\"og:type\" content=\"article\" \/>\n<meta property=\"og:title\" content=\"Pre\u00e7o da carne fica mais salgado e joga infla\u00e7\u00e3o para cima - Notibras\" \/>\n<meta property=\"og:description\" content=\"A infla\u00e7\u00e3o medida pelo \u00cdndice Nacional de Pre\u00e7os ao Consumidor Amplo 15 (IPCA-15) inicia o ano ano em alta de 0,10 ponto percentual ao passar de 0,79% para 0,89%, de dezembro do ano passado para janeiro deste ano. Em janeiro de 2014, o IPCA-15 subiu 0,67%. No acumulado dos \u00faltimos 12 meses (taxa anualizada), o [&hellip;]\" \/>\n<meta property=\"og:url\" content=\"https:\/\/www.notibras.com\/site\/preco-da-carne-fica-mais-salgado-e-joga-a-previa-da-inflacao-para-o-alto\/\" \/>\n<meta property=\"og:site_name\" content=\"Notibras\" \/>\n<meta property=\"article:publisher\" content=\"https:\/\/www.facebook.com\/notibras\/\" \/>\n<meta property=\"article:published_time\" content=\"2015-01-23T15:50:20+00:00\" \/>\n<meta property=\"article:modified_time\" content=\"2015-01-23T19:49:12+00:00\" \/>\n<meta property=\"og:image\" content=\"https:\/\/www.notibras.com\/site\/wp-content\/uploads\/2015\/01\/carne.jpg\" \/>\n\t<meta property=\"og:image:width\" content=\"580\" \/>\n\t<meta property=\"og:image:height\" content=\"388\" \/>\n\t<meta property=\"og:image:type\" content=\"image\/jpeg\" \/>\n<meta name=\"author\" content=\"Reda\u00e7\u00e3o\" \/>\n<meta name=\"twitter:card\" content=\"summary_large_image\" \/>\n<meta name=\"twitter:creator\" content=\"@Notibras\" \/>\n<meta name=\"twitter:site\" content=\"@Notibras\" \/>\n<meta name=\"twitter:label1\" content=\"Escrito por\" \/>\n\t<meta name=\"twitter:data1\" content=\"Reda\u00e7\u00e3o\" \/>\n\t<meta name=\"twitter:label2\" content=\"Est. tempo de leitura\" \/>\n\t<meta name=\"twitter:data2\" content=\"2 minutos\" \/>\n<script type=\"application\/ld+json\" class=\"yoast-schema-graph\">{\"@context\":\"https:\/\/schema.org\",\"@graph\":[{\"@type\":\"Article\",\"@id\":\"https:\/\/www.notibras.com\/site\/preco-da-carne-fica-mais-salgado-e-joga-a-previa-da-inflacao-para-o-alto\/#article\",\"isPartOf\":{\"@id\":\"https:\/\/www.notibras.com\/site\/preco-da-carne-fica-mais-salgado-e-joga-a-previa-da-inflacao-para-o-alto\/\"},\"author\":{\"name\":\"Reda\u00e7\u00e3o\",\"@id\":\"https:\/\/www.notibras.com\/site\/#\/schema\/person\/36ab0979449956132d3e5b517ea76ac8\"},\"headline\":\"Pre\u00e7o da carne fica mais salgado e joga infla\u00e7\u00e3o para cima\",\"datePublished\":\"2015-01-23T15:50:20+00:00\",\"dateModified\":\"2015-01-23T19:49:12+00:00\",\"mainEntityOfPage\":{\"@id\":\"https:\/\/www.notibras.com\/site\/preco-da-carne-fica-mais-salgado-e-joga-a-previa-da-inflacao-para-o-alto\/\"},\"wordCount\":318,\"commentCount\":0,\"publisher\":{\"@id\":\"https:\/\/www.notibras.com\/site\/#organization\"},\"image\":{\"@id\":\"https:\/\/www.notibras.com\/site\/preco-da-carne-fica-mais-salgado-e-joga-a-previa-da-inflacao-para-o-alto\/#primaryimage\"},\"thumbnailUrl\":\"https:\/\/www.notibras.com\/site\/wp-content\/uploads\/2015\/01\/carne.jpg\",\"articleSection\":[\"Brasil\"],\"inLanguage\":\"pt-BR\",\"potentialAction\":[{\"@type\":\"CommentAction\",\"name\":\"Comment\",\"target\":[\"https:\/\/www.notibras.com\/site\/preco-da-carne-fica-mais-salgado-e-joga-a-previa-da-inflacao-para-o-alto\/#respond\"]}]},{\"@type\":\"WebPage\",\"@id\":\"https:\/\/www.notibras.com\/site\/preco-da-carne-fica-mais-salgado-e-joga-a-previa-da-inflacao-para-o-alto\/\",\"url\":\"https:\/\/www.notibras.com\/site\/preco-da-carne-fica-mais-salgado-e-joga-a-previa-da-inflacao-para-o-alto\/\",\"name\":\"Pre\u00e7o da carne fica mais salgado e joga infla\u00e7\u00e3o para cima - Notibras\",\"isPartOf\":{\"@id\":\"https:\/\/www.notibras.com\/site\/#website\"},\"primaryImageOfPage\":{\"@id\":\"https:\/\/www.notibras.com\/site\/preco-da-carne-fica-mais-salgado-e-joga-a-previa-da-inflacao-para-o-alto\/#primaryimage\"},\"image\":{\"@id\":\"https:\/\/www.notibras.com\/site\/preco-da-carne-fica-mais-salgado-e-joga-a-previa-da-inflacao-para-o-alto\/#primaryimage\"},\"thumbnailUrl\":\"https:\/\/www.notibras.com\/site\/wp-content\/uploads\/2015\/01\/carne.jpg\",\"datePublished\":\"2015-01-23T15:50:20+00:00\",\"dateModified\":\"2015-01-23T19:49:12+00:00\",\"breadcrumb\":{\"@id\":\"https:\/\/www.notibras.com\/site\/preco-da-carne-fica-mais-salgado-e-joga-a-previa-da-inflacao-para-o-alto\/#breadcrumb\"},\"inLanguage\":\"pt-BR\",\"potentialAction\":[{\"@type\":\"ReadAction\",\"target\":[\"https:\/\/www.notibras.com\/site\/preco-da-carne-fica-mais-salgado-e-joga-a-previa-da-inflacao-para-o-alto\/\"]}]},{\"@type\":\"ImageObject\",\"inLanguage\":\"pt-BR\",\"@id\":\"https:\/\/www.notibras.com\/site\/preco-da-carne-fica-mais-salgado-e-joga-a-previa-da-inflacao-para-o-alto\/#primaryimage\",\"url\":\"https:\/\/www.notibras.com\/site\/wp-content\/uploads\/2015\/01\/carne.jpg\",\"contentUrl\":\"https:\/\/www.notibras.com\/site\/wp-content\/uploads\/2015\/01\/carne.jpg\",\"width\":580,\"height\":388},{\"@type\":\"BreadcrumbList\",\"@id\":\"https:\/\/www.notibras.com\/site\/preco-da-carne-fica-mais-salgado-e-joga-a-previa-da-inflacao-para-o-alto\/#breadcrumb\",\"itemListElement\":[{\"@type\":\"ListItem\",\"position\":1,\"name\":\"In\u00edcio\",\"item\":\"https:\/\/www.notibras.com\/site\/\"},{\"@type\":\"ListItem\",\"position\":2,\"name\":\"Pre\u00e7o da carne fica mais salgado e joga infla\u00e7\u00e3o para cima\"}]},{\"@type\":\"WebSite\",\"@id\":\"https:\/\/www.notibras.com\/site\/#website\",\"url\":\"https:\/\/www.notibras.com\/site\/\",\"name\":\"Notibras\",\"description\":\"Not\u00edcias de Bras\u00edlia, do Brasil e do Mundo\",\"publisher\":{\"@id\":\"https:\/\/www.notibras.com\/site\/#organization\"},\"potentialAction\":[{\"@type\":\"SearchAction\",\"target\":{\"@type\":\"EntryPoint\",\"urlTemplate\":\"https:\/\/www.notibras.com\/site\/?s={search_term_string}\"},\"query-input\":{\"@type\":\"PropertyValueSpecification\",\"valueRequired\":true,\"valueName\":\"search_term_string\"}}],\"inLanguage\":\"pt-BR\"},{\"@type\":\"Organization\",\"@id\":\"https:\/\/www.notibras.com\/site\/#organization\",\"name\":\"Grupo Notibras de Comunica\u00e7\u00e3o\",\"url\":\"https:\/\/www.notibras.com\/site\/\",\"logo\":{\"@type\":\"ImageObject\",\"inLanguage\":\"pt-BR\",\"@id\":\"https:\/\/www.notibras.com\/site\/#\/schema\/logo\/image\/\",\"url\":\"https:\/\/www.notibras.com\/site\/wp-content\/uploads\/2023\/01\/notibras23.png\",\"contentUrl\":\"https:\/\/www.notibras.com\/site\/wp-content\/uploads\/2023\/01\/notibras23.png\",\"width\":350,\"height\":87,\"caption\":\"Grupo Notibras de Comunica\u00e7\u00e3o\"},\"image\":{\"@id\":\"https:\/\/www.notibras.com\/site\/#\/schema\/logo\/image\/\"},\"sameAs\":[\"https:\/\/www.facebook.com\/notibras\/\",\"https:\/\/x.com\/Notibras\",\"https:\/\/www.instagram.com\/notibras\/\"]},{\"@type\":\"Person\",\"@id\":\"https:\/\/www.notibras.com\/site\/#\/schema\/person\/36ab0979449956132d3e5b517ea76ac8\",\"name\":\"Reda\u00e7\u00e3o\",\"image\":{\"@type\":\"ImageObject\",\"inLanguage\":\"pt-BR\",\"@id\":\"https:\/\/secure.gravatar.com\/avatar\/e0a867bdedb85fd243eadf09663511f96fc81e0720a4a42581f334ad4303aa6b?s=96&d=mm&r=g\",\"url\":\"https:\/\/secure.gravatar.com\/avatar\/e0a867bdedb85fd243eadf09663511f96fc81e0720a4a42581f334ad4303aa6b?s=96&d=mm&r=g\",\"contentUrl\":\"https:\/\/secure.gravatar.com\/avatar\/e0a867bdedb85fd243eadf09663511f96fc81e0720a4a42581f334ad4303aa6b?s=96&d=mm&r=g\",\"caption\":\"Reda\u00e7\u00e3o\"}}]}<\/script>\n<!-- \/ Yoast SEO plugin. -->","yoast_head_json":{"title":"Pre\u00e7o da carne fica mais salgado e joga infla\u00e7\u00e3o para cima - Notibras","robots":{"index":"index","follow":"follow","max-snippet":"max-snippet:-1","max-image-preview":"max-image-preview:large","max-video-preview":"max-video-preview:-1"},"canonical":"https:\/\/www.notibras.com\/site\/preco-da-carne-fica-mais-salgado-e-joga-a-previa-da-inflacao-para-o-alto\/","og_locale":"pt_BR","og_type":"article","og_title":"Pre\u00e7o da carne fica mais salgado e joga infla\u00e7\u00e3o para cima - Notibras","og_description":"A infla\u00e7\u00e3o medida pelo \u00cdndice Nacional de Pre\u00e7os ao Consumidor Amplo 15 (IPCA-15) inicia o ano ano em alta de 0,10 ponto percentual ao passar de 0,79% para 0,89%, de dezembro do ano passado para janeiro deste ano. Em janeiro de 2014, o IPCA-15 subiu 0,67%. No acumulado dos \u00faltimos 12 meses (taxa anualizada), o [&hellip;]","og_url":"https:\/\/www.notibras.com\/site\/preco-da-carne-fica-mais-salgado-e-joga-a-previa-da-inflacao-para-o-alto\/","og_site_name":"Notibras","article_publisher":"https:\/\/www.facebook.com\/notibras\/","article_published_time":"2015-01-23T15:50:20+00:00","article_modified_time":"2015-01-23T19:49:12+00:00","og_image":[{"width":580,"height":388,"url":"https:\/\/www.notibras.com\/site\/wp-content\/uploads\/2015\/01\/carne.jpg","type":"image\/jpeg"}],"author":"Reda\u00e7\u00e3o","twitter_card":"summary_large_image","twitter_creator":"@Notibras","twitter_site":"@Notibras","twitter_misc":{"Escrito por":"Reda\u00e7\u00e3o","Est. tempo de leitura":"2 minutos"},"schema":{"@context":"https:\/\/schema.org","@graph":[{"@type":"Article","@id":"https:\/\/www.notibras.com\/site\/preco-da-carne-fica-mais-salgado-e-joga-a-previa-da-inflacao-para-o-alto\/#article","isPartOf":{"@id":"https:\/\/www.notibras.com\/site\/preco-da-carne-fica-mais-salgado-e-joga-a-previa-da-inflacao-para-o-alto\/"},"author":{"name":"Reda\u00e7\u00e3o","@id":"https:\/\/www.notibras.com\/site\/#\/schema\/person\/36ab0979449956132d3e5b517ea76ac8"},"headline":"Pre\u00e7o da carne fica mais salgado e joga infla\u00e7\u00e3o para cima","datePublished":"2015-01-23T15:50:20+00:00","dateModified":"2015-01-23T19:49:12+00:00","mainEntityOfPage":{"@id":"https:\/\/www.notibras.com\/site\/preco-da-carne-fica-mais-salgado-e-joga-a-previa-da-inflacao-para-o-alto\/"},"wordCount":318,"commentCount":0,"publisher":{"@id":"https:\/\/www.notibras.com\/site\/#organization"},"image":{"@id":"https:\/\/www.notibras.com\/site\/preco-da-carne-fica-mais-salgado-e-joga-a-previa-da-inflacao-para-o-alto\/#primaryimage"},"thumbnailUrl":"https:\/\/www.notibras.com\/site\/wp-content\/uploads\/2015\/01\/carne.jpg","articleSection":["Brasil"],"inLanguage":"pt-BR","potentialAction":[{"@type":"CommentAction","name":"Comment","target":["https:\/\/www.notibras.com\/site\/preco-da-carne-fica-mais-salgado-e-joga-a-previa-da-inflacao-para-o-alto\/#respond"]}]},{"@type":"WebPage","@id":"https:\/\/www.notibras.com\/site\/preco-da-carne-fica-mais-salgado-e-joga-a-previa-da-inflacao-para-o-alto\/","url":"https:\/\/www.notibras.com\/site\/preco-da-carne-fica-mais-salgado-e-joga-a-previa-da-inflacao-para-o-alto\/","name":"Pre\u00e7o da carne fica mais salgado e joga infla\u00e7\u00e3o para cima - Notibras","isPartOf":{"@id":"https:\/\/www.notibras.com\/site\/#website"},"primaryImageOfPage":{"@id":"https:\/\/www.notibras.com\/site\/preco-da-carne-fica-mais-salgado-e-joga-a-previa-da-inflacao-para-o-alto\/#primaryimage"},"image":{"@id":"https:\/\/www.notibras.com\/site\/preco-da-carne-fica-mais-salgado-e-joga-a-previa-da-inflacao-para-o-alto\/#primaryimage"},"thumbnailUrl":"https:\/\/www.notibras.com\/site\/wp-content\/uploads\/2015\/01\/carne.jpg","datePublished":"2015-01-23T15:50:20+00:00","dateModified":"2015-01-23T19:49:12+00:00","breadcrumb":{"@id":"https:\/\/www.notibras.com\/site\/preco-da-carne-fica-mais-salgado-e-joga-a-previa-da-inflacao-para-o-alto\/#breadcrumb"},"inLanguage":"pt-BR","potentialAction":[{"@type":"ReadAction","target":["https:\/\/www.notibras.com\/site\/preco-da-carne-fica-mais-salgado-e-joga-a-previa-da-inflacao-para-o-alto\/"]}]},{"@type":"ImageObject","inLanguage":"pt-BR","@id":"https:\/\/www.notibras.com\/site\/preco-da-carne-fica-mais-salgado-e-joga-a-previa-da-inflacao-para-o-alto\/#primaryimage","url":"https:\/\/www.notibras.com\/site\/wp-content\/uploads\/2015\/01\/carne.jpg","contentUrl":"https:\/\/www.notibras.com\/site\/wp-content\/uploads\/2015\/01\/carne.jpg","width":580,"height":388},{"@type":"BreadcrumbList","@id":"https:\/\/www.notibras.com\/site\/preco-da-carne-fica-mais-salgado-e-joga-a-previa-da-inflacao-para-o-alto\/#breadcrumb","itemListElement":[{"@type":"ListItem","position":1,"name":"In\u00edcio","item":"https:\/\/www.notibras.com\/site\/"},{"@type":"ListItem","position":2,"name":"Pre\u00e7o da carne fica mais salgado e joga infla\u00e7\u00e3o para cima"}]},{"@type":"WebSite","@id":"https:\/\/www.notibras.com\/site\/#website","url":"https:\/\/www.notibras.com\/site\/","name":"Notibras","description":"Not\u00edcias de Bras\u00edlia, do Brasil e do Mundo","publisher":{"@id":"https:\/\/www.notibras.com\/site\/#organization"},"potentialAction":[{"@type":"SearchAction","target":{"@type":"EntryPoint","urlTemplate":"https:\/\/www.notibras.com\/site\/?s={search_term_string}"},"query-input":{"@type":"PropertyValueSpecification","valueRequired":true,"valueName":"search_term_string"}}],"inLanguage":"pt-BR"},{"@type":"Organization","@id":"https:\/\/www.notibras.com\/site\/#organization","name":"Grupo Notibras de Comunica\u00e7\u00e3o","url":"https:\/\/www.notibras.com\/site\/","logo":{"@type":"ImageObject","inLanguage":"pt-BR","@id":"https:\/\/www.notibras.com\/site\/#\/schema\/logo\/image\/","url":"https:\/\/www.notibras.com\/site\/wp-content\/uploads\/2023\/01\/notibras23.png","contentUrl":"https:\/\/www.notibras.com\/site\/wp-content\/uploads\/2023\/01\/notibras23.png","width":350,"height":87,"caption":"Grupo Notibras de Comunica\u00e7\u00e3o"},"image":{"@id":"https:\/\/www.notibras.com\/site\/#\/schema\/logo\/image\/"},"sameAs":["https:\/\/www.facebook.com\/notibras\/","https:\/\/x.com\/Notibras","https:\/\/www.instagram.com\/notibras\/"]},{"@type":"Person","@id":"https:\/\/www.notibras.com\/site\/#\/schema\/person\/36ab0979449956132d3e5b517ea76ac8","name":"Reda\u00e7\u00e3o","image":{"@type":"ImageObject","inLanguage":"pt-BR","@id":"https:\/\/secure.gravatar.com\/avatar\/e0a867bdedb85fd243eadf09663511f96fc81e0720a4a42581f334ad4303aa6b?s=96&d=mm&r=g","url":"https:\/\/secure.gravatar.com\/avatar\/e0a867bdedb85fd243eadf09663511f96fc81e0720a4a42581f334ad4303aa6b?s=96&d=mm&r=g","contentUrl":"https:\/\/secure.gravatar.com\/avatar\/e0a867bdedb85fd243eadf09663511f96fc81e0720a4a42581f334ad4303aa6b?s=96&d=mm&r=g","caption":"Reda\u00e7\u00e3o"}}]}},"amp_enabled":true,"_links":{"self":[{"href":"https:\/\/www.notibras.com\/site\/wp-json\/wp\/v2\/posts\/34780","targetHints":{"allow":["GET"]}}],"collection":[{"href":"https:\/\/www.notibras.com\/site\/wp-json\/wp\/v2\/posts"}],"about":[{"href":"https:\/\/www.notibras.com\/site\/wp-json\/wp\/v2\/types\/post"}],"author":[{"embeddable":true,"href":"https:\/\/www.notibras.com\/site\/wp-json\/wp\/v2\/users\/2"}],"replies":[{"embeddable":true,"href":"https:\/\/www.notibras.com\/site\/wp-json\/wp\/v2\/comments?post=34780"}],"version-history":[{"count":0,"href":"https:\/\/www.notibras.com\/site\/wp-json\/wp\/v2\/posts\/34780\/revisions"}],"wp:featuredmedia":[{"embeddable":true,"href":"https:\/\/www.notibras.com\/site\/wp-json\/wp\/v2\/media\/34781"}],"wp:attachment":[{"href":"https:\/\/www.notibras.com\/site\/wp-json\/wp\/v2\/media?parent=34780"}],"wp:term":[{"taxonomy":"category","embeddable":true,"href":"https:\/\/www.notibras.com\/site\/wp-json\/wp\/v2\/categories?post=34780"},{"taxonomy":"post_tag","embeddable":true,"href":"https:\/\/www.notibras.com\/site\/wp-json\/wp\/v2\/tags?post=34780"}],"curies":[{"name":"wp","href":"https:\/\/api.w.org\/{rel}","templated":true}]}}