{"id":347809,"date":"2025-02-13T00:38:21","date_gmt":"2025-02-13T03:38:21","guid":{"rendered":"https:\/\/www.notibras.com\/site\/?p=347809"},"modified":"2025-02-13T06:02:32","modified_gmt":"2025-02-13T09:02:32","slug":"joao-pessoa-prega-a-volta-dos-velhos-e-tradicionais-reinados-momescos","status":"publish","type":"post","link":"https:\/\/www.notibras.com\/site\/joao-pessoa-prega-a-volta-dos-velhos-e-tradicionais-reinados-momescos\/","title":{"rendered":"Jo\u00e3o Pessoa prega a volta dos velhos e tradicionais reinados momescos"},"content":{"rendered":"<p>A C\u00e2mara Municipal de Jo\u00e3o Pessoa sess\u00e3o especial para debater o carnaval tradi\u00e7\u00e3o de Jo\u00e3o Pessoa. A solenidade reuniu representantes de agremia\u00e7\u00f5es carnavalescas da cidade e foi proposta pelo vereador Guguinha Moov Jampa (PSD).<\/p>\n<p>O parlamentar falou das motiva\u00e7\u00f5es para a realiza\u00e7\u00e3o da sess\u00e3o. &#8220;Buscamos, atrav\u00e9s da sess\u00e3o, discutir os problemas enfrentados pelo carnaval tradi\u00e7\u00e3o, visando, sobretudo, melhorias. Nada mais apropriado do que trazer essa discuss\u00e3o para a Casa do Povo, juntamente com os representantes das agremia\u00e7\u00f5es, a Funjope, a pr\u00f3pria Secretaria de Turismo e os vereadores para, juntos, discutirmos de que forma podemos melhorar&#8221;, afirmou Guguinha Moov Jampa.<\/p>\n<p>O vereador acrescentou ainda que uma das reivindica\u00e7\u00f5es das pessoas que fazem o carnaval tradi\u00e7\u00e3o \u00e9 o local em que \u00e9 realizado. &#8220;Sabemos que a avenida Duarte da Silveira j\u00e1 \u00e9 um local tradicional, mas tamb\u00e9m entendemos que a festa vem crescendo a cada ano e j\u00e1 \u00e9 o momento de pensar em um espa\u00e7o maior para sua realiza\u00e7\u00e3o&#8221;, destacou.<\/p>\n<p>O vereador Lu\u00eds da Padaria (Agir) falou que \u00e9 preciso dialogar com a Prefeitura, j\u00e1 este ano, para planejar o carnaval de 2026. &#8220;\u00c9 preciso que a verba da Prefeitura j\u00e1 seja liberada em dezembro para que a organiza\u00e7\u00e3o da festa seja feita, e que em janeiro seja liberada outra parte para que a festa aconte\u00e7a e as pessoas possam ver o resultado do investimento, que \u00e9 uma festa bonita. Se a agremia\u00e7\u00e3o n\u00e3o receber a subven\u00e7\u00e3o de maneira antecipada, n\u00e3o tem como realizar um bom e bonito carnaval&#8221;, colocou.<\/p>\n<p>&#8220;\u00c9 importante ter um carnaval voltado para nossa popula\u00e7\u00e3o, para quem n\u00e3o tem condi\u00e7\u00f5es de viajar passar o per\u00edodo carnavalesco em Jo\u00e3o Pessoa. Esse \u00e9 o nosso papel, lutar para fortalecer o carnaval tradi\u00e7\u00e3o. Para quem est\u00e1 l\u00e1 na ponta, produzindo, \u00e9 um ato de resist\u00eancia&#8221;, disse a vereadora Jailma Carvalho (PSB).<\/p>\n<p>Por sua vez, o vereador Guga Pet (PP) defendeu a import\u00e2ncia que o carnaval possui para os bairros, pois movimenta toda uma cadeia produtiva. &#8220;S\u00e3o as costureiras, mas tamb\u00e9m o vendedor de churrasquinho. Todo o com\u00e9rcio do bairro \u00e9 movimentado com o carnaval. O que precisamos \u00e9 da uni\u00e3o de todos para melhorar ainda mais a festa&#8221;, disse.<\/p>\n<p>&#8220;Gostaria de parabenizar o vereador Guguinha Moov Jampa pela iniciativa de realizar a sess\u00e3o, que conseguiu trazer, da esfera municipal, o ente estadual e o ente federal, representado pelos impostos que pagamos e os programas que o governo federal oferece&#8221;, destacou o vereador F\u00e1bio Lopes (PL).<\/p>\n<p>Rivaldo Dias, representante da Funjope, afirmou que a Prefeitura de Jo\u00e3o Pessoa, atrav\u00e9s da Funjope, vem valorizando, ao longo dos \u00faltimos quatro anos, o carnaval tradi\u00e7\u00e3o e outras culturas tamb\u00e9m. &#8220;\u00c9 um trabalho de valoriza\u00e7\u00e3o que n\u00e3o se reverte apenas em n\u00fameros e investimentos, mas tamb\u00e9m em muita conversa, di\u00e1logo e discuss\u00f5es, como forma de melhorar o carnaval tradi\u00e7\u00e3o. No entanto, existem coisas que n\u00e3o dependem apenas do poder p\u00fablico&#8221;, opinou.<\/p>\n","protected":false},"excerpt":{"rendered":"<p>A C\u00e2mara Municipal de Jo\u00e3o Pessoa sess\u00e3o especial para debater o carnaval tradi\u00e7\u00e3o de Jo\u00e3o Pessoa. A solenidade reuniu representantes de agremia\u00e7\u00f5es carnavalescas da cidade e foi proposta pelo vereador Guguinha Moov Jampa (PSD). O parlamentar falou das motiva\u00e7\u00f5es para a realiza\u00e7\u00e3o da sess\u00e3o. &#8220;Buscamos, atrav\u00e9s da sess\u00e3o, discutir os problemas enfrentados pelo carnaval tradi\u00e7\u00e3o, [&hellip;]<\/p>\n","protected":false},"author":2,"featured_media":347810,"comment_status":"closed","ping_status":"closed","sticky":false,"template":"","format":"standard","meta":{"_acf_changed":false,"footnotes":""},"categories":[165],"tags":[],"class_list":["post-347809","post","type-post","status-publish","format-standard","has-post-thumbnail","hentry","category-nordeste"],"acf":[],"_links":{"self":[{"href":"https:\/\/www.notibras.com\/site\/wp-json\/wp\/v2\/posts\/347809","targetHints":{"allow":["GET"]}}],"collection":[{"href":"https:\/\/www.notibras.com\/site\/wp-json\/wp\/v2\/posts"}],"about":[{"href":"https:\/\/www.notibras.com\/site\/wp-json\/wp\/v2\/types\/post"}],"author":[{"embeddable":true,"href":"https:\/\/www.notibras.com\/site\/wp-json\/wp\/v2\/users\/2"}],"replies":[{"embeddable":true,"href":"https:\/\/www.notibras.com\/site\/wp-json\/wp\/v2\/comments?post=347809"}],"version-history":[{"count":2,"href":"https:\/\/www.notibras.com\/site\/wp-json\/wp\/v2\/posts\/347809\/revisions"}],"predecessor-version":[{"id":347816,"href":"https:\/\/www.notibras.com\/site\/wp-json\/wp\/v2\/posts\/347809\/revisions\/347816"}],"wp:featuredmedia":[{"embeddable":true,"href":"https:\/\/www.notibras.com\/site\/wp-json\/wp\/v2\/media\/347810"}],"wp:attachment":[{"href":"https:\/\/www.notibras.com\/site\/wp-json\/wp\/v2\/media?parent=347809"}],"wp:term":[{"taxonomy":"category","embeddable":true,"href":"https:\/\/www.notibras.com\/site\/wp-json\/wp\/v2\/categories?post=347809"},{"taxonomy":"post_tag","embeddable":true,"href":"https:\/\/www.notibras.com\/site\/wp-json\/wp\/v2\/tags?post=347809"}],"curies":[{"name":"wp","href":"https:\/\/api.w.org\/{rel}","templated":true}]}}