{"id":347820,"date":"2025-02-13T06:22:51","date_gmt":"2025-02-13T09:22:51","guid":{"rendered":"https:\/\/www.notibras.com\/site\/?p=347820"},"modified":"2025-02-13T06:22:51","modified_gmt":"2025-02-13T09:22:51","slug":"brb-lanca-ciclo-de-encontros-sobre-inovacao-e-mobilidade-urbana","status":"publish","type":"post","link":"https:\/\/www.notibras.com\/site\/brb-lanca-ciclo-de-encontros-sobre-inovacao-e-mobilidade-urbana\/","title":{"rendered":"BRB lan\u00e7a ciclo de encontros sobre inova\u00e7\u00e3o e mobilidade urbana"},"content":{"rendered":"<p>O Banco BRB dar\u00e1 in\u00edcio no dia 18 de fevereiro, a uma s\u00e9rie de a\u00e7\u00f5es mensais sobre inova\u00e7\u00e3o e tecnologia, com o encontro Transformando o Futuro da Mobilidade Urbana. O evento gratuito ocorrer\u00e1 no audit\u00f3rio do polo de inova\u00e7\u00e3o do BRB \u2013 BRBLAB, localizado no Parque Tecnol\u00f3gico de Bras\u00edlia (Biotic), das 14h \u00e0s 17h. Estar\u00e3o presentes especialistas, gestores p\u00fablicos e representantes do setor privado para discutir como a tecnologia est\u00e1 transformando o planejamento urbano, a mobilidade e a qualidade de vida nas cidades.<\/p>\n<p>Presidente do BRB, Paulo Henrique Costa, aponta que a promo\u00e7\u00e3o de debates com a participa\u00e7\u00e3o da sociedade reflete o compromisso do banco com a moderniza\u00e7\u00e3o dos servi\u00e7os urbanos e a constru\u00e7\u00e3o de cidades mais inteligentes e sustent\u00e1veis.<\/p>\n<p>\u201cAl\u00e9m de se destacar como protagonista na promo\u00e7\u00e3o de inova\u00e7\u00e3o e digitaliza\u00e7\u00e3o no setor financeiro, o BRB investe no desenvolvimento de solu\u00e7\u00f5es para a moderniza\u00e7\u00e3o das cidades e do transporte urbano. As jornadas de tecnologia e inova\u00e7\u00e3o representam mais uma a\u00e7\u00e3o em prol do fortalecimento do papel do BRB na transforma\u00e7\u00e3o digital do DF. Esse \u00e9 um passo importante na consolida\u00e7\u00e3o do BRBLAB como um hub de inova\u00e7\u00e3o, para promover intera\u00e7\u00e3o entre startups e especialistas do setor urbano\u201d, afirma o presidente do banco.<\/p>\n<p>Com uma programa\u00e7\u00e3o diversificada, o evento ter\u00e1 tr\u00eas pain\u00e9is de discuss\u00e3o: Cidades inteligentes e mobilidade do futuro, com Zeno Gon\u00e7alves, secret\u00e1rio de Transporte e Mobilidade do DF, e Leonardo Reisman, secret\u00e1rio de Ci\u00eancia, Tecnologia e Inova\u00e7\u00e3o do DF; Transforma\u00e7\u00e3o digital e Integra\u00e7\u00e3o Modal, com Julio Ramos, diretor-executivo para Mobilidade Urbana da Visa do Brasil; e BRB e a mobilidade do DF, com Saulo Nacif, superintendente de Mobilidade do BRB.<\/p>\n<p>O evento Transformando o Futuro da Mobilidade Urbana ter\u00e1 tr\u00eas pain\u00e9is de discuss\u00e3o com a presen\u00e7a de secret\u00e1rios de governo e de empres\u00e1rios | Foto: Divulga\u00e7\u00e3o\/BRB<\/p>\n<p>\u201cAo fim do evento haver\u00e1 sess\u00e3o de perguntas e debate entre os participantes, abordando os principais temas sobre a evolu\u00e7\u00e3o da mobilidade e as tend\u00eancias para as cidades inteligentes\u201d, adianta Paulo Henrique.<\/p>\n<p><strong>Mobilidade urbana<\/strong><br \/>\nO BRB tem se destacado como um importante agente na promo\u00e7\u00e3o da mobilidade urbana por meio do BRB Mobilidade, servi\u00e7o que, desde novembro de 2019, integra o transporte p\u00fablico do Distrito Federal e colabora, por meio da inova\u00e7\u00e3o, para a melhoria de processos que impactaram positivamente os usu\u00e1rios.<\/p>\n<p>As pr\u00f3ximas entregas previstas pelo BRB Mobilidade envolvem o projeto em parceria com a Visa com o objetivo de melhorar a experi\u00eancia do cidad\u00e3o na utiliza\u00e7\u00e3o dos canais de mobilidade urbana do DF e transformar Bras\u00edlia em uma cidade inteligente, facilitando a vida dos moradores e turistas.<\/p>\n<p>Por meio da parceria, ser\u00e1 desenvolvida plataforma online integrada aos demais servi\u00e7os de transporte dispon\u00edveis na cidade, em que os usu\u00e1rios poder\u00e3o escolher entre diferentes modos de transporte para sua jornada e adaptar seu percurso \u00e0s necessidades de cada trajeto.<\/p>\n","protected":false},"excerpt":{"rendered":"<p>O Banco BRB dar\u00e1 in\u00edcio no dia 18 de fevereiro, a uma s\u00e9rie de a\u00e7\u00f5es mensais sobre inova\u00e7\u00e3o e tecnologia, com o encontro Transformando o Futuro da Mobilidade Urbana. O evento gratuito ocorrer\u00e1 no audit\u00f3rio do polo de inova\u00e7\u00e3o do BRB \u2013 BRBLAB, localizado no Parque Tecnol\u00f3gico de Bras\u00edlia (Biotic), das 14h \u00e0s 17h. Estar\u00e3o [&hellip;]<\/p>\n","protected":false},"author":2,"featured_media":347821,"comment_status":"closed","ping_status":"closed","sticky":false,"template":"","format":"standard","meta":{"_acf_changed":false,"footnotes":""},"categories":[161],"tags":[],"class_list":["post-347820","post","type-post","status-publish","format-standard","has-post-thumbnail","hentry","category-quadradinho-em-foco"],"acf":[],"_links":{"self":[{"href":"https:\/\/www.notibras.com\/site\/wp-json\/wp\/v2\/posts\/347820","targetHints":{"allow":["GET"]}}],"collection":[{"href":"https:\/\/www.notibras.com\/site\/wp-json\/wp\/v2\/posts"}],"about":[{"href":"https:\/\/www.notibras.com\/site\/wp-json\/wp\/v2\/types\/post"}],"author":[{"embeddable":true,"href":"https:\/\/www.notibras.com\/site\/wp-json\/wp\/v2\/users\/2"}],"replies":[{"embeddable":true,"href":"https:\/\/www.notibras.com\/site\/wp-json\/wp\/v2\/comments?post=347820"}],"version-history":[{"count":1,"href":"https:\/\/www.notibras.com\/site\/wp-json\/wp\/v2\/posts\/347820\/revisions"}],"predecessor-version":[{"id":347822,"href":"https:\/\/www.notibras.com\/site\/wp-json\/wp\/v2\/posts\/347820\/revisions\/347822"}],"wp:featuredmedia":[{"embeddable":true,"href":"https:\/\/www.notibras.com\/site\/wp-json\/wp\/v2\/media\/347821"}],"wp:attachment":[{"href":"https:\/\/www.notibras.com\/site\/wp-json\/wp\/v2\/media?parent=347820"}],"wp:term":[{"taxonomy":"category","embeddable":true,"href":"https:\/\/www.notibras.com\/site\/wp-json\/wp\/v2\/categories?post=347820"},{"taxonomy":"post_tag","embeddable":true,"href":"https:\/\/www.notibras.com\/site\/wp-json\/wp\/v2\/tags?post=347820"}],"curies":[{"name":"wp","href":"https:\/\/api.w.org\/{rel}","templated":true}]}}