{"id":347823,"date":"2025-02-13T00:08:00","date_gmt":"2025-02-13T03:08:00","guid":{"rendered":"https:\/\/www.notibras.com\/site\/?p=347823"},"modified":"2025-02-13T06:29:36","modified_gmt":"2025-02-13T09:29:36","slug":"nova-ferramenta-identifica-focos-e-planeja-acoes-contra-a-dengue","status":"publish","type":"post","link":"https:\/\/www.notibras.com\/site\/nova-ferramenta-identifica-focos-e-planeja-acoes-contra-a-dengue\/","title":{"rendered":"Nova ferramenta identifica focos e planeja a\u00e7\u00f5es contra a dengue"},"content":{"rendered":"<p>A Secretaria de Sa\u00fade modernizou uma das principais ferramentas para planejamento das a\u00e7\u00f5es contra a dengue. O Levantamento R\u00e1pido de \u00cdndices para o Aedes aegypti (LIRAa), que agora tem a sua vers\u00e3o em painel eletr\u00f4nico online, com atualiza\u00e7\u00e3o mais r\u00e1pida. Os dados de janeiro de 2025, por exemplo, j\u00e1 est\u00e3o dispon\u00edveis.<\/p>\n<p>\u201cO LIRAa \u00e9 uma ferramenta estrat\u00e9gica para definirmos quais \u00e1reas do DF necessitam de maior aten\u00e7\u00e3o. Com o novo painel online, conseguimos atuar com maior celeridade entre a coleta de dados e as atividades de combate ao mosquito\u201d, explica a secret\u00e1ria de Sa\u00fade, Lucilene Flor\u00eancio. A pasta organiza a\u00e7\u00f5es como visita de agentes, borrifa\u00e7\u00e3o intradomiciliar, instala\u00e7\u00e3o de ovitrampas e de esta\u00e7\u00f5es disseminadores de larvicidas, uso do fumac\u00ea, al\u00e9m de iniciativas educativas.<\/p>\n<p>No ambiente virtual, \u00e9 poss\u00edvel verificar o \u00cdndice de Infesta\u00e7\u00e3o Predial (IIP) em cada regi\u00e3o administrativa, que \u00e9 o percentual de im\u00f3veis onde foram encontradas larvas do mosquito Aedes aegypti. H\u00e1, ainda, o levantamento do tipo de criadouro (dep\u00f3sito) mais utilizado pelo mosquito, como potes, pneus, vasos ou plantas. A ferramenta tamb\u00e9m apresenta dados por meio de mapas interativos que s\u00e3o usados em diferentes etapas de planejamento das a\u00e7\u00f5es de preven\u00e7\u00e3o e controle do inseto.<\/p>\n<p>\u201cConseguimos, em tempo oportuno, verificar as \u00e1reas com maior \u00edndice de infesta\u00e7\u00e3o para atuar nesses locais. A partir dos resultados, as equipes j\u00e1 podem iniciar o ciclo de visita\u00e7\u00e3o para a elimina\u00e7\u00e3o de criadouros\u201d, detalha a diretora de Vigil\u00e2ncia Ambiental em Sa\u00fade (Dival) da SES-DF, Kenia Cristina de Oliveira. Os dados tamb\u00e9m s\u00e3o utilizados para as a\u00e7\u00f5es conjuntas com outros \u00f3rg\u00e3os governamentais, como as administra\u00e7\u00f5es regionais e o Servi\u00e7o de Limpeza Urbana (SLU).<\/p>\n<p><strong>Painel atualizado<\/strong><br \/>\nO painel online do LIRAa j\u00e1 traz os dados do levantamento realizado em janeiro de 2025. Os agentes de vigil\u00e2ncia ambiental da SES-DF visitaram 26.214 im\u00f3veis, sendo que em 852 (2,88%) foram encontradas larvas do Aedes aegypti.<\/p>\n<p>O Lago Norte foi a regi\u00e3o administrativa com o maior \u00edndice de infesta\u00e7\u00e3o: 10,48%, seguido por Sobradinho (6,43%), Arapoanga (5,87%), Itapo\u00e3 (5,49%) e Taguatinga (4,33%). Por outro lado, no SIA, no Riacho Fundo e em \u00c1guas Claras n\u00e3o foram encontradas larvas em nenhum im\u00f3vel visitado.<\/p>\n","protected":false},"excerpt":{"rendered":"<p>A Secretaria de Sa\u00fade modernizou uma das principais ferramentas para planejamento das a\u00e7\u00f5es contra a dengue. O Levantamento R\u00e1pido de \u00cdndices para o Aedes aegypti (LIRAa), que agora tem a sua vers\u00e3o em painel eletr\u00f4nico online, com atualiza\u00e7\u00e3o mais r\u00e1pida. Os dados de janeiro de 2025, por exemplo, j\u00e1 est\u00e3o dispon\u00edveis. \u201cO LIRAa \u00e9 uma [&hellip;]<\/p>\n","protected":false},"author":2,"featured_media":347824,"comment_status":"closed","ping_status":"closed","sticky":false,"template":"","format":"standard","meta":{"_acf_changed":false,"footnotes":""},"categories":[161],"tags":[],"class_list":["post-347823","post","type-post","status-publish","format-standard","has-post-thumbnail","hentry","category-quadradinho-em-foco"],"acf":[],"_links":{"self":[{"href":"https:\/\/www.notibras.com\/site\/wp-json\/wp\/v2\/posts\/347823","targetHints":{"allow":["GET"]}}],"collection":[{"href":"https:\/\/www.notibras.com\/site\/wp-json\/wp\/v2\/posts"}],"about":[{"href":"https:\/\/www.notibras.com\/site\/wp-json\/wp\/v2\/types\/post"}],"author":[{"embeddable":true,"href":"https:\/\/www.notibras.com\/site\/wp-json\/wp\/v2\/users\/2"}],"replies":[{"embeddable":true,"href":"https:\/\/www.notibras.com\/site\/wp-json\/wp\/v2\/comments?post=347823"}],"version-history":[{"count":1,"href":"https:\/\/www.notibras.com\/site\/wp-json\/wp\/v2\/posts\/347823\/revisions"}],"predecessor-version":[{"id":347825,"href":"https:\/\/www.notibras.com\/site\/wp-json\/wp\/v2\/posts\/347823\/revisions\/347825"}],"wp:featuredmedia":[{"embeddable":true,"href":"https:\/\/www.notibras.com\/site\/wp-json\/wp\/v2\/media\/347824"}],"wp:attachment":[{"href":"https:\/\/www.notibras.com\/site\/wp-json\/wp\/v2\/media?parent=347823"}],"wp:term":[{"taxonomy":"category","embeddable":true,"href":"https:\/\/www.notibras.com\/site\/wp-json\/wp\/v2\/categories?post=347823"},{"taxonomy":"post_tag","embeddable":true,"href":"https:\/\/www.notibras.com\/site\/wp-json\/wp\/v2\/tags?post=347823"}],"curies":[{"name":"wp","href":"https:\/\/api.w.org\/{rel}","templated":true}]}}